{"id":79201,"date":"2017-05-29T06:00:18","date_gmt":"2017-05-29T10:00:18","guid":{"rendered":"http:\/\/www.eltrabajo.cl\/2017\/?p=79201"},"modified":"2017-05-29T06:00:18","modified_gmt":"2017-05-29T10:00:18","slug":"omil-san-felipe-inscribio-a-mas-de-100-inmigrantes-que-buscan-trabajo","status":"publish","type":"post","link":"https:\/\/eltrabajo.cl\/portal\/omil-san-felipe-inscribio-a-mas-de-100-inmigrantes-que-buscan-trabajo\/","title":{"rendered":"Omil San Felipe inscribi\u00f3 a m\u00e1s de 100 inmigrantes que buscan trabajo"},"content":{"rendered":"<figure id=\"attachment_79202\" aria-describedby=\"caption-attachment-79202\" style=\"width: 580px\" class=\"wp-caption alignnone\"><img data-recalc-dims=\"1\" loading=\"lazy\" decoding=\"async\" class=\"size-full wp-image-79202\" src=\"https:\/\/i0.wp.com\/www.eltrabajo.cl\/2017\/wp-content\/uploads\/2017\/05\/Marianjel.jpg?resize=580%2C349\" alt=\"Cristi\u00e1n Marianjel, Gestor Territorial de la Omil San Felipe.\" width=\"580\" height=\"349\" srcset=\"https:\/\/i0.wp.com\/eltrabajo.cl\/portal\/wp-content\/uploads\/2017\/05\/Marianjel.jpg?w=580&amp;ssl=1 580w, https:\/\/i0.wp.com\/eltrabajo.cl\/portal\/wp-content\/uploads\/2017\/05\/Marianjel.jpg?resize=200%2C120&amp;ssl=1 200w, https:\/\/i0.wp.com\/eltrabajo.cl\/portal\/wp-content\/uploads\/2017\/05\/Marianjel.jpg?resize=300%2C181&amp;ssl=1 300w, https:\/\/i0.wp.com\/eltrabajo.cl\/portal\/wp-content\/uploads\/2017\/05\/Marianjel.jpg?resize=249%2C150&amp;ssl=1 249w, https:\/\/i0.wp.com\/eltrabajo.cl\/portal\/wp-content\/uploads\/2017\/05\/Marianjel.jpg?resize=400%2C241&amp;ssl=1 400w\" sizes=\"auto, (max-width: 580px) 100vw, 580px\" \/><figcaption id=\"caption-attachment-79202\" class=\"wp-caption-text\">Cristi\u00e1n Marianjel, Gestor Territorial de la Omil San Felipe.<\/figcaption><\/figure>\n<ul>\n<li><strong><span style=\"color: #ff0000;\">Muchos de ellos son profesionales:<\/span>\u00a0Situaci\u00f3n laboral en San Felipe y Aconcagua es compleja durante esta \u00e9poca del a\u00f1o y se ha visto acentuada con el aumento de mano de obra extranjera.\u00a0<\/strong><\/li>\n<\/ul>\n<p>M\u00e9dicos, abogados, profesores y personas que se han desempe\u00f1ado en distintos rubros agr\u00edcolas y en el \u00e1rea de la construcci\u00f3n, est\u00e1n dentro de los 130 inmigrantes que se encuentran inscritos en la Oficina Municipal de Intermediaci\u00f3n Laboral, Omil, San Felipe.<br \/>\nSon alrededor de 115 haitianos y el resto de otras nacionalidades, todos con habilitaci\u00f3n legal para laborar en suelo chileno, quienes esperan se les brinde una oportunidad laboral para poder extender su permanencia en el pa\u00eds.<br \/>\nAs\u00ed lo dio a conocer Cristi\u00e1n Marianjel, gestor territorial de la Omil San Felipe, quien detall\u00f3 que \u00abvienen con Visa de turista, muchos tienen c\u00e9dula de identidad chilena y cuentan con su Visa temporal, que es por un a\u00f1o, hay profesionales con estudios superiores completos, por lo tanto est\u00e1n capacitados para desarrollar diversos oficios en la comuna\u00bb, sostuvo el funcionario.<br \/>\nRespecto de cu\u00e1les son las principales complicaciones que se presentan al momento de ofrecer mano de obra extranjera, Marianjel apunt\u00f3 que \u00abtenemos una dificultad principal que es el idioma y lo otro es que las empresas trabajan con muchos sistemas computacionales que requieren que tengan c\u00e9dula de identidad, los inmigrantes necesitan un contrato aunque sea a plazo fijo para poder solicitar su permanencia en el pa\u00eds y su autorizaci\u00f3n laboral, por eso es necesario que las empresas y los empleadores que contraten, le hagan el contrato de trabajo como corresponde y ellos puedan cotizar como cualquier otro ciudadano\u00bb, enfatiz\u00f3 Marianjel<br \/>\nEn ese contexto, el profesional asegur\u00f3 que la oficina de Extranjer\u00eda de la Gobernaci\u00f3n Provincial de San Felipe, est\u00e1 abierta a orientar a los inmigrantes y a los empresarios en materia relacionada con contrataci\u00f3n de personal: \u00abNo requiere mayores tr\u00e1mites, es bastante sencillo, s\u00ed los plazos de espera son un poco largos, pero no es algo tan engorroso como la mayor\u00eda de la gente cree\u00bb, expuso.<\/p>\n<p><strong>NO HAY EMPLEO<\/strong><br \/>\nEn t\u00e9rminos de la situaci\u00f3n laboral que enfrenta San Felipe durante esta \u00e9poca del a\u00f1o, Marianjel reconoci\u00f3 que es una etapa cr\u00edtica, en la que la demanda laboral supera la oferta de trabajo, hecho que se ha agudizado en esta oportunidad debido a la necesidad de empleo que presentan los inmigrantes<br \/>\n\u00abSan Felipe se caracteriza por ser una zona agr\u00edcola, y por lo tanto en esta \u00e9poca del a\u00f1o baja mucho lo que es la situaci\u00f3n del empleo, tenemos que sumar tambi\u00e9n que ha llegado una gran cantidad de mano de obra extranjera, por lo tanto la oferta laboral para las personas que habitan la comuna de San Felipe ha disminuido bastante. Dentro de lo que nosotros en la Omil hemos podido visualizar, la situaci\u00f3n laboral va a estar un poco lenta durante estos meses, esperando que repunte durante el verano, dependemos eso s\u00ed, que las empresas quieran contratar gente de la comuna, que visualicen que en San Felipe hay personas que est\u00e1n capacitadas, habilitadas y que pueden satisfacer perfectamente sus demandas de mano de obra\u00bb, concluy\u00f3 el profesional.<\/p>\n","protected":false},"excerpt":{"rendered":"<p>Muchos de ellos son profesionales:\u00a0Situaci\u00f3n laboral en San Felipe y Aconcagua es compleja durante esta \u00e9poca del a\u00f1o y se ha visto acentuada con el aumento de mano de obra extranjera.\u00a0 M\u00e9dicos,&#8230;<\/p>\n","protected":false},"author":482,"featured_media":79202,"comment_status":"open","ping_status":"open","sticky":false,"template":"","format":"standard","meta":{"advanced_seo_description":"","jetpack_seo_html_title":"","jetpack_seo_noindex":false,"_jetpack_memberships_contains_paid_content":false,"footnotes":""},"categories":[1],"tags":[],"class_list":["post-79201","post","type-post","status-publish","format-standard","has-post-thumbnail","hentry","category-cronica"],"jetpack_featured_media_url":"https:\/\/i0.wp.com\/eltrabajo.cl\/portal\/wp-content\/uploads\/2017\/05\/Marianjel.jpg?fit=580%2C349&ssl=1","jetpack_sharing_enabled":true,"jetpack_likes_enabled":true,"jetpack-related-posts":[],"_links":{"self":[{"href":"https:\/\/eltrabajo.cl\/portal\/wp-json\/wp\/v2\/posts\/79201","targetHints":{"allow":["GET"]}}],"collection":[{"href":"https:\/\/eltrabajo.cl\/portal\/wp-json\/wp\/v2\/posts"}],"about":[{"href":"https:\/\/eltrabajo.cl\/portal\/wp-json\/wp\/v2\/types\/post"}],"author":[{"embeddable":true,"href":"https:\/\/eltrabajo.cl\/portal\/wp-json\/wp\/v2\/users\/482"}],"replies":[{"embeddable":true,"href":"https:\/\/eltrabajo.cl\/portal\/wp-json\/wp\/v2\/comments?post=79201"}],"version-history":[{"count":0,"href":"https:\/\/eltrabajo.cl\/portal\/wp-json\/wp\/v2\/posts\/79201\/revisions"}],"wp:featuredmedia":[{"embeddable":true,"href":"https:\/\/eltrabajo.cl\/portal\/wp-json\/wp\/v2\/media\/79202"}],"wp:attachment":[{"href":"https:\/\/eltrabajo.cl\/portal\/wp-json\/wp\/v2\/media?parent=79201"}],"wp:term":[{"taxonomy":"category","embeddable":true,"href":"https:\/\/eltrabajo.cl\/portal\/wp-json\/wp\/v2\/categories?post=79201"},{"taxonomy":"post_tag","embeddable":true,"href":"https:\/\/eltrabajo.cl\/portal\/wp-json\/wp\/v2\/tags?post=79201"}],"curies":[{"name":"wp","href":"https:\/\/api.w.org\/{rel}","templated":true}]}}