{"id":79204,"date":"2017-05-29T06:01:37","date_gmt":"2017-05-29T10:01:37","guid":{"rendered":"http:\/\/www.eltrabajo.cl\/2017\/?p=79204"},"modified":"2017-05-29T06:01:37","modified_gmt":"2017-05-29T10:01:37","slug":"concejo-municipal-de-putaendo-pide-mas-dotacion-de-carabineros","status":"publish","type":"post","link":"https:\/\/eltrabajo.cl\/portal\/concejo-municipal-de-putaendo-pide-mas-dotacion-de-carabineros\/","title":{"rendered":"Concejo Municipal de Putaendo pide m\u00e1s dotaci\u00f3n de Carabineros"},"content":{"rendered":"<figure id=\"attachment_79205\" aria-describedby=\"caption-attachment-79205\" style=\"width: 580px\" class=\"wp-caption alignnone\"><img data-recalc-dims=\"1\" loading=\"lazy\" decoding=\"async\" class=\"size-full wp-image-79205\" src=\"https:\/\/i0.wp.com\/www.eltrabajo.cl\/2017\/wp-content\/uploads\/2017\/05\/Concejo-Putaendo.jpg?resize=580%2C349\" alt=\"En sesi\u00f3n extraordinaria donde estuvo presente el prefecto de Aconcagua, coronel Pablo Salgado Dur\u00e1n, los ediles manifestaron su preocupaci\u00f3n ante el aumento de hechos delictivos en la comuna.\" width=\"580\" height=\"349\" srcset=\"https:\/\/i0.wp.com\/eltrabajo.cl\/portal\/wp-content\/uploads\/2017\/05\/Concejo-Putaendo.jpg?w=580&amp;ssl=1 580w, https:\/\/i0.wp.com\/eltrabajo.cl\/portal\/wp-content\/uploads\/2017\/05\/Concejo-Putaendo.jpg?resize=200%2C120&amp;ssl=1 200w, https:\/\/i0.wp.com\/eltrabajo.cl\/portal\/wp-content\/uploads\/2017\/05\/Concejo-Putaendo.jpg?resize=300%2C181&amp;ssl=1 300w, https:\/\/i0.wp.com\/eltrabajo.cl\/portal\/wp-content\/uploads\/2017\/05\/Concejo-Putaendo.jpg?resize=249%2C150&amp;ssl=1 249w, https:\/\/i0.wp.com\/eltrabajo.cl\/portal\/wp-content\/uploads\/2017\/05\/Concejo-Putaendo.jpg?resize=400%2C241&amp;ssl=1 400w\" sizes=\"auto, (max-width: 580px) 100vw, 580px\" \/><figcaption id=\"caption-attachment-79205\" class=\"wp-caption-text\">En sesi\u00f3n extraordinaria donde estuvo presente el prefecto de Aconcagua, coronel Pablo Salgado Dur\u00e1n, los ediles manifestaron su preocupaci\u00f3n ante el aumento de hechos delictivos en la comuna.<\/figcaption><\/figure>\n<p>En sesi\u00f3n extraordinaria donde estuvo presente el prefecto de Aconcagua, coronel Pablo Salgado Dur\u00e1n, los ediles manifestaron su preocupaci\u00f3n ante el aumento de hechos delictivos en la comuna. Es por ello que la semana pasada el Concejo Municipal de Putaendo se reuni\u00f3 con el prefecto de Carabineros de Aconcagua, coronel Pablo Salgado Dur\u00e1n; el comisario de Carabineros de San Felipe, mayor H\u00e9ctor Soto, y el jefe de la Tenencia de Carabineros de Putaendo, subteniente Marcelo Gonz\u00e1lez.<br \/>\nEn el encuentro, que tambi\u00e9n participaron dirigentes sociales, el alcalde Guillermo Reyes Cortez y los ediles, se expusieron diferentes inquietudes sobre el aumento de los niveles de inseguridad y delincuencia en la comuna. El Concejo y la comunidad organizada pidieron al Coronel Salgado aumentar la dotaci\u00f3n de Carabineros para Putaendo.<br \/>\n\u00abSentimos que falta presencia policial, considerando que Putaendo es una de las comunas m\u00e1s extensas de la provincia y de la regi\u00f3n. Entendemos que Carabineros tiene dificultades para recibir m\u00e1s dotaci\u00f3n, pero tambi\u00e9n nosotros planteamos que hay situaciones y delitos graves \u00faltimamente, con tiroteos, persecuciones, con asaltos en el sector precordillerano y, al parecer, una conexi\u00f3n de la droga desde la provincia de Petorca hacia Aconcagua\u00bb, plante\u00f3 la m\u00e1xima autoridad comunal.<br \/>\nPor su parte, la instituci\u00f3n explic\u00f3 que la dotaci\u00f3n actual responde a diferentes par\u00e1metros de nivel nacional, entre los cuales se cuentan el n\u00famero de denuncias en la comuna. Existe una situaci\u00f3n en Putaendo, donde la poblaci\u00f3n acusa diferentes il\u00edcitos, como el aumento de robos a lugares no habitados, pero no hace la denuncia correspondiente en los retenes o en la Tenencia.<br \/>\nEn este sentido, el Concejo y Carabineros realizaron un llamado a la comunidad a denunciar los actos de delincuencia. De esta forma, existir\u00e1 un motivo tangible para aumentar la dotaci\u00f3n policial en la comuna.<br \/>\nPor otro lado, el Concejo Municipal y vecinos de Rinconada de Silva, plantearon la necesidad de tener un ret\u00e9n en su sector e, incluso, entregaron la escritura de un terreno donado para albergar dichas instalaciones. Carabineros analizar\u00e1 la situaci\u00f3n.<br \/>\nAdem\u00e1s, se espera que el nuevo Ret\u00e9n M\u00f3vil que adquiri\u00f3 la comuna pueda realizar diferentes rondas por sectores urbanos y rurales donde no existan inmuebles policiales. Existir\u00e1 mayor coordinaci\u00f3n conjunta al respecto.<\/p>\n","protected":false},"excerpt":{"rendered":"<p>En sesi\u00f3n extraordinaria donde estuvo presente el prefecto de Aconcagua, coronel Pablo Salgado Dur\u00e1n, los ediles manifestaron su preocupaci\u00f3n ante el aumento de hechos delictivos en la comuna. Es por ello que&#8230;<\/p>\n","protected":false},"author":482,"featured_media":79205,"comment_status":"open","ping_status":"open","sticky":false,"template":"","format":"standard","meta":{"advanced_seo_description":"","jetpack_seo_html_title":"","jetpack_seo_noindex":false,"_jetpack_memberships_contains_paid_content":false,"footnotes":""},"categories":[1],"tags":[],"class_list":["post-79204","post","type-post","status-publish","format-standard","has-post-thumbnail","hentry","category-cronica"],"jetpack_featured_media_url":"https:\/\/i0.wp.com\/eltrabajo.cl\/portal\/wp-content\/uploads\/2017\/05\/Concejo-Putaendo.jpg?fit=580%2C349&ssl=1","jetpack_sharing_enabled":true,"jetpack_likes_enabled":true,"jetpack-related-posts":[],"_links":{"self":[{"href":"https:\/\/eltrabajo.cl\/portal\/wp-json\/wp\/v2\/posts\/79204","targetHints":{"allow":["GET"]}}],"collection":[{"href":"https:\/\/eltrabajo.cl\/portal\/wp-json\/wp\/v2\/posts"}],"about":[{"href":"https:\/\/eltrabajo.cl\/portal\/wp-json\/wp\/v2\/types\/post"}],"author":[{"embeddable":true,"href":"https:\/\/eltrabajo.cl\/portal\/wp-json\/wp\/v2\/users\/482"}],"replies":[{"embeddable":true,"href":"https:\/\/eltrabajo.cl\/portal\/wp-json\/wp\/v2\/comments?post=79204"}],"version-history":[{"count":0,"href":"https:\/\/eltrabajo.cl\/portal\/wp-json\/wp\/v2\/posts\/79204\/revisions"}],"wp:featuredmedia":[{"embeddable":true,"href":"https:\/\/eltrabajo.cl\/portal\/wp-json\/wp\/v2\/media\/79205"}],"wp:attachment":[{"href":"https:\/\/eltrabajo.cl\/portal\/wp-json\/wp\/v2\/media?parent=79204"}],"wp:term":[{"taxonomy":"category","embeddable":true,"href":"https:\/\/eltrabajo.cl\/portal\/wp-json\/wp\/v2\/categories?post=79204"},{"taxonomy":"post_tag","embeddable":true,"href":"https:\/\/eltrabajo.cl\/portal\/wp-json\/wp\/v2\/tags?post=79204"}],"curies":[{"name":"wp","href":"https:\/\/api.w.org\/{rel}","templated":true}]}}