{"id":79207,"date":"2017-05-29T06:02:45","date_gmt":"2017-05-29T10:02:45","guid":{"rendered":"http:\/\/www.eltrabajo.cl\/2017\/?p=79207"},"modified":"2017-05-29T06:02:45","modified_gmt":"2017-05-29T10:02:45","slug":"masiva-convocatoria-logro-el-primer-festival-flotante-2017","status":"publish","type":"post","link":"https:\/\/eltrabajo.cl\/portal\/masiva-convocatoria-logro-el-primer-festival-flotante-2017\/","title":{"rendered":"Masiva convocatoria logr\u00f3 el primer Festival Flotante 2017"},"content":{"rendered":"<figure id=\"attachment_79211\" aria-describedby=\"caption-attachment-79211\" style=\"width: 580px\" class=\"wp-caption alignnone\"><img data-recalc-dims=\"1\" loading=\"lazy\" decoding=\"async\" class=\"size-full wp-image-79211\" src=\"https:\/\/i0.wp.com\/www.eltrabajo.cl\/2017\/wp-content\/uploads\/2017\/05\/Flotante4.jpg?resize=580%2C350\" alt=\"UN MERCADITO.- Hubo tiempo para regatear los precios y comprar as\u00ed artesan\u00edas, comidas y hasta libros usados y nuevos.\" width=\"580\" height=\"350\" srcset=\"https:\/\/i0.wp.com\/eltrabajo.cl\/portal\/wp-content\/uploads\/2017\/05\/Flotante4.jpg?w=580&amp;ssl=1 580w, https:\/\/i0.wp.com\/eltrabajo.cl\/portal\/wp-content\/uploads\/2017\/05\/Flotante4.jpg?resize=200%2C121&amp;ssl=1 200w, https:\/\/i0.wp.com\/eltrabajo.cl\/portal\/wp-content\/uploads\/2017\/05\/Flotante4.jpg?resize=300%2C181&amp;ssl=1 300w, https:\/\/i0.wp.com\/eltrabajo.cl\/portal\/wp-content\/uploads\/2017\/05\/Flotante4.jpg?resize=249%2C150&amp;ssl=1 249w, https:\/\/i0.wp.com\/eltrabajo.cl\/portal\/wp-content\/uploads\/2017\/05\/Flotante4.jpg?resize=400%2C241&amp;ssl=1 400w\" sizes=\"auto, (max-width: 580px) 100vw, 580px\" \/><figcaption id=\"caption-attachment-79211\" class=\"wp-caption-text\">UN MERCADITO.- Hubo tiempo para regatear los precios y comprar as\u00ed artesan\u00edas, comidas y hasta libros usados y nuevos.<\/figcaption><\/figure>\n<ul>\n<li><span style=\"color: #ff0000;\"><strong>Fiesta comunitaria se desarroll\u00f3 en Poblaci\u00f3n Bernardo Cruz:<\/strong><\/span><\/li>\n<\/ul>\n<p>Una masiva convocatoria fue la que se concret\u00f3 durante todo el d\u00eda s\u00e1bado en el sector Los Dinosaurios de Poblaci\u00f3n Bernardo Cruz, luego que uno grupo de vecinos encabezados por el joven Diego Mu\u00f1oz montaran un festival comunitario al aire libre. Esta actividad lleva el nombre Festival Flotante 2017, iniciativa que comprometi\u00f3 gran cantidad de vendedores informales de ropa, libros, juguetes, comidas t\u00edpicas, artistas gr\u00e1ficos, malabaristas, juegos infantiles y artesanos de distintas latitudes del Valle de Aconcagua.<br \/>\nLos elementos m\u00e1s potentes de este festival dicen relaci\u00f3n con un encuentro de muralistas y grafiteros del valle, quienes durante varios d\u00edas crearon exc\u00e9ntricas propuestas en las panderetas de la poblaci\u00f3n, as\u00ed como un conciertazo de bandas locales al aire libre.<\/p>\n<p><strong>FIESTA COMUNITARIA<\/strong><br \/>\nDiario El Trabajo realiz\u00f3 un amplio recorrido por este parque comunitario, a nuestro paso nos encontramos con much\u00edsimos artesanos y vecinos comprando sus productos. Esta propuesta comunitaria guarda tambi\u00e9n una relaci\u00f3n con la Direcci\u00f3n de Desarrollo Comunitario de la Municipalidad de San Felipe, ya que todo el montaje de sonido y otros elementos de log\u00edstica tambi\u00e9n fueron coordinados con la Dideco, a fin de que este festival dice desarrollara de la mejor manera.<br \/>\nNuestro medio habl\u00f3 con Diego Mu\u00f1oz, coordinador del Festival Muro Flotante 2017, \u00abeste es un festival comunitario que se logr\u00f3 desarrollar gracias a que nos movemos en una red comunitaria, estamos muy alegres porque logramos autoconvocarnos a disfrutar de un espacio que nos corresponde, es un festival para encontrarnos, tener comuni\u00f3n entre los vecinos y artistas, resaltamos tambi\u00e9n que son diez muralistas los que est\u00e1n creando sus murales en toda la poblaci\u00f3n, tambi\u00e9n tenemos unas seis bandas present\u00e1ndose, grupos musicales como Urlo, Spinazo Sk\u00e1, Aconc\u00e1\u00f1amo y La Timba Suena, entre otras\u00bb, dijo Mu\u00f1oz a Diario El Trabajo.<br \/>\nSeg\u00fan este joven organizador, fueron varias las bandas, comerciantes y grafiteros quienes le dieron fuerza a la actividad, \u00abentre los artistas gr\u00e1ficos tenemos a Murillo, KSR y ADS entre otros. Este es un trabajo mancomunado entre muchas personas, al menos unos 80 vecinos fuimos quienes armamos toda esta actividad, creemos que en total fueron m\u00e1s de 1.000 personas las que llegaron a disfrutar de todo lo ofrecido durante el d\u00eda\u00bb, indic\u00f3 finalmente Mu\u00f1oz a Diario El Trabajo.<\/p>\n<p><strong>BIEN EMPODERADOS<\/strong><br \/>\nPablo Silva, Dideco San Felipe, explic\u00f3 por su parte la importancia que tiene esta clase de iniciativas, pues deben ser los sanfelipe\u00f1os quienes propongan proyectos originales y en los que ellos mismos potencien sus fuerzas productivas en direcciones positivas.<br \/>\n\u00abHemos motivado y convocado a todos los vecinos de San Felipe para que desarrollen sus actividades a fin de generar esa identidad en sus barrios, es por eso que el joven Diego Mu\u00f1oz es un gestor de Poblaci\u00f3n Bernardo Cruz que viene desarrollando estas actividades culturales, como Municipio nos sentimos muy orgullosos de que estos vecinos se empoderen del espacio y que est\u00e9n despertando positivamente\u00bb, asegur\u00f3 Silva.<br \/>\n<strong>Roberto Gonz\u00e1lez Short<\/strong><\/p>\n<figure id=\"attachment_79208\" aria-describedby=\"caption-attachment-79208\" style=\"width: 580px\" class=\"wp-caption alignnone\"><img data-recalc-dims=\"1\" loading=\"lazy\" decoding=\"async\" class=\"size-full wp-image-79208\" src=\"https:\/\/i0.wp.com\/www.eltrabajo.cl\/2017\/wp-content\/uploads\/2017\/05\/Flotante1.jpg?resize=580%2C350\" alt=\"FESTIVAL FLOTANTE.- M\u00e1s de 1.000 personas llegaron a disfrutar de la primera versi\u00f3n del Festival Flotante, organizado por un grupo de vecinos de Poblaci\u00f3n Bernardo Cruz.\" width=\"580\" height=\"350\" srcset=\"https:\/\/i0.wp.com\/eltrabajo.cl\/portal\/wp-content\/uploads\/2017\/05\/Flotante1.jpg?w=580&amp;ssl=1 580w, https:\/\/i0.wp.com\/eltrabajo.cl\/portal\/wp-content\/uploads\/2017\/05\/Flotante1.jpg?resize=200%2C121&amp;ssl=1 200w, https:\/\/i0.wp.com\/eltrabajo.cl\/portal\/wp-content\/uploads\/2017\/05\/Flotante1.jpg?resize=300%2C181&amp;ssl=1 300w, https:\/\/i0.wp.com\/eltrabajo.cl\/portal\/wp-content\/uploads\/2017\/05\/Flotante1.jpg?resize=249%2C150&amp;ssl=1 249w, https:\/\/i0.wp.com\/eltrabajo.cl\/portal\/wp-content\/uploads\/2017\/05\/Flotante1.jpg?resize=400%2C241&amp;ssl=1 400w\" sizes=\"auto, (max-width: 580px) 100vw, 580px\" \/><figcaption id=\"caption-attachment-79208\" class=\"wp-caption-text\">FESTIVAL FLOTANTE.- M\u00e1s de 1.000 personas llegaron a disfrutar de la primera versi\u00f3n del Festival Flotante, organizado por un grupo de vecinos de Poblaci\u00f3n Bernardo Cruz.<\/figcaption><\/figure>\n<figure id=\"attachment_79209\" aria-describedby=\"caption-attachment-79209\" style=\"width: 580px\" class=\"wp-caption alignnone\"><img data-recalc-dims=\"1\" loading=\"lazy\" decoding=\"async\" class=\"size-full wp-image-79209\" src=\"https:\/\/i0.wp.com\/www.eltrabajo.cl\/2017\/wp-content\/uploads\/2017\/05\/Flotante2.jpg?resize=580%2C350\" alt=\"UN D\u00cdA FAMILIAR.- Padres con sus hijos disfrutaron por igual del concierto musical ofrecido por varias bandas locales en este festival comunitario.\" width=\"580\" height=\"350\" srcset=\"https:\/\/i0.wp.com\/eltrabajo.cl\/portal\/wp-content\/uploads\/2017\/05\/Flotante2.jpg?w=580&amp;ssl=1 580w, https:\/\/i0.wp.com\/eltrabajo.cl\/portal\/wp-content\/uploads\/2017\/05\/Flotante2.jpg?resize=200%2C121&amp;ssl=1 200w, https:\/\/i0.wp.com\/eltrabajo.cl\/portal\/wp-content\/uploads\/2017\/05\/Flotante2.jpg?resize=300%2C181&amp;ssl=1 300w, https:\/\/i0.wp.com\/eltrabajo.cl\/portal\/wp-content\/uploads\/2017\/05\/Flotante2.jpg?resize=249%2C150&amp;ssl=1 249w, https:\/\/i0.wp.com\/eltrabajo.cl\/portal\/wp-content\/uploads\/2017\/05\/Flotante2.jpg?resize=400%2C241&amp;ssl=1 400w\" sizes=\"auto, (max-width: 580px) 100vw, 580px\" \/><figcaption id=\"caption-attachment-79209\" class=\"wp-caption-text\">UN D\u00cdA FAMILIAR.- Padres con sus hijos disfrutaron por igual del concierto musical ofrecido por varias bandas locales en este festival comunitario.<\/figcaption><\/figure>\n<figure id=\"attachment_79210\" aria-describedby=\"caption-attachment-79210\" style=\"width: 580px\" class=\"wp-caption alignnone\"><img data-recalc-dims=\"1\" loading=\"lazy\" decoding=\"async\" class=\"size-full wp-image-79210\" src=\"https:\/\/i0.wp.com\/www.eltrabajo.cl\/2017\/wp-content\/uploads\/2017\/05\/Flotante3.jpg?resize=580%2C350\" alt=\"UN CONCIERTAZO.- Fueron las mejores bandas de Aconcagua las que ofrecieron su mejor repertorio a los presentes.\" width=\"580\" height=\"350\" srcset=\"https:\/\/i0.wp.com\/eltrabajo.cl\/portal\/wp-content\/uploads\/2017\/05\/Flotante3.jpg?w=580&amp;ssl=1 580w, https:\/\/i0.wp.com\/eltrabajo.cl\/portal\/wp-content\/uploads\/2017\/05\/Flotante3.jpg?resize=200%2C121&amp;ssl=1 200w, https:\/\/i0.wp.com\/eltrabajo.cl\/portal\/wp-content\/uploads\/2017\/05\/Flotante3.jpg?resize=300%2C181&amp;ssl=1 300w, https:\/\/i0.wp.com\/eltrabajo.cl\/portal\/wp-content\/uploads\/2017\/05\/Flotante3.jpg?resize=249%2C150&amp;ssl=1 249w, https:\/\/i0.wp.com\/eltrabajo.cl\/portal\/wp-content\/uploads\/2017\/05\/Flotante3.jpg?resize=400%2C241&amp;ssl=1 400w\" sizes=\"auto, (max-width: 580px) 100vw, 580px\" \/><figcaption id=\"caption-attachment-79210\" class=\"wp-caption-text\">UN CONCIERTAZO.- Fueron las mejores bandas de Aconcagua las que ofrecieron su mejor repertorio a los presentes.<\/figcaption><\/figure>\n<figure id=\"attachment_79212\" aria-describedby=\"caption-attachment-79212\" style=\"width: 580px\" class=\"wp-caption alignnone\"><img data-recalc-dims=\"1\" loading=\"lazy\" decoding=\"async\" class=\"size-full wp-image-79212\" src=\"https:\/\/i0.wp.com\/www.eltrabajo.cl\/2017\/wp-content\/uploads\/2017\/05\/Flotante5.jpg?resize=580%2C349\" alt=\"PEQUE\u00d1OS PINTORES.- Los m\u00e1s peque\u00f1os tambi\u00e9n pudieron pintar peque\u00f1as obras de arte al aire libre.\" width=\"580\" height=\"349\" srcset=\"https:\/\/i0.wp.com\/eltrabajo.cl\/portal\/wp-content\/uploads\/2017\/05\/Flotante5.jpg?w=580&amp;ssl=1 580w, https:\/\/i0.wp.com\/eltrabajo.cl\/portal\/wp-content\/uploads\/2017\/05\/Flotante5.jpg?resize=200%2C120&amp;ssl=1 200w, https:\/\/i0.wp.com\/eltrabajo.cl\/portal\/wp-content\/uploads\/2017\/05\/Flotante5.jpg?resize=300%2C181&amp;ssl=1 300w, https:\/\/i0.wp.com\/eltrabajo.cl\/portal\/wp-content\/uploads\/2017\/05\/Flotante5.jpg?resize=249%2C150&amp;ssl=1 249w, https:\/\/i0.wp.com\/eltrabajo.cl\/portal\/wp-content\/uploads\/2017\/05\/Flotante5.jpg?resize=400%2C241&amp;ssl=1 400w\" sizes=\"auto, (max-width: 580px) 100vw, 580px\" \/><figcaption id=\"caption-attachment-79212\" class=\"wp-caption-text\">PEQUE\u00d1OS PINTORES.- Los m\u00e1s peque\u00f1os tambi\u00e9n pudieron pintar peque\u00f1as obras de arte al aire libre.<\/figcaption><\/figure>\n<figure id=\"attachment_79213\" aria-describedby=\"caption-attachment-79213\" style=\"width: 580px\" class=\"wp-caption alignnone\"><img data-recalc-dims=\"1\" loading=\"lazy\" decoding=\"async\" class=\"size-full wp-image-79213\" src=\"https:\/\/i0.wp.com\/www.eltrabajo.cl\/2017\/wp-content\/uploads\/2017\/05\/Flotante6.jpg?resize=580%2C350\" alt=\"PINTORES Y GRAFITEROS.- Entre los artistas gr\u00e1ficos tenemos a Murillo, KSR y ADS entre otros.\" width=\"580\" height=\"350\" srcset=\"https:\/\/i0.wp.com\/eltrabajo.cl\/portal\/wp-content\/uploads\/2017\/05\/Flotante6.jpg?w=580&amp;ssl=1 580w, https:\/\/i0.wp.com\/eltrabajo.cl\/portal\/wp-content\/uploads\/2017\/05\/Flotante6.jpg?resize=200%2C121&amp;ssl=1 200w, https:\/\/i0.wp.com\/eltrabajo.cl\/portal\/wp-content\/uploads\/2017\/05\/Flotante6.jpg?resize=300%2C181&amp;ssl=1 300w, https:\/\/i0.wp.com\/eltrabajo.cl\/portal\/wp-content\/uploads\/2017\/05\/Flotante6.jpg?resize=249%2C150&amp;ssl=1 249w, https:\/\/i0.wp.com\/eltrabajo.cl\/portal\/wp-content\/uploads\/2017\/05\/Flotante6.jpg?resize=400%2C241&amp;ssl=1 400w\" sizes=\"auto, (max-width: 580px) 100vw, 580px\" \/><figcaption id=\"caption-attachment-79213\" class=\"wp-caption-text\">PINTORES Y GRAFITEROS.- Entre los artistas gr\u00e1ficos tenemos a Murillo, KSR y ADS entre otros.<\/figcaption><\/figure>\n<figure id=\"attachment_79214\" aria-describedby=\"caption-attachment-79214\" style=\"width: 580px\" class=\"wp-caption alignnone\"><img data-recalc-dims=\"1\" loading=\"lazy\" decoding=\"async\" class=\"size-full wp-image-79214\" src=\"https:\/\/i0.wp.com\/www.eltrabajo.cl\/2017\/wp-content\/uploads\/2017\/05\/Flotante7.jpg?resize=580%2C349\" alt=\"GRAN CONVOCATORIA.- As\u00ed luc\u00eda la plaza de Los Dinosaurios este s\u00e1bado, luego que en ese sector se desarrollara el primer Festival Flotante 2017.\" width=\"580\" height=\"349\" srcset=\"https:\/\/i0.wp.com\/eltrabajo.cl\/portal\/wp-content\/uploads\/2017\/05\/Flotante7.jpg?w=580&amp;ssl=1 580w, https:\/\/i0.wp.com\/eltrabajo.cl\/portal\/wp-content\/uploads\/2017\/05\/Flotante7.jpg?resize=200%2C120&amp;ssl=1 200w, https:\/\/i0.wp.com\/eltrabajo.cl\/portal\/wp-content\/uploads\/2017\/05\/Flotante7.jpg?resize=300%2C181&amp;ssl=1 300w, https:\/\/i0.wp.com\/eltrabajo.cl\/portal\/wp-content\/uploads\/2017\/05\/Flotante7.jpg?resize=249%2C150&amp;ssl=1 249w, https:\/\/i0.wp.com\/eltrabajo.cl\/portal\/wp-content\/uploads\/2017\/05\/Flotante7.jpg?resize=400%2C241&amp;ssl=1 400w\" sizes=\"auto, (max-width: 580px) 100vw, 580px\" \/><figcaption id=\"caption-attachment-79214\" class=\"wp-caption-text\">GRAN CONVOCATORIA.- As\u00ed luc\u00eda la plaza de Los Dinosaurios este s\u00e1bado, luego que en ese sector se desarrollara el primer Festival Flotante 2017.<\/figcaption><\/figure>\n","protected":false},"excerpt":{"rendered":"<p>Fiesta comunitaria se desarroll\u00f3 en Poblaci\u00f3n Bernardo Cruz: Una masiva convocatoria fue la que se concret\u00f3 durante todo el d\u00eda s\u00e1bado en el sector Los Dinosaurios de Poblaci\u00f3n Bernardo Cruz, luego que&#8230;<\/p>\n","protected":false},"author":482,"featured_media":79214,"comment_status":"open","ping_status":"open","sticky":false,"template":"","format":"standard","meta":{"advanced_seo_description":"","jetpack_seo_html_title":"","jetpack_seo_noindex":false,"_jetpack_memberships_contains_paid_content":false,"footnotes":""},"categories":[15],"tags":[],"class_list":["post-79207","post","type-post","status-publish","format-standard","has-post-thumbnail","hentry","category-comunidad"],"jetpack_featured_media_url":"https:\/\/i0.wp.com\/eltrabajo.cl\/portal\/wp-content\/uploads\/2017\/05\/Flotante7.jpg?fit=580%2C349&ssl=1","jetpack_sharing_enabled":true,"jetpack_likes_enabled":true,"jetpack-related-posts":[],"_links":{"self":[{"href":"https:\/\/eltrabajo.cl\/portal\/wp-json\/wp\/v2\/posts\/79207","targetHints":{"allow":["GET"]}}],"collection":[{"href":"https:\/\/eltrabajo.cl\/portal\/wp-json\/wp\/v2\/posts"}],"about":[{"href":"https:\/\/eltrabajo.cl\/portal\/wp-json\/wp\/v2\/types\/post"}],"author":[{"embeddable":true,"href":"https:\/\/eltrabajo.cl\/portal\/wp-json\/wp\/v2\/users\/482"}],"replies":[{"embeddable":true,"href":"https:\/\/eltrabajo.cl\/portal\/wp-json\/wp\/v2\/comments?post=79207"}],"version-history":[{"count":0,"href":"https:\/\/eltrabajo.cl\/portal\/wp-json\/wp\/v2\/posts\/79207\/revisions"}],"wp:featuredmedia":[{"embeddable":true,"href":"https:\/\/eltrabajo.cl\/portal\/wp-json\/wp\/v2\/media\/79214"}],"wp:attachment":[{"href":"https:\/\/eltrabajo.cl\/portal\/wp-json\/wp\/v2\/media?parent=79207"}],"wp:term":[{"taxonomy":"category","embeddable":true,"href":"https:\/\/eltrabajo.cl\/portal\/wp-json\/wp\/v2\/categories?post=79207"},{"taxonomy":"post_tag","embeddable":true,"href":"https:\/\/eltrabajo.cl\/portal\/wp-json\/wp\/v2\/tags?post=79207"}],"curies":[{"name":"wp","href":"https:\/\/api.w.org\/{rel}","templated":true}]}}