{"id":79216,"date":"2017-05-29T06:03:14","date_gmt":"2017-05-29T10:03:14","guid":{"rendered":"http:\/\/www.eltrabajo.cl\/2017\/?p=79216"},"modified":"2017-05-29T06:03:14","modified_gmt":"2017-05-29T10:03:14","slug":"exito-total-tuvo-el-campeonato-tributo-a-pablito-apablaza","status":"publish","type":"post","link":"https:\/\/eltrabajo.cl\/portal\/exito-total-tuvo-el-campeonato-tributo-a-pablito-apablaza\/","title":{"rendered":"\u00c9xito total tuvo el campeonato tributo a Pablito Apablaza"},"content":{"rendered":"<figure id=\"attachment_79218\" aria-describedby=\"caption-attachment-79218\" style=\"width: 580px\" class=\"wp-caption alignnone\"><img data-recalc-dims=\"1\" loading=\"lazy\" decoding=\"async\" class=\"size-full wp-image-79218\" src=\"https:\/\/i0.wp.com\/www.eltrabajo.cl\/2017\/wp-content\/uploads\/2017\/05\/ni%C3%B1os.jpg?resize=580%2C349\" alt=\"Peque\u00f1os de distintos talleres formativos del Valle de Aconcagua llegaron al Complejo Deportivo del Un\u00ed para participar en el Torneo Pablo Apablaza Le\u00f3n.\" width=\"580\" height=\"349\" srcset=\"https:\/\/i0.wp.com\/eltrabajo.cl\/portal\/wp-content\/uploads\/2017\/05\/ni%C3%B1os.jpg?w=580&amp;ssl=1 580w, https:\/\/i0.wp.com\/eltrabajo.cl\/portal\/wp-content\/uploads\/2017\/05\/ni%C3%B1os.jpg?resize=200%2C120&amp;ssl=1 200w, https:\/\/i0.wp.com\/eltrabajo.cl\/portal\/wp-content\/uploads\/2017\/05\/ni%C3%B1os.jpg?resize=300%2C181&amp;ssl=1 300w, https:\/\/i0.wp.com\/eltrabajo.cl\/portal\/wp-content\/uploads\/2017\/05\/ni%C3%B1os.jpg?resize=249%2C150&amp;ssl=1 249w, https:\/\/i0.wp.com\/eltrabajo.cl\/portal\/wp-content\/uploads\/2017\/05\/ni%C3%B1os.jpg?resize=400%2C241&amp;ssl=1 400w\" sizes=\"auto, (max-width: 580px) 100vw, 580px\" \/><figcaption id=\"caption-attachment-79218\" class=\"wp-caption-text\">Peque\u00f1os de distintos talleres formativos del Valle de Aconcagua llegaron al Complejo Deportivo del Un\u00ed para participar en el Torneo Pablo Apablaza Le\u00f3n.<\/figcaption><\/figure>\n<p>En un s\u00e1bado radiante en el que el sol se convirti\u00f3 en c\u00f3mplice de la actividad, al brillar como ning\u00fan d\u00eda durante lo que va corrido de este oto\u00f1o, en la cancha sint\u00e9tica del Complejo Deportivo de Uni\u00f3n San Felipe se efectu\u00f3 el primer torneo de Escuelas de F\u00fatbol \u2018Pablo Apablaza Le\u00f3n\u2019, un evento con el cual se rindi\u00f3 tributo a la memoria del cadete albirrojo fallecido en el verano pasado.<br \/>\nFueron m\u00e1s de 100 entusiastas ni\u00f1os los que participaron en un campeonato donde todos ganaron, ya que durante toda la actividad prevaleci\u00f3 el compa\u00f1erismo, amistad y por sobre todas las cosas el esp\u00edritu deportivo, valores que Pablito hizo suyos durante sus cortos 15 a\u00f1os de existencia, tiempo m\u00e1s que suficiente como para dejar su huella no s\u00f3lo en el f\u00fatbol, si no que todo el valle aconcag\u00fcino y es por eso que todos los asistentes calaron muy hondo las sentidas e improvisadas palabras de Yerko Apablaza (padre de Pablo) en el final , cuando llam\u00f3 a todos los ni\u00f1os a que siempre persigan sus sue\u00f1os y que los padres est\u00e9n en todo momento junto a ellos acompa\u00f1\u00e1ndolos para que puedan alcanzarlos.<br \/>\nEl Trabajo Deportivo estuvo presente en la actividad y aprovech\u00f3 de conversar con Raquel Le\u00f3n, madre del cadete quien muy emocionada dijo. \u00abNos dijeron que ser\u00eda algo chiquito, pero cuando llegamos y vimos a tanta gente, tantos ni\u00f1itos junto a sus pap\u00e1s nos sorprendimos; no s\u00e9 si habr\u00e1 sido coincidencia, pero el d\u00eda fue tan lindo, una emoci\u00f3n tras otra. De verdad estamos muy agradecidos de la gente\u00bb.<br \/>\nLos cuadros de honor quedaron conformados de la siguiente manera:<br \/>\nPenecas<br \/>\n1\u00ba &#8211; Pueblo Azul.<br \/>\n2\u00ba &#8211; Uni\u00f3n Espa\u00f1ola.<br \/>\n3\u00ba &#8211; Rinconada.<br \/>\n4\u00ba &#8211; Uni\u00f3n San Felipe.<br \/>\nIntermedia<br \/>\n1\u00ba &#8211; Pueblo Azul.<br \/>\n2\u00ba &#8211; Trasandino.<br \/>\n3\u00ba &#8211; Rinconada.<br \/>\n4\u00ba &#8211; Uni\u00f3n Espa\u00f1ola.<br \/>\nPremio Esp\u00edritu Pablo Apablaza: Juan Amielo.<br \/>\nPremio Fair Play: USF.<\/p>\n<figure id=\"attachment_79217\" aria-describedby=\"caption-attachment-79217\" style=\"width: 580px\" class=\"wp-caption alignnone\"><img data-recalc-dims=\"1\" loading=\"lazy\" decoding=\"async\" class=\"size-full wp-image-79217\" src=\"https:\/\/i0.wp.com\/www.eltrabajo.cl\/2017\/wp-content\/uploads\/2017\/05\/familia-de-pablo-junto-a-profesores.jpg?resize=580%2C350\" alt=\"La familia de Pablo Apablaza Le\u00f3n (Q.E.P.D.) junto a los profesores de la Escuela de F\u00fatbol del Un\u00ed, se preocuparon de todos los detalles para que el torneo fuera impecable.\" width=\"580\" height=\"350\" srcset=\"https:\/\/i0.wp.com\/eltrabajo.cl\/portal\/wp-content\/uploads\/2017\/05\/familia-de-pablo-junto-a-profesores.jpg?w=580&amp;ssl=1 580w, https:\/\/i0.wp.com\/eltrabajo.cl\/portal\/wp-content\/uploads\/2017\/05\/familia-de-pablo-junto-a-profesores.jpg?resize=200%2C121&amp;ssl=1 200w, https:\/\/i0.wp.com\/eltrabajo.cl\/portal\/wp-content\/uploads\/2017\/05\/familia-de-pablo-junto-a-profesores.jpg?resize=300%2C181&amp;ssl=1 300w, https:\/\/i0.wp.com\/eltrabajo.cl\/portal\/wp-content\/uploads\/2017\/05\/familia-de-pablo-junto-a-profesores.jpg?resize=249%2C150&amp;ssl=1 249w, https:\/\/i0.wp.com\/eltrabajo.cl\/portal\/wp-content\/uploads\/2017\/05\/familia-de-pablo-junto-a-profesores.jpg?resize=400%2C241&amp;ssl=1 400w\" sizes=\"auto, (max-width: 580px) 100vw, 580px\" \/><figcaption id=\"caption-attachment-79217\" class=\"wp-caption-text\">La familia de Pablo Apablaza Le\u00f3n (Q.E.P.D.) junto a los profesores de la Escuela de F\u00fatbol del Un\u00ed, se preocuparon de todos los detalles para que el torneo fuera impecable.<\/figcaption><\/figure>\n","protected":false},"excerpt":{"rendered":"<p>En un s\u00e1bado radiante en el que el sol se convirti\u00f3 en c\u00f3mplice de la actividad, al brillar como ning\u00fan d\u00eda durante lo que va corrido de este oto\u00f1o, en la cancha&#8230;<\/p>\n","protected":false},"author":482,"featured_media":79217,"comment_status":"open","ping_status":"open","sticky":false,"template":"","format":"standard","meta":{"advanced_seo_description":"","jetpack_seo_html_title":"","jetpack_seo_noindex":false,"_jetpack_memberships_contains_paid_content":false,"footnotes":""},"categories":[19],"tags":[],"class_list":["post-79216","post","type-post","status-publish","format-standard","has-post-thumbnail","hentry","category-deportes"],"jetpack_featured_media_url":"https:\/\/i0.wp.com\/eltrabajo.cl\/portal\/wp-content\/uploads\/2017\/05\/familia-de-pablo-junto-a-profesores.jpg?fit=580%2C350&ssl=1","jetpack_sharing_enabled":true,"jetpack_likes_enabled":true,"jetpack-related-posts":[],"_links":{"self":[{"href":"https:\/\/eltrabajo.cl\/portal\/wp-json\/wp\/v2\/posts\/79216","targetHints":{"allow":["GET"]}}],"collection":[{"href":"https:\/\/eltrabajo.cl\/portal\/wp-json\/wp\/v2\/posts"}],"about":[{"href":"https:\/\/eltrabajo.cl\/portal\/wp-json\/wp\/v2\/types\/post"}],"author":[{"embeddable":true,"href":"https:\/\/eltrabajo.cl\/portal\/wp-json\/wp\/v2\/users\/482"}],"replies":[{"embeddable":true,"href":"https:\/\/eltrabajo.cl\/portal\/wp-json\/wp\/v2\/comments?post=79216"}],"version-history":[{"count":0,"href":"https:\/\/eltrabajo.cl\/portal\/wp-json\/wp\/v2\/posts\/79216\/revisions"}],"wp:featuredmedia":[{"embeddable":true,"href":"https:\/\/eltrabajo.cl\/portal\/wp-json\/wp\/v2\/media\/79217"}],"wp:attachment":[{"href":"https:\/\/eltrabajo.cl\/portal\/wp-json\/wp\/v2\/media?parent=79216"}],"wp:term":[{"taxonomy":"category","embeddable":true,"href":"https:\/\/eltrabajo.cl\/portal\/wp-json\/wp\/v2\/categories?post=79216"},{"taxonomy":"post_tag","embeddable":true,"href":"https:\/\/eltrabajo.cl\/portal\/wp-json\/wp\/v2\/tags?post=79216"}],"curies":[{"name":"wp","href":"https:\/\/api.w.org\/{rel}","templated":true}]}}