{"id":79220,"date":"2017-05-29T06:04:44","date_gmt":"2017-05-29T10:04:44","guid":{"rendered":"http:\/\/www.eltrabajo.cl\/2017\/?p=79220"},"modified":"2017-05-29T06:04:44","modified_gmt":"2017-05-29T10:04:44","slug":"con-variadas-actividades-se-festejo-ayer-el-dia-del-patrimonio-cultural","status":"publish","type":"post","link":"https:\/\/eltrabajo.cl\/portal\/con-variadas-actividades-se-festejo-ayer-el-dia-del-patrimonio-cultural\/","title":{"rendered":"Con variadas actividades se festej\u00f3 ayer el D\u00eda del Patrimonio Cultural"},"content":{"rendered":"<figure id=\"attachment_79223\" aria-describedby=\"caption-attachment-79223\" style=\"width: 580px\" class=\"wp-caption alignnone\"><img data-recalc-dims=\"1\" loading=\"lazy\" decoding=\"async\" class=\"size-full wp-image-79223\" src=\"https:\/\/i0.wp.com\/www.eltrabajo.cl\/2017\/wp-content\/uploads\/2017\/05\/Patrim3.jpg?resize=580%2C349\" alt=\"TODOS A JUGAR.- Los m\u00e1s peque\u00f1itos lo pasaron concho jugando a la cuerda y a otros juegos tradicionales.\" width=\"580\" height=\"349\" srcset=\"https:\/\/i0.wp.com\/eltrabajo.cl\/portal\/wp-content\/uploads\/2017\/05\/Patrim3.jpg?w=580&amp;ssl=1 580w, https:\/\/i0.wp.com\/eltrabajo.cl\/portal\/wp-content\/uploads\/2017\/05\/Patrim3.jpg?resize=200%2C120&amp;ssl=1 200w, https:\/\/i0.wp.com\/eltrabajo.cl\/portal\/wp-content\/uploads\/2017\/05\/Patrim3.jpg?resize=300%2C181&amp;ssl=1 300w, https:\/\/i0.wp.com\/eltrabajo.cl\/portal\/wp-content\/uploads\/2017\/05\/Patrim3.jpg?resize=249%2C150&amp;ssl=1 249w, https:\/\/i0.wp.com\/eltrabajo.cl\/portal\/wp-content\/uploads\/2017\/05\/Patrim3.jpg?resize=400%2C241&amp;ssl=1 400w\" sizes=\"auto, (max-width: 580px) 100vw, 580px\" \/><figcaption id=\"caption-attachment-79223\" class=\"wp-caption-text\">TODOS A JUGAR.- Los m\u00e1s peque\u00f1itos lo pasaron concho jugando a la cuerda y a otros juegos tradicionales.<\/figcaption><\/figure>\n<p>Decenas de familias de San Felipe participaron en la celebraci\u00f3n del D\u00eda del Patrimonio Cultural, visitando las distintas actividades que fueron organizadas para este d\u00eda. Desde las 11:00 horas los vecinos comenzaron a llegar hasta el sector c\u00e9ntrico de la comuna, en donde se instalaron 30 autos y diez motos antiguas, espec\u00edficamente en Calle Salinas, quienes disfrutaron de parte de la historia automotriz de nuestro pa\u00eds.<\/p>\n<p><strong>AQUELLOS JUEGOS<\/strong><br \/>\nEn ese mismo sector se ubicaron profesionales del Departamento de Deportes del municipio, quienes durante dos horas hicieron recordar a los asistentes los juegos tradicionales, y donde tanto ni\u00f1os como adultos disfrutaron animadamente de saltar a la cuerda, el luche, y los juegos de cartas y domin\u00f3.<br \/>\nSimult\u00e1neamente en Calle Coimas con Carlos Condell, en la casona patrimonial ubicada en esa esquina, se realiz\u00f3 la ceremonia de distinci\u00f3n de organizaciones y vecinos que han sido un aporte al patrimonio cultural de San Felipe, destacando establecimientos educacionales, tanto municipales como particulares, el Orfe\u00f3n Aconcagua, grupos folkl\u00f3ricos de la comuna, la Chicha Criolla de Jos\u00e9 Toro del sector de Almendral y do\u00f1a Luz Gatica, gestora y asesora cultural de distintas instituciones, entre otras personalidades.<br \/>\n\u00abEstamos muy contentos, porque esta fue una celebraci\u00f3n en familia, donde los sanfelipe\u00f1os salieron a disfrutar de las distintas actividades organizadas, tanto por el municipio como por otras instituciones. Los vecinos llegaron hasta el Museo Buen Pastor en gran cantidad, en la casona de Coimas tambi\u00e9n disfrutamos de una ceremonia de distinci\u00f3n, donde se destac\u00f3 el trabajo que realizan distintas instituciones y vecinos por preservar el patrimonio de nuestra comuna y en el centro, con la presentaci\u00f3n de autos antiguos y deportes patrimoniales, tambi\u00e9n contamos con muchos visitantes, lo que nos deja muy contentos\u00bb, dijo el alcalde (S) Jorge Jara.<\/p>\n<p><strong>AUTOS ANTIGUOS<\/strong><br \/>\nPrecisamente en el sector c\u00e9ntrico de la comuna, los vecinos pudieron disfrutar de una exposici\u00f3n de autos antiguos, actividad organizada por un grupo de sanfelipe\u00f1os, amantes de las \u2018tuercas\u2019, liderados por el concejal Christi\u00e1n Beals, quien se mostr\u00f3 muy contento por la respuesta de la comunidad y se\u00f1al\u00f3 que volver\u00e1n a realizar esta exhibici\u00f3n en el mes de aniversario de la comuna.<br \/>\nLos asistentes participaron activamente en cada una de las actividades organizadas y valoraron la realizaci\u00f3n de cada una de ellas, lo que permiti\u00f3 recordar la historia de la comuna de San Felipe.<\/p>\n<figure id=\"attachment_79221\" aria-describedby=\"caption-attachment-79221\" style=\"width: 580px\" class=\"wp-caption alignnone\"><img data-recalc-dims=\"1\" loading=\"lazy\" decoding=\"async\" class=\"size-full wp-image-79221\" src=\"https:\/\/i0.wp.com\/www.eltrabajo.cl\/2017\/wp-content\/uploads\/2017\/05\/Patrim1.jpg?resize=580%2C349\" alt=\"SIEMPRE LA CUECA.- Bailes t\u00edpicos y un gran ambiente festivo es el que se vivi\u00f3 durante todas las actividades en este D\u00eda del Patrimonio Cultural 2017.\" width=\"580\" height=\"349\" srcset=\"https:\/\/i0.wp.com\/eltrabajo.cl\/portal\/wp-content\/uploads\/2017\/05\/Patrim1.jpg?w=580&amp;ssl=1 580w, https:\/\/i0.wp.com\/eltrabajo.cl\/portal\/wp-content\/uploads\/2017\/05\/Patrim1.jpg?resize=200%2C120&amp;ssl=1 200w, https:\/\/i0.wp.com\/eltrabajo.cl\/portal\/wp-content\/uploads\/2017\/05\/Patrim1.jpg?resize=300%2C181&amp;ssl=1 300w, https:\/\/i0.wp.com\/eltrabajo.cl\/portal\/wp-content\/uploads\/2017\/05\/Patrim1.jpg?resize=249%2C150&amp;ssl=1 249w, https:\/\/i0.wp.com\/eltrabajo.cl\/portal\/wp-content\/uploads\/2017\/05\/Patrim1.jpg?resize=400%2C241&amp;ssl=1 400w\" sizes=\"auto, (max-width: 580px) 100vw, 580px\" \/><figcaption id=\"caption-attachment-79221\" class=\"wp-caption-text\">SIEMPRE LA CUECA.- Bailes t\u00edpicos y un gran ambiente festivo es el que se vivi\u00f3 durante todas las actividades en este D\u00eda del Patrimonio Cultural 2017.<\/figcaption><\/figure>\n<figure id=\"attachment_79222\" aria-describedby=\"caption-attachment-79222\" style=\"width: 580px\" class=\"wp-caption alignnone\"><img data-recalc-dims=\"1\" loading=\"lazy\" decoding=\"async\" class=\"size-full wp-image-79222\" src=\"https:\/\/i0.wp.com\/www.eltrabajo.cl\/2017\/wp-content\/uploads\/2017\/05\/Patrim2.jpg?resize=580%2C348\" alt=\"AUTOS ANTIGUOS.- Los vecinos pudieron disfrutar de una exposici\u00f3n de autos antiguos, actividad organizada por un grupo de sanfelipe\u00f1os, amantes de las \u2018tuercas\u2019, liderados por el concejal Christi\u00e1n Beals.\" width=\"580\" height=\"348\" srcset=\"https:\/\/i0.wp.com\/eltrabajo.cl\/portal\/wp-content\/uploads\/2017\/05\/Patrim2.jpg?w=580&amp;ssl=1 580w, https:\/\/i0.wp.com\/eltrabajo.cl\/portal\/wp-content\/uploads\/2017\/05\/Patrim2.jpg?resize=200%2C120&amp;ssl=1 200w, https:\/\/i0.wp.com\/eltrabajo.cl\/portal\/wp-content\/uploads\/2017\/05\/Patrim2.jpg?resize=300%2C180&amp;ssl=1 300w, https:\/\/i0.wp.com\/eltrabajo.cl\/portal\/wp-content\/uploads\/2017\/05\/Patrim2.jpg?resize=250%2C150&amp;ssl=1 250w, https:\/\/i0.wp.com\/eltrabajo.cl\/portal\/wp-content\/uploads\/2017\/05\/Patrim2.jpg?resize=400%2C240&amp;ssl=1 400w\" sizes=\"auto, (max-width: 580px) 100vw, 580px\" \/><figcaption id=\"caption-attachment-79222\" class=\"wp-caption-text\">AUTOS ANTIGUOS.- Los vecinos pudieron disfrutar de una exposici\u00f3n de autos antiguos, actividad organizada por un grupo de sanfelipe\u00f1os, amantes de las \u2018tuercas\u2019, liderados por el concejal Christi\u00e1n Beals.<\/figcaption><\/figure>\n<figure id=\"attachment_79224\" aria-describedby=\"caption-attachment-79224\" style=\"width: 580px\" class=\"wp-caption alignnone\"><img data-recalc-dims=\"1\" loading=\"lazy\" decoding=\"async\" class=\"size-full wp-image-79224\" src=\"https:\/\/i0.wp.com\/www.eltrabajo.cl\/2017\/wp-content\/uploads\/2017\/05\/Patrim4.jpg?resize=580%2C349\" alt=\"D\u00cdA DEL PATRIMONIO CULTURAL.- En la casona patrimonial ubicada en esa esquina, se realiz\u00f3 la ceremonia de distinci\u00f3n de organizaciones y vecinos que han sido un aporte al patrimonio cultural de San Felipe.\" width=\"580\" height=\"349\" srcset=\"https:\/\/i0.wp.com\/eltrabajo.cl\/portal\/wp-content\/uploads\/2017\/05\/Patrim4.jpg?w=580&amp;ssl=1 580w, https:\/\/i0.wp.com\/eltrabajo.cl\/portal\/wp-content\/uploads\/2017\/05\/Patrim4.jpg?resize=200%2C120&amp;ssl=1 200w, https:\/\/i0.wp.com\/eltrabajo.cl\/portal\/wp-content\/uploads\/2017\/05\/Patrim4.jpg?resize=300%2C181&amp;ssl=1 300w, https:\/\/i0.wp.com\/eltrabajo.cl\/portal\/wp-content\/uploads\/2017\/05\/Patrim4.jpg?resize=249%2C150&amp;ssl=1 249w, https:\/\/i0.wp.com\/eltrabajo.cl\/portal\/wp-content\/uploads\/2017\/05\/Patrim4.jpg?resize=400%2C241&amp;ssl=1 400w\" sizes=\"auto, (max-width: 580px) 100vw, 580px\" \/><figcaption id=\"caption-attachment-79224\" class=\"wp-caption-text\">D\u00cdA DEL PATRIMONIO CULTURAL.- En la casona patrimonial ubicada en esa esquina, se realiz\u00f3 la ceremonia de distinci\u00f3n de organizaciones y vecinos que han sido un aporte al patrimonio cultural de San Felipe.<\/figcaption><\/figure>\n<figure id=\"attachment_79225\" aria-describedby=\"caption-attachment-79225\" style=\"width: 580px\" class=\"wp-caption alignnone\"><img data-recalc-dims=\"1\" loading=\"lazy\" decoding=\"async\" class=\"size-full wp-image-79225\" src=\"https:\/\/i0.wp.com\/www.eltrabajo.cl\/2017\/wp-content\/uploads\/2017\/05\/Patrim5.jpg?resize=580%2C349\" alt=\"DE LUJO.- Aqu\u00ed tenemos esta joya del automovilismo, muchos de nuestros lectores quiz\u00e1s habr\u00e1n montado en uno de ellos cuando eran j\u00f3venes.\" width=\"580\" height=\"349\" srcset=\"https:\/\/i0.wp.com\/eltrabajo.cl\/portal\/wp-content\/uploads\/2017\/05\/Patrim5.jpg?w=580&amp;ssl=1 580w, https:\/\/i0.wp.com\/eltrabajo.cl\/portal\/wp-content\/uploads\/2017\/05\/Patrim5.jpg?resize=200%2C120&amp;ssl=1 200w, https:\/\/i0.wp.com\/eltrabajo.cl\/portal\/wp-content\/uploads\/2017\/05\/Patrim5.jpg?resize=300%2C181&amp;ssl=1 300w, https:\/\/i0.wp.com\/eltrabajo.cl\/portal\/wp-content\/uploads\/2017\/05\/Patrim5.jpg?resize=249%2C150&amp;ssl=1 249w, https:\/\/i0.wp.com\/eltrabajo.cl\/portal\/wp-content\/uploads\/2017\/05\/Patrim5.jpg?resize=400%2C241&amp;ssl=1 400w\" sizes=\"auto, (max-width: 580px) 100vw, 580px\" \/><figcaption id=\"caption-attachment-79225\" class=\"wp-caption-text\">DE LUJO.- Aqu\u00ed tenemos esta joya del automovilismo, muchos de nuestros lectores quiz\u00e1s habr\u00e1n montado en uno de ellos cuando eran j\u00f3venes.<\/figcaption><\/figure>\n<figure id=\"attachment_79226\" aria-describedby=\"caption-attachment-79226\" style=\"width: 580px\" class=\"wp-caption alignnone\"><img data-recalc-dims=\"1\" loading=\"lazy\" decoding=\"async\" class=\"size-full wp-image-79226\" src=\"https:\/\/i0.wp.com\/www.eltrabajo.cl\/2017\/wp-content\/uploads\/2017\/05\/Patrim6.jpg?resize=580%2C349\" alt=\"VIEJOS TESOROS.- Fue frente a nuestra Plaza de Armas donde estas joyas fueron presentadas para el deleite de los sanfelipe\u00f1os.\" width=\"580\" height=\"349\" srcset=\"https:\/\/i0.wp.com\/eltrabajo.cl\/portal\/wp-content\/uploads\/2017\/05\/Patrim6.jpg?w=580&amp;ssl=1 580w, https:\/\/i0.wp.com\/eltrabajo.cl\/portal\/wp-content\/uploads\/2017\/05\/Patrim6.jpg?resize=200%2C120&amp;ssl=1 200w, https:\/\/i0.wp.com\/eltrabajo.cl\/portal\/wp-content\/uploads\/2017\/05\/Patrim6.jpg?resize=300%2C181&amp;ssl=1 300w, https:\/\/i0.wp.com\/eltrabajo.cl\/portal\/wp-content\/uploads\/2017\/05\/Patrim6.jpg?resize=249%2C150&amp;ssl=1 249w, https:\/\/i0.wp.com\/eltrabajo.cl\/portal\/wp-content\/uploads\/2017\/05\/Patrim6.jpg?resize=400%2C241&amp;ssl=1 400w\" sizes=\"auto, (max-width: 580px) 100vw, 580px\" \/><figcaption id=\"caption-attachment-79226\" class=\"wp-caption-text\">VIEJOS TESOROS.- Fue frente a nuestra Plaza de Armas donde estas joyas fueron presentadas para el deleite de los sanfelipe\u00f1os.<\/figcaption><\/figure>\n<figure id=\"attachment_79227\" aria-describedby=\"caption-attachment-79227\" style=\"width: 580px\" class=\"wp-caption alignnone\"><img data-recalc-dims=\"1\" loading=\"lazy\" decoding=\"async\" class=\"size-full wp-image-79227\" src=\"https:\/\/i0.wp.com\/www.eltrabajo.cl\/2017\/wp-content\/uploads\/2017\/05\/Patrim7.jpg?resize=580%2C349\" alt=\"AUTORIDADES Y VECINOS.- Las autoridades comunales y provinciales premiaron a los vecinos que durante todo el a\u00f1o est\u00e1n al pendiente de cuidar nuestros tesoros patrimoniales.\" width=\"580\" height=\"349\" srcset=\"https:\/\/i0.wp.com\/eltrabajo.cl\/portal\/wp-content\/uploads\/2017\/05\/Patrim7.jpg?w=580&amp;ssl=1 580w, https:\/\/i0.wp.com\/eltrabajo.cl\/portal\/wp-content\/uploads\/2017\/05\/Patrim7.jpg?resize=200%2C120&amp;ssl=1 200w, https:\/\/i0.wp.com\/eltrabajo.cl\/portal\/wp-content\/uploads\/2017\/05\/Patrim7.jpg?resize=300%2C181&amp;ssl=1 300w, https:\/\/i0.wp.com\/eltrabajo.cl\/portal\/wp-content\/uploads\/2017\/05\/Patrim7.jpg?resize=249%2C150&amp;ssl=1 249w, https:\/\/i0.wp.com\/eltrabajo.cl\/portal\/wp-content\/uploads\/2017\/05\/Patrim7.jpg?resize=400%2C241&amp;ssl=1 400w\" sizes=\"auto, (max-width: 580px) 100vw, 580px\" \/><figcaption id=\"caption-attachment-79227\" class=\"wp-caption-text\">AUTORIDADES Y VECINOS.- Las autoridades comunales y provinciales premiaron a los vecinos que durante todo el a\u00f1o est\u00e1n al pendiente de cuidar nuestros tesoros patrimoniales.<\/figcaption><\/figure>\n<figure id=\"attachment_79228\" aria-describedby=\"caption-attachment-79228\" style=\"width: 580px\" class=\"wp-caption alignnone\"><img data-recalc-dims=\"1\" loading=\"lazy\" decoding=\"async\" class=\"size-full wp-image-79228\" src=\"https:\/\/i0.wp.com\/www.eltrabajo.cl\/2017\/wp-content\/uploads\/2017\/05\/Patrim8.jpg?resize=580%2C348\" alt=\"DE LO BUENO, M\u00c1S.- Este otro autom\u00f3vil antiguo adorn\u00f3 las calles de nuestra comuna en este D\u00eda del Patrimonio Cultural 2017.\" width=\"580\" height=\"348\" srcset=\"https:\/\/i0.wp.com\/eltrabajo.cl\/portal\/wp-content\/uploads\/2017\/05\/Patrim8.jpg?w=580&amp;ssl=1 580w, https:\/\/i0.wp.com\/eltrabajo.cl\/portal\/wp-content\/uploads\/2017\/05\/Patrim8.jpg?resize=200%2C120&amp;ssl=1 200w, https:\/\/i0.wp.com\/eltrabajo.cl\/portal\/wp-content\/uploads\/2017\/05\/Patrim8.jpg?resize=300%2C180&amp;ssl=1 300w, https:\/\/i0.wp.com\/eltrabajo.cl\/portal\/wp-content\/uploads\/2017\/05\/Patrim8.jpg?resize=250%2C150&amp;ssl=1 250w, https:\/\/i0.wp.com\/eltrabajo.cl\/portal\/wp-content\/uploads\/2017\/05\/Patrim8.jpg?resize=400%2C240&amp;ssl=1 400w\" sizes=\"auto, (max-width: 580px) 100vw, 580px\" \/><figcaption id=\"caption-attachment-79228\" class=\"wp-caption-text\">DE LO BUENO, M\u00c1S.- Este otro autom\u00f3vil antiguo adorn\u00f3 las calles de nuestra comuna en este D\u00eda del Patrimonio Cultural 2017.<\/figcaption><\/figure>\n","protected":false},"excerpt":{"rendered":"<p>Decenas de familias de San Felipe participaron en la celebraci\u00f3n del D\u00eda del Patrimonio Cultural, visitando las distintas actividades que fueron organizadas para este d\u00eda. Desde las 11:00 horas los vecinos comenzaron&#8230;<\/p>\n","protected":false},"author":482,"featured_media":79226,"comment_status":"open","ping_status":"open","sticky":false,"template":"","format":"standard","meta":{"advanced_seo_description":"","jetpack_seo_html_title":"","jetpack_seo_noindex":false,"_jetpack_memberships_contains_paid_content":false,"footnotes":""},"categories":[1],"tags":[],"class_list":["post-79220","post","type-post","status-publish","format-standard","has-post-thumbnail","hentry","category-cronica"],"jetpack_featured_media_url":"https:\/\/i0.wp.com\/eltrabajo.cl\/portal\/wp-content\/uploads\/2017\/05\/Patrim6.jpg?fit=580%2C349&ssl=1","jetpack_sharing_enabled":true,"jetpack_likes_enabled":true,"jetpack-related-posts":[],"_links":{"self":[{"href":"https:\/\/eltrabajo.cl\/portal\/wp-json\/wp\/v2\/posts\/79220","targetHints":{"allow":["GET"]}}],"collection":[{"href":"https:\/\/eltrabajo.cl\/portal\/wp-json\/wp\/v2\/posts"}],"about":[{"href":"https:\/\/eltrabajo.cl\/portal\/wp-json\/wp\/v2\/types\/post"}],"author":[{"embeddable":true,"href":"https:\/\/eltrabajo.cl\/portal\/wp-json\/wp\/v2\/users\/482"}],"replies":[{"embeddable":true,"href":"https:\/\/eltrabajo.cl\/portal\/wp-json\/wp\/v2\/comments?post=79220"}],"version-history":[{"count":0,"href":"https:\/\/eltrabajo.cl\/portal\/wp-json\/wp\/v2\/posts\/79220\/revisions"}],"wp:featuredmedia":[{"embeddable":true,"href":"https:\/\/eltrabajo.cl\/portal\/wp-json\/wp\/v2\/media\/79226"}],"wp:attachment":[{"href":"https:\/\/eltrabajo.cl\/portal\/wp-json\/wp\/v2\/media?parent=79220"}],"wp:term":[{"taxonomy":"category","embeddable":true,"href":"https:\/\/eltrabajo.cl\/portal\/wp-json\/wp\/v2\/categories?post=79220"},{"taxonomy":"post_tag","embeddable":true,"href":"https:\/\/eltrabajo.cl\/portal\/wp-json\/wp\/v2\/tags?post=79220"}],"curies":[{"name":"wp","href":"https:\/\/api.w.org\/{rel}","templated":true}]}}