{"id":79274,"date":"2017-05-31T06:02:43","date_gmt":"2017-05-31T10:02:43","guid":{"rendered":"http:\/\/www.eltrabajo.cl\/2017\/?p=79274"},"modified":"2017-05-31T06:02:43","modified_gmt":"2017-05-31T10:02:43","slug":"muni-panquehue-ayuda-a-familias-damnificadas-por-incendio-vina-errazurriz","status":"publish","type":"post","link":"https:\/\/eltrabajo.cl\/portal\/muni-panquehue-ayuda-a-familias-damnificadas-por-incendio-vina-errazurriz\/","title":{"rendered":"Muni Panquehue ayuda a familias damnificadas por incendio Vi\u00f1a Err\u00e1zurriz"},"content":{"rendered":"<figure id=\"attachment_79275\" aria-describedby=\"caption-attachment-79275\" style=\"width: 580px\" class=\"wp-caption alignnone\"><img data-recalc-dims=\"1\" loading=\"lazy\" decoding=\"async\" class=\"size-full wp-image-79275\" src=\"https:\/\/i0.wp.com\/www.eltrabajo.cl\/2017\/wp-content\/uploads\/2017\/05\/incendio-panquehue-pradenas.jpg?resize=580%2C349\" alt=\"El Alcalde Luis Pradenas se reuni\u00f3 con los due\u00f1os de casa afectados para entregarle todo el apoyo del municipio en este dif\u00edcil momento.\" width=\"580\" height=\"349\" srcset=\"https:\/\/i0.wp.com\/eltrabajo.cl\/portal\/wp-content\/uploads\/2017\/05\/incendio-panquehue-pradenas.jpg?w=580&amp;ssl=1 580w, https:\/\/i0.wp.com\/eltrabajo.cl\/portal\/wp-content\/uploads\/2017\/05\/incendio-panquehue-pradenas.jpg?resize=200%2C120&amp;ssl=1 200w, https:\/\/i0.wp.com\/eltrabajo.cl\/portal\/wp-content\/uploads\/2017\/05\/incendio-panquehue-pradenas.jpg?resize=300%2C181&amp;ssl=1 300w, https:\/\/i0.wp.com\/eltrabajo.cl\/portal\/wp-content\/uploads\/2017\/05\/incendio-panquehue-pradenas.jpg?resize=249%2C150&amp;ssl=1 249w, https:\/\/i0.wp.com\/eltrabajo.cl\/portal\/wp-content\/uploads\/2017\/05\/incendio-panquehue-pradenas.jpg?resize=400%2C241&amp;ssl=1 400w\" sizes=\"auto, (max-width: 580px) 100vw, 580px\" \/><figcaption id=\"caption-attachment-79275\" class=\"wp-caption-text\">El Alcalde Luis Pradenas se reuni\u00f3 con los due\u00f1os de casa afectados para entregarle todo el apoyo del municipio en este dif\u00edcil momento.<\/figcaption><\/figure>\n<ul>\n<li><span style=\"color: #ff0000;\"><strong>Las llamas consumieron por completo una vivienda, dejando con da\u00f1os una segunda casa, con un total de 5 personas damnificadas.<\/strong> <\/span><\/li>\n<\/ul>\n<p><strong>PANQUEHUE.-<\/strong> Si bien deber\u00e1 ser investigado por unidad especializada de bomberos, el recalentamiento de una estufa a le\u00f1a podr\u00eda ser la causa del incendio que afect\u00f3 dos viviendas al interior de un pasaje de la calle O\u2019Higgins del sector Vi\u00f1a Err\u00e1zuriz en la comuna de Panquehue (ver nota aparte).<br \/>\nTras ser controladas las llamadas por voluntarios del cuerpo de Bomberos, se hizo presente en el lugar el alcalde Luis Pradenas, quien junto a funcionarios de la Direcci\u00f3n de Obras realizaron la evaluaci\u00f3n de los da\u00f1os, para iniciar lo antes posible las obras de mejoramiento de las casas siniestradas.<br \/>\nProducto del fuego result\u00f3 completamente quemada una vivienda de propiedad de Mario Ibacache Mura, adem\u00e1s de da\u00f1os en la techumbre de una segunda vivienda colindante que era habitada por la hija de Mario Ibacache junto a sus tres nietos.<br \/>\nConsultado el alcalde Luis Pradenas por el apoyo que brindar\u00e1 la municipalidad a estas familias, explic\u00f3 que se ha dispuesto trasladarla a una vivienda que ser\u00e1 asignada por un par de semanas, mientras funcionarios de la corporaci\u00f3n realizan los trabajos de restauraci\u00f3n en el lugar de la emergencia.<br \/>\n\u00abSe trata de un grupo familiar que ten\u00eda dos viviendas en un mismo sitio, donde una result\u00f3 da\u00f1ada completamente y la otra en su techumbre, por lo mismo, la directora de Obras realiz\u00f3 la evaluaci\u00f3n y vamos a comenzar a trabajar desde hoy mismo con funcionarios municipales, para recuperar estas viviendas y puedan volver a habitar sus casas nuevamente. Del mismo modo quiero agradecer a todos los vecinos de este sector de Vi\u00f1a Err\u00e1zuriz, porque entregaron toda su colaboraci\u00f3n tras esta emergencia. Por lo tanto lo que vamos hacer, es disponer mano de obra municipal y con recursos municipales a trav\u00e9s de la glosa emergencia, se van a comprar algunos materiales para ir en ayuda de estas familias\u00bb.<\/p>\n<p><strong>SOLIDARIDAD VECINAL<\/strong><br \/>\nCabe destacar que fueron los mismos vecinos del lugar quienes ayudaron a retirar gran parte de los enseres que no resultaron da\u00f1ados por las llamas, los que ser\u00e1n traslados hasta una casa que ser\u00e1 utilizada por un periodo transitorio, mientas son reparadas estas viviendas.<br \/>\nDel mismo modo el \u00e1rea social de la municipalidad de Panquehue, por instrucci\u00f3n del alcalde Pradenas, adopt\u00f3 los procedimientos de apoyo correspondientes.<\/p>\n","protected":false},"excerpt":{"rendered":"<p>Las llamas consumieron por completo una vivienda, dejando con da\u00f1os una segunda casa, con un total de 5 personas damnificadas. PANQUEHUE.- Si bien deber\u00e1 ser investigado por unidad especializada de bomberos, el&#8230;<\/p>\n","protected":false},"author":482,"featured_media":79275,"comment_status":"open","ping_status":"open","sticky":false,"template":"","format":"standard","meta":{"advanced_seo_description":"","jetpack_seo_html_title":"","jetpack_seo_noindex":false,"_jetpack_memberships_contains_paid_content":false,"footnotes":""},"categories":[1],"tags":[],"class_list":["post-79274","post","type-post","status-publish","format-standard","has-post-thumbnail","hentry","category-cronica"],"jetpack_featured_media_url":"https:\/\/i0.wp.com\/eltrabajo.cl\/portal\/wp-content\/uploads\/2017\/05\/incendio-panquehue-pradenas.jpg?fit=580%2C349&ssl=1","jetpack_sharing_enabled":true,"jetpack_likes_enabled":true,"jetpack-related-posts":[],"_links":{"self":[{"href":"https:\/\/eltrabajo.cl\/portal\/wp-json\/wp\/v2\/posts\/79274","targetHints":{"allow":["GET"]}}],"collection":[{"href":"https:\/\/eltrabajo.cl\/portal\/wp-json\/wp\/v2\/posts"}],"about":[{"href":"https:\/\/eltrabajo.cl\/portal\/wp-json\/wp\/v2\/types\/post"}],"author":[{"embeddable":true,"href":"https:\/\/eltrabajo.cl\/portal\/wp-json\/wp\/v2\/users\/482"}],"replies":[{"embeddable":true,"href":"https:\/\/eltrabajo.cl\/portal\/wp-json\/wp\/v2\/comments?post=79274"}],"version-history":[{"count":0,"href":"https:\/\/eltrabajo.cl\/portal\/wp-json\/wp\/v2\/posts\/79274\/revisions"}],"wp:featuredmedia":[{"embeddable":true,"href":"https:\/\/eltrabajo.cl\/portal\/wp-json\/wp\/v2\/media\/79275"}],"wp:attachment":[{"href":"https:\/\/eltrabajo.cl\/portal\/wp-json\/wp\/v2\/media?parent=79274"}],"wp:term":[{"taxonomy":"category","embeddable":true,"href":"https:\/\/eltrabajo.cl\/portal\/wp-json\/wp\/v2\/categories?post=79274"},{"taxonomy":"post_tag","embeddable":true,"href":"https:\/\/eltrabajo.cl\/portal\/wp-json\/wp\/v2\/tags?post=79274"}],"curies":[{"name":"wp","href":"https:\/\/api.w.org\/{rel}","templated":true}]}}