{"id":79291,"date":"2017-06-01T06:00:43","date_gmt":"2017-06-01T10:00:43","guid":{"rendered":"http:\/\/www.eltrabajo.cl\/2017\/?p=79291"},"modified":"2017-06-01T06:00:43","modified_gmt":"2017-06-01T10:00:43","slug":"vecinos-de-el-tartaro-estan-hartos-de-soportar-mineras-en-putaendo","status":"publish","type":"post","link":"https:\/\/eltrabajo.cl\/portal\/vecinos-de-el-tartaro-estan-hartos-de-soportar-mineras-en-putaendo\/","title":{"rendered":"Vecinos de El T\u00e1rtaro est\u00e1n hartos de soportar mineras en Putaendo"},"content":{"rendered":"<figure id=\"attachment_79292\" aria-describedby=\"caption-attachment-79292\" style=\"width: 580px\" class=\"wp-caption alignnone\"><img data-recalc-dims=\"1\" loading=\"lazy\" decoding=\"async\" class=\"size-full wp-image-79292\" src=\"https:\/\/i0.wp.com\/www.eltrabajo.cl\/2017\/wp-content\/uploads\/2017\/05\/Mineras_Hermosina-Lazcano.jpg?resize=580%2C350\" alt=\"Presidenta de la junta vecinal N\u00ba 11 de El T\u00e1rtaro, en Putaendo, Hermosina Lazcano.\" width=\"580\" height=\"350\" srcset=\"https:\/\/i0.wp.com\/eltrabajo.cl\/portal\/wp-content\/uploads\/2017\/05\/Mineras_Hermosina-Lazcano.jpg?w=580&amp;ssl=1 580w, https:\/\/i0.wp.com\/eltrabajo.cl\/portal\/wp-content\/uploads\/2017\/05\/Mineras_Hermosina-Lazcano.jpg?resize=200%2C121&amp;ssl=1 200w, https:\/\/i0.wp.com\/eltrabajo.cl\/portal\/wp-content\/uploads\/2017\/05\/Mineras_Hermosina-Lazcano.jpg?resize=300%2C181&amp;ssl=1 300w, https:\/\/i0.wp.com\/eltrabajo.cl\/portal\/wp-content\/uploads\/2017\/05\/Mineras_Hermosina-Lazcano.jpg?resize=249%2C150&amp;ssl=1 249w, https:\/\/i0.wp.com\/eltrabajo.cl\/portal\/wp-content\/uploads\/2017\/05\/Mineras_Hermosina-Lazcano.jpg?resize=400%2C241&amp;ssl=1 400w\" sizes=\"auto, (max-width: 580px) 100vw, 580px\" \/><figcaption id=\"caption-attachment-79292\" class=\"wp-caption-text\">Presidenta de la junta vecinal N\u00ba 11 de El T\u00e1rtaro, en Putaendo, Hermosina Lazcano.<\/figcaption><\/figure>\n<ul>\n<li><span style=\"color: #ff0000;\"><strong>Critican tambi\u00e9n accionar de la Junta de Vigilancia:<\/strong><\/span><\/li>\n<\/ul>\n<p>Alarmantes han sido las declaraciones hechas p\u00fablicas por la junta vecinal N\u00ba 11 de El T\u00e1rtaro, en Putaendo, y puntualmente por su presidenta do\u00f1a Hermosina Lazcano, en relaci\u00f3n a situaciones que ellos desean hacer de conocimiento p\u00fablico a trav\u00e9s de Diario El Trabajo.<br \/>\nEstas declaraciones vienen a reflejar el gran malestar que estos vecinos sienten en relaci\u00f3n a las denuncias que la Junta de Vigilancia de Putaendo hiciera hace alg\u00fan tiempo a la Superintendencia del Medio Ambiente (SMA) en contra de Vizcachitas, por da\u00f1os irreparables a la fuente h\u00eddrica de Putaendo en la cordillera, debido a m\u00e1s de 80 plataformas de sondaje en el sector de Las Tejas.<\/p>\n<p><strong>GRAVES DENUNCIAS<\/strong><br \/>\nEntre otros puntos denunciados por estos vecinos de El T\u00e1rtaro, se podr\u00eda se\u00f1alar la disminuci\u00f3n de las aguas en calidad y en cantidad y la contaminaci\u00f3n grave de las aguas que atenta contra la salud y la vida de las personas. Y se ha logrado reunir suficiente evidencia seg\u00fan el informe de la SMA del 17 abril 2017.<br \/>\nDiario El Trabajo habl\u00f3 con la dirigenta de esta junta vecinal, Hermosina Lazcano, quien estableci\u00f3 alguno de los puntos de los Considerandos m\u00e1s importantes tambi\u00e9n revelados en un comunicado en poder de Diario El Trabajo.<br \/>\n\u00abQue Vizcachitas prepara caminos interviniendo el R\u00edo Roc\u00edn; retroexcavadoras y buld\u00f3cer sobre este mismo r\u00edo; el agua ha sido afectada por ejecuci\u00f3n minera; Vizcachitas a la fecha ha habilitado 82 plataformas de sondajes y m\u00e1s de 38 caminos, lo que llevar\u00eda a estos vecinos a la conclusi\u00f3n de que se ha cometido infracciones grav\u00edsimas a la Ley 19300 del SMA, en otras palabras, los putaendinos seguir\u00e1n tragando veneno\u00bb, se\u00f1ala Lazcano amparada al documento.<\/p>\n<p><strong>TAMBI\u00c9N LA JUNTA<\/strong><br \/>\nOtra de las preocupaciones que llevaron a estos vecinos a redactar un comunicado oficial, tambi\u00e9n dice relaci\u00f3n con el hecho que la Junta de Vigilancia de Putaendo contratara a tres car\u00edsimos abogados s\u00f3lo para poner una denuncia en el SMA.<br \/>\n\u00abEste terrible acto por parte de Vizcachitas destruyendo las fuentes de agua de Putaendo, escapa a las atribuciones de la SMA. Aqu\u00ed est\u00e1n implicadas violaciones de derechos constitucionales como el Art\u00edculo 19 de nuestra Constituci\u00f3n Pol\u00edtica, que resguarda los recursos naturales. Aunque digan que la constituci\u00f3n no sirve sin siquiera investigar. \u00bfA qui\u00e9n beneficia hacer creer a la gente que la constituci\u00f3n no sirve?\u00bb, agreg\u00f3 en\u00e9rgicamente la dirigente putaendina.<br \/>\nSeg\u00fan record\u00f3 Lazcano, el C\u00f3digo de Aguas se\u00f1ala en varias de sus partes que en caso de sentirse perjudicado alg\u00fan regante, \u00e9ste puede recurrir a tribunales, esto porque, seg\u00fan Lazcano, los Tribunales de Justicia en Chile es lo \u00fanico que a\u00fan funciona.<br \/>\n\u00abY lo que corresponde en el caso Vizcachitas es una querella criminal por Da\u00f1os y Perjuicios \u2018contra quien resulte responsable\u2019. Por lo tanto, pedimos respetuosamente a la Junta de Vigilancia de Putaendo para que provea de los recursos necesarios a esta junta de vecinos de El T\u00e1rtaro y buscaremos alg\u00fan abogado constitucionalista para as\u00ed hacer el trabajo que no pueden hacer como Junta\u00bb, finaliz\u00f3 do\u00f1a Hermosina.<br \/>\n<strong>Roberto Gonz\u00e1lez Short<\/strong><\/p>\n<figure id=\"attachment_79293\" aria-describedby=\"caption-attachment-79293\" style=\"width: 580px\" class=\"wp-caption alignnone\"><img data-recalc-dims=\"1\" loading=\"lazy\" decoding=\"async\" class=\"size-full wp-image-79293\" src=\"https:\/\/i0.wp.com\/www.eltrabajo.cl\/2017\/wp-content\/uploads\/2017\/05\/Mineras1.jpg?resize=580%2C349\" alt=\"A LAS CALLES.- Gran malestar se respira en Putaendo por la presencia de los proyectos de grandes mineras en la zona. (Foto Archivo)\" width=\"580\" height=\"349\" srcset=\"https:\/\/i0.wp.com\/eltrabajo.cl\/portal\/wp-content\/uploads\/2017\/05\/Mineras1.jpg?w=580&amp;ssl=1 580w, https:\/\/i0.wp.com\/eltrabajo.cl\/portal\/wp-content\/uploads\/2017\/05\/Mineras1.jpg?resize=200%2C120&amp;ssl=1 200w, https:\/\/i0.wp.com\/eltrabajo.cl\/portal\/wp-content\/uploads\/2017\/05\/Mineras1.jpg?resize=300%2C181&amp;ssl=1 300w, https:\/\/i0.wp.com\/eltrabajo.cl\/portal\/wp-content\/uploads\/2017\/05\/Mineras1.jpg?resize=249%2C150&amp;ssl=1 249w, https:\/\/i0.wp.com\/eltrabajo.cl\/portal\/wp-content\/uploads\/2017\/05\/Mineras1.jpg?resize=400%2C241&amp;ssl=1 400w\" sizes=\"auto, (max-width: 580px) 100vw, 580px\" \/><figcaption id=\"caption-attachment-79293\" class=\"wp-caption-text\">A LAS CALLES.- Gran malestar se respira en Putaendo por la presencia de los proyectos de grandes mineras en la zona. (Foto Archivo)<\/figcaption><\/figure>\n","protected":false},"excerpt":{"rendered":"<p>Critican tambi\u00e9n accionar de la Junta de Vigilancia: Alarmantes han sido las declaraciones hechas p\u00fablicas por la junta vecinal N\u00ba 11 de El T\u00e1rtaro, en Putaendo, y puntualmente por su presidenta do\u00f1a&#8230;<\/p>\n","protected":false},"author":1,"featured_media":79293,"comment_status":"open","ping_status":"open","sticky":false,"template":"","format":"standard","meta":{"advanced_seo_description":"","jetpack_seo_html_title":"","jetpack_seo_noindex":false,"_jetpack_memberships_contains_paid_content":false,"footnotes":""},"categories":[15],"tags":[],"class_list":["post-79291","post","type-post","status-publish","format-standard","has-post-thumbnail","hentry","category-comunidad"],"jetpack_featured_media_url":"https:\/\/i0.wp.com\/eltrabajo.cl\/portal\/wp-content\/uploads\/2017\/05\/Mineras1.jpg?fit=580%2C349&ssl=1","jetpack_sharing_enabled":true,"jetpack_likes_enabled":true,"jetpack-related-posts":[],"_links":{"self":[{"href":"https:\/\/eltrabajo.cl\/portal\/wp-json\/wp\/v2\/posts\/79291","targetHints":{"allow":["GET"]}}],"collection":[{"href":"https:\/\/eltrabajo.cl\/portal\/wp-json\/wp\/v2\/posts"}],"about":[{"href":"https:\/\/eltrabajo.cl\/portal\/wp-json\/wp\/v2\/types\/post"}],"author":[{"embeddable":true,"href":"https:\/\/eltrabajo.cl\/portal\/wp-json\/wp\/v2\/users\/1"}],"replies":[{"embeddable":true,"href":"https:\/\/eltrabajo.cl\/portal\/wp-json\/wp\/v2\/comments?post=79291"}],"version-history":[{"count":0,"href":"https:\/\/eltrabajo.cl\/portal\/wp-json\/wp\/v2\/posts\/79291\/revisions"}],"wp:featuredmedia":[{"embeddable":true,"href":"https:\/\/eltrabajo.cl\/portal\/wp-json\/wp\/v2\/media\/79293"}],"wp:attachment":[{"href":"https:\/\/eltrabajo.cl\/portal\/wp-json\/wp\/v2\/media?parent=79291"}],"wp:term":[{"taxonomy":"category","embeddable":true,"href":"https:\/\/eltrabajo.cl\/portal\/wp-json\/wp\/v2\/categories?post=79291"},{"taxonomy":"post_tag","embeddable":true,"href":"https:\/\/eltrabajo.cl\/portal\/wp-json\/wp\/v2\/tags?post=79291"}],"curies":[{"name":"wp","href":"https:\/\/api.w.org\/{rel}","templated":true}]}}