{"id":79313,"date":"2017-05-05T06:04:31","date_gmt":"2017-05-05T10:04:31","guid":{"rendered":"http:\/\/www.eltrabajo.cl\/2017\/?p=78754"},"modified":"2017-05-05T06:04:31","modified_gmt":"2017-05-05T10:04:31","slug":"futbol-amateur-vive-dias-de-verguenza-y-se-convierte-en-triste-noticia-nacional","status":"publish","type":"post","link":"https:\/\/eltrabajo.cl\/portal\/futbol-amateur-vive-dias-de-verguenza-y-se-convierte-en-triste-noticia-nacional\/","title":{"rendered":"F\u00fatbol amateur vive d\u00edas de verg\u00fcenza y se convierte en triste noticia nacional"},"content":{"rendered":"<figure id=\"attachment_78755\" aria-describedby=\"caption-attachment-78755\" style=\"width: 580px\" class=\"wp-caption alignnone\"><img data-recalc-dims=\"1\" loading=\"lazy\" decoding=\"async\" class=\"size-full wp-image-78755\" src=\"https:\/\/i0.wp.com\/www.eltrabajo.cl\/2017\/wp-content\/uploads\/2017\/05\/pelea.jpg?resize=580%2C348\" alt=\"La trifulca que se produjo en el estadio Fiscal en una de las semifinales del torneo Afava, ha puesto tristemente en la noticia al f\u00fatbol amateur del valle de Aconcagua.\" width=\"580\" height=\"348\" \/><figcaption id=\"caption-attachment-78755\" class=\"wp-caption-text\">La trifulca que se produjo en el estadio Fiscal en una de las semifinales del torneo Afava, ha puesto tristemente en la noticia al f\u00fatbol amateur del valle de Aconcagua.<\/figcaption><\/figure>\n<ul>\n<li><span style=\"color: #ff0000;\"><strong>Presidente de Arfa Quinta Regi\u00f3n asegur\u00f3 que habr\u00e1 castigos ejemplares.<\/strong><\/span><\/li>\n<\/ul>\n<p>Como vergonzoso. Solo de esa forma puede catalogarse lo que sucedi\u00f3 en una de las semifinales de la zona B del torneo Afava, en la cual tras el enfrentamiento entre los clubes Manuel Rodr\u00edguez de San Felipe y Francisco D\u00edaz Lara de Llay Llay, se produjo una gresca de proporciones en pleno campo de juego, en la que participaron jugadores e hinchas de ambas instituciones aconcag\u00fcinas.<br \/>\nSeg\u00fan algunas versiones, habr\u00edan sido los de la \u2018ciudad del viento viento\u2019 quienes habr\u00edan iniciado los problemas, ya que habr\u00edan comenzado a golpear a los \u00e1rbitros para descargar la ira y frustraci\u00f3n por su eliminaci\u00f3n, tras perder el partido decisivo entre las series de Honor. \u201cEs evidente que fueron los visitantes los que comenzaron todo, ya que no tiene ninguna l\u00f3gica que los vencedores (Manuel Rodr\u00edguez) se hubieran puesto a pelear si hab\u00edan ganado, adem\u00e1s que el informe del turno es categ\u00f3rico en cuanto a que fue la gente de D\u00edaz Lara la que provoc\u00f3 todo, y si se ve a jugadores e hinchas de Manuel Rodr\u00edguez en los incidentes, es porque \u00e9stos salieron en defensa de los jueces, ya que no se pod\u00edan quedar mirando como linchaban a un hombre\u201d, se\u00f1al\u00f3 a nuestro medio una fuente confiable que prefiri\u00f3 el anonimato para no exponerse a represar\u00edas.<br \/>\nEl Trabajo Deportivo convers\u00f3 telef\u00f3nicamente con el presidente de Arfa Quinta Regi\u00f3n, Cristi\u00e1n Ibaceta, quien reconoci\u00f3 estar muy preocupado por lo sucedido en el estadio Fiscal: \u201cEsto (los incidentes) puedo asegurar no quedar\u00e1 impune, ya tom\u00f3 otro cariz y escal\u00f3 a niveles superiores debido a que incluso me llam\u00f3 el presidente de Anfa; por ahora espero reunirme con la gente de Afava para saber su postura para resolver los pasos que daremos hacia adelante. S\u00ed puedo decir a la opini\u00f3n p\u00fablica que habr\u00e1 sanciones ejemplarizadoras para los involucrados, ya que no aceptaremos que se siga enlodando al f\u00fatbol amateur\u201d, declar\u00f3 ayer en la ma\u00f1ana el mandam\u00e1s del balompi\u00e9 aficionado de la regi\u00f3n de Valpara\u00edso.<br \/>\nLos graves incidentes fueron y son noticia de car\u00e1cter nacional a ra\u00edz que las im\u00e1genes de las peleas tuvieron y tienen gran difusi\u00f3n a trav\u00e9s de los canales de televisi\u00f3n, aparte de internet donde la pelea que tuvo como escenario el estadio Fiscal, ha sido una de las m\u00e1s visitadas en la web.<\/p>\n<figure id=\"attachment_78756\" aria-describedby=\"caption-attachment-78756\" style=\"width: 580px\" class=\"wp-caption alignnone\"><img data-recalc-dims=\"1\" loading=\"lazy\" decoding=\"async\" class=\"size-full wp-image-78756\" src=\"https:\/\/i0.wp.com\/www.eltrabajo.cl\/2017\/wp-content\/uploads\/2017\/05\/violencia_2017_2.jpg?resize=580%2C348\" alt=\"La trifulca que se produjo en el estadio Fiscal en una de las semifinales del torneo Afava, ha puesto tristemente en la noticia al f\u00fatbol amateur del valle de Aconcagua.\" width=\"580\" height=\"348\" \/><figcaption id=\"caption-attachment-78756\" class=\"wp-caption-text\">La trifulca que se produjo en el estadio Fiscal en una de las semifinales del torneo Afava, ha puesto tristemente en la noticia al f\u00fatbol amateur del valle de Aconcagua.<\/figcaption><\/figure>\n","protected":false},"excerpt":{"rendered":"<p>Presidente de Arfa Quinta Regi\u00f3n asegur\u00f3 que habr\u00e1 castigos ejemplares. Como vergonzoso. Solo de esa forma puede catalogarse lo que sucedi\u00f3 en una de las semifinales de la zona B del torneo&#8230;<\/p>\n","protected":false},"author":482,"featured_media":0,"comment_status":"open","ping_status":"open","sticky":false,"template":"","format":"standard","meta":{"advanced_seo_description":"","jetpack_seo_html_title":"","jetpack_seo_noindex":false,"_jetpack_memberships_contains_paid_content":false,"footnotes":""},"categories":[19],"tags":[],"class_list":["post-79313","post","type-post","status-publish","format-standard","hentry","category-deportes"],"jetpack_featured_media_url":"","jetpack_sharing_enabled":true,"jetpack_likes_enabled":true,"jetpack-related-posts":[],"_links":{"self":[{"href":"https:\/\/eltrabajo.cl\/portal\/wp-json\/wp\/v2\/posts\/79313","targetHints":{"allow":["GET"]}}],"collection":[{"href":"https:\/\/eltrabajo.cl\/portal\/wp-json\/wp\/v2\/posts"}],"about":[{"href":"https:\/\/eltrabajo.cl\/portal\/wp-json\/wp\/v2\/types\/post"}],"author":[{"embeddable":true,"href":"https:\/\/eltrabajo.cl\/portal\/wp-json\/wp\/v2\/users\/482"}],"replies":[{"embeddable":true,"href":"https:\/\/eltrabajo.cl\/portal\/wp-json\/wp\/v2\/comments?post=79313"}],"version-history":[{"count":0,"href":"https:\/\/eltrabajo.cl\/portal\/wp-json\/wp\/v2\/posts\/79313\/revisions"}],"wp:attachment":[{"href":"https:\/\/eltrabajo.cl\/portal\/wp-json\/wp\/v2\/media?parent=79313"}],"wp:term":[{"taxonomy":"category","embeddable":true,"href":"https:\/\/eltrabajo.cl\/portal\/wp-json\/wp\/v2\/categories?post=79313"},{"taxonomy":"post_tag","embeddable":true,"href":"https:\/\/eltrabajo.cl\/portal\/wp-json\/wp\/v2\/tags?post=79313"}],"curies":[{"name":"wp","href":"https:\/\/api.w.org\/{rel}","templated":true}]}}