{"id":79363,"date":"2017-06-06T06:00:06","date_gmt":"2017-06-06T10:00:06","guid":{"rendered":"http:\/\/www.eltrabajo.cl\/2017\/?p=79363"},"modified":"2017-06-06T06:00:06","modified_gmt":"2017-06-06T10:00:06","slug":"medialuna-de-bellavista-podria-transformarse-en-el-epicentro-de-fiestas-patrias","status":"publish","type":"post","link":"https:\/\/eltrabajo.cl\/portal\/medialuna-de-bellavista-podria-transformarse-en-el-epicentro-de-fiestas-patrias\/","title":{"rendered":"Medialuna de Bellavista podr\u00eda transformarse en el epicentro de fiestas patrias"},"content":{"rendered":"<figure id=\"attachment_79364\" aria-describedby=\"caption-attachment-79364\" style=\"width: 580px\" class=\"wp-caption alignnone\"><img data-recalc-dims=\"1\" loading=\"lazy\" decoding=\"async\" class=\"size-full wp-image-79364\" src=\"https:\/\/i0.wp.com\/www.eltrabajo.cl\/2017\/wp-content\/uploads\/2017\/06\/concejal-mario-villanueva.jpg?resize=580%2C349\" alt=\"Mario Villanueva, concejal de San Felipe.\" width=\"580\" height=\"349\" srcset=\"https:\/\/i0.wp.com\/eltrabajo.cl\/portal\/wp-content\/uploads\/2017\/06\/concejal-mario-villanueva.jpg?w=580&amp;ssl=1 580w, https:\/\/i0.wp.com\/eltrabajo.cl\/portal\/wp-content\/uploads\/2017\/06\/concejal-mario-villanueva.jpg?resize=200%2C120&amp;ssl=1 200w, https:\/\/i0.wp.com\/eltrabajo.cl\/portal\/wp-content\/uploads\/2017\/06\/concejal-mario-villanueva.jpg?resize=300%2C181&amp;ssl=1 300w, https:\/\/i0.wp.com\/eltrabajo.cl\/portal\/wp-content\/uploads\/2017\/06\/concejal-mario-villanueva.jpg?resize=249%2C150&amp;ssl=1 249w, https:\/\/i0.wp.com\/eltrabajo.cl\/portal\/wp-content\/uploads\/2017\/06\/concejal-mario-villanueva.jpg?resize=400%2C241&amp;ssl=1 400w\" sizes=\"auto, (max-width: 580px) 100vw, 580px\" \/><figcaption id=\"caption-attachment-79364\" class=\"wp-caption-text\">Mario Villanueva, concejal de San Felipe.<\/figcaption><\/figure>\n<ul>\n<li><strong><span style=\"color: #ff0000;\">Seg\u00fan propone el concejal Mario Villanueva:<\/span>\u00a0La idea del edil sanfelipe\u00f1o es que la celebraci\u00f3n se concentre en un sector rural caracter\u00edstico, donde se puedan rescatar tradiciones que se han perdido en la comuna.<\/strong><\/li>\n<\/ul>\n<p>El concejal de San Felipe, Mario Villanueva, est\u00e1 desarrollando una propuesta para que la celebraci\u00f3n de las pr\u00f3ximas fiestas patrias en la comuna tenga su epicentro en la medialuna del sector de Bellavista.<br \/>\nEl edil pretende que los sanfelipe\u00f1os puedan revivir tradiciones, rescatar ra\u00edces y se congreguen en un sector rural caracter\u00edstico, donde se puedan desarrollar diversas actividades t\u00edpicas durante el mes de septiembre.<br \/>\n\u201cNosotros nos reunimos con el Club de Huasos de Bellavista porque el objetivo es fomentar el 18 de septiembre y nuestras ra\u00edces folcl\u00f3ricas rurales, y que la gente sepa que en ese sector se va a preparar una fiesta criolla, donde tendremos una jornada de rodeo y juegos t\u00edpicos, recuperando algo que se ha perdido hace mucho tiempo en nuestra comuna\u201d, asegur\u00f3 Villanueva.<br \/>\nDe acuerdo a lo manifestado por el concejal sanfelipe\u00f1o, la idea es que actividades como el rodeo u otras disciplinas t\u00edpicas de Aconcagua, tengan el mismo espacio que otros deportes de mayor connotaci\u00f3n p\u00fablica.<br \/>\nEn t\u00e9rminos de lo que se necesita para desarrollar esta fiesta costumbrista, Villanueva detall\u00f3 que \u201cva a depender de que el alcalde nos apoye con las autorizaciones correspondientes, porque con el Club de Huasos de Bellavista y yo personalmente, estamos haciendo las gestiones para conseguir todo de forma externa, el trabajo que he desarrollado va por un alero muy distinto a tener que disponer de recursos p\u00fablicos y municipales, tengo un tema de autogesti\u00f3n que ha significado entregar un aporte directo y permanente a las organizaciones y a mucha gente de forma personal y natural\u201d, apunt\u00f3 Villanueva.<\/p>\n","protected":false},"excerpt":{"rendered":"<p>Seg\u00fan propone el concejal Mario Villanueva:\u00a0La idea del edil sanfelipe\u00f1o es que la celebraci\u00f3n se concentre en un sector rural caracter\u00edstico, donde se puedan rescatar tradiciones que se han perdido en la&#8230;<\/p>\n","protected":false},"author":1,"featured_media":79364,"comment_status":"open","ping_status":"open","sticky":false,"template":"","format":"standard","meta":{"advanced_seo_description":"","jetpack_seo_html_title":"","jetpack_seo_noindex":false,"_jetpack_memberships_contains_paid_content":false,"footnotes":""},"categories":[1],"tags":[],"class_list":["post-79363","post","type-post","status-publish","format-standard","has-post-thumbnail","hentry","category-cronica"],"jetpack_featured_media_url":"https:\/\/i0.wp.com\/eltrabajo.cl\/portal\/wp-content\/uploads\/2017\/06\/concejal-mario-villanueva.jpg?fit=580%2C349&ssl=1","jetpack_sharing_enabled":true,"jetpack_likes_enabled":true,"jetpack-related-posts":[],"_links":{"self":[{"href":"https:\/\/eltrabajo.cl\/portal\/wp-json\/wp\/v2\/posts\/79363","targetHints":{"allow":["GET"]}}],"collection":[{"href":"https:\/\/eltrabajo.cl\/portal\/wp-json\/wp\/v2\/posts"}],"about":[{"href":"https:\/\/eltrabajo.cl\/portal\/wp-json\/wp\/v2\/types\/post"}],"author":[{"embeddable":true,"href":"https:\/\/eltrabajo.cl\/portal\/wp-json\/wp\/v2\/users\/1"}],"replies":[{"embeddable":true,"href":"https:\/\/eltrabajo.cl\/portal\/wp-json\/wp\/v2\/comments?post=79363"}],"version-history":[{"count":0,"href":"https:\/\/eltrabajo.cl\/portal\/wp-json\/wp\/v2\/posts\/79363\/revisions"}],"wp:featuredmedia":[{"embeddable":true,"href":"https:\/\/eltrabajo.cl\/portal\/wp-json\/wp\/v2\/media\/79364"}],"wp:attachment":[{"href":"https:\/\/eltrabajo.cl\/portal\/wp-json\/wp\/v2\/media?parent=79363"}],"wp:term":[{"taxonomy":"category","embeddable":true,"href":"https:\/\/eltrabajo.cl\/portal\/wp-json\/wp\/v2\/categories?post=79363"},{"taxonomy":"post_tag","embeddable":true,"href":"https:\/\/eltrabajo.cl\/portal\/wp-json\/wp\/v2\/tags?post=79363"}],"curies":[{"name":"wp","href":"https:\/\/api.w.org\/{rel}","templated":true}]}}