{"id":79474,"date":"2017-06-09T06:04:18","date_gmt":"2017-06-09T10:04:18","guid":{"rendered":"http:\/\/www.eltrabajo.cl\/2017\/?p=79474"},"modified":"2017-06-09T06:04:18","modified_gmt":"2017-06-09T10:04:18","slug":"banda-aconcanamo-hoy-viernes-en-el-teatro-municipal","status":"publish","type":"post","link":"https:\/\/eltrabajo.cl\/portal\/banda-aconcanamo-hoy-viernes-en-el-teatro-municipal\/","title":{"rendered":"Banda Aconc\u00e1\u00f1amo hoy viernes en el Teatro Municipal"},"content":{"rendered":"<figure id=\"attachment_79476\" aria-describedby=\"caption-attachment-79476\" style=\"width: 580px\" class=\"wp-caption alignnone\"><img data-recalc-dims=\"1\" loading=\"lazy\" decoding=\"async\" class=\"size-full wp-image-79476\" src=\"https:\/\/i0.wp.com\/www.eltrabajo.cl\/2017\/wp-content\/uploads\/2017\/06\/Aconcanamo2.jpg?resize=580%2C350\" alt=\"FIELES FANS.- Las presentaciones de Aconc\u00e1\u00f1amo siempre son estruendosas y su p\u00fablico les sigue donde sea que se presenten.\" width=\"580\" height=\"350\" srcset=\"https:\/\/i0.wp.com\/eltrabajo.cl\/portal\/wp-content\/uploads\/2017\/06\/Aconcanamo2.jpg?w=580&amp;ssl=1 580w, https:\/\/i0.wp.com\/eltrabajo.cl\/portal\/wp-content\/uploads\/2017\/06\/Aconcanamo2.jpg?resize=200%2C121&amp;ssl=1 200w, https:\/\/i0.wp.com\/eltrabajo.cl\/portal\/wp-content\/uploads\/2017\/06\/Aconcanamo2.jpg?resize=300%2C181&amp;ssl=1 300w, https:\/\/i0.wp.com\/eltrabajo.cl\/portal\/wp-content\/uploads\/2017\/06\/Aconcanamo2.jpg?resize=249%2C150&amp;ssl=1 249w, https:\/\/i0.wp.com\/eltrabajo.cl\/portal\/wp-content\/uploads\/2017\/06\/Aconcanamo2.jpg?resize=400%2C241&amp;ssl=1 400w\" sizes=\"auto, (max-width: 580px) 100vw, 580px\" \/><figcaption id=\"caption-attachment-79476\" class=\"wp-caption-text\">FIELES FANS.- Las presentaciones de Aconc\u00e1\u00f1amo siempre son estruendosas y su p\u00fablico les sigue donde sea que se presenten.<\/figcaption><\/figure>\n<p>Hoy viernes a partir de las 20:00 horas en el Teatro Municipal de San Felipe, los seguidores de la banda sanfelipe\u00f1a Aconc\u00e1\u00f1amo, podr\u00e1n disfrutar del concierto en vivo que estar\u00e1 ofreciendo, donde presentar\u00e1n al menos unos 15 temas originales de su propia autor\u00eda.<br \/>\n\u00abQueremos tambi\u00e9n invitar a todos los lectores de Diario El Trabajo para que lleguen tempranito, estaremos presentando nuestro tema \u2018Ritmo, sol, cerros y agua\u2019, una propuesta musical ya masterizada en Studios Sound, de Santiago, habr\u00e1n muchas otras canciones que con muchas ganas tocaremos para todos\u00bb, dijo el baterista de Aconc\u00e1\u00f1amo, Pablo Poblete.<br \/>\nEsta es una de las agrupaciones musicales locales m\u00e1s populares del Valle, misma que pretende atesorar en su nombre y esencia el legado hist\u00f3rico de la \u00e9poca ca\u00f1amera, que dio vida y trabajo a los pobladores de nuestro Valle.<br \/>\n\u00abSomos varios los integrantes que esta banda, de l\u00ednea protesta social, quienes la conformamos de la siguiente manera: Ra\u00fal Gallardo en el bajo; Rodrigo Gallardo en las congas; Roberto Barraza como vocalista; Fernando Poblete en percusi\u00f3n; Mart\u00edn Poblete en la guitarra; Jorge Berbelagua en el teclado, Mat\u00edas Torres en el saxo; Felipe Jara en el acorde\u00f3n y yo en la bater\u00eda\u00bb, explic\u00f3 a Diario El Trabajo el joven m\u00fasico.<br \/>\n<strong>Roberto Gonz\u00e1lez Short<\/strong><\/p>\n<figure id=\"attachment_79475\" aria-describedby=\"caption-attachment-79475\" style=\"width: 580px\" class=\"wp-caption alignnone\"><img data-recalc-dims=\"1\" loading=\"lazy\" decoding=\"async\" class=\"size-full wp-image-79475\" src=\"https:\/\/i0.wp.com\/www.eltrabajo.cl\/2017\/wp-content\/uploads\/2017\/06\/Aconcanamo1.jpg?resize=580%2C350\" alt=\"ESPECTACULAR.- Esta banda sanfelipe\u00f1a ofrecer\u00e1 una presentaci\u00f3n gratuita a partir de las 20:00 horas en el teatro municipal de San Felipe.\" width=\"580\" height=\"350\" srcset=\"https:\/\/i0.wp.com\/eltrabajo.cl\/portal\/wp-content\/uploads\/2017\/06\/Aconcanamo1.jpg?w=580&amp;ssl=1 580w, https:\/\/i0.wp.com\/eltrabajo.cl\/portal\/wp-content\/uploads\/2017\/06\/Aconcanamo1.jpg?resize=200%2C121&amp;ssl=1 200w, https:\/\/i0.wp.com\/eltrabajo.cl\/portal\/wp-content\/uploads\/2017\/06\/Aconcanamo1.jpg?resize=300%2C181&amp;ssl=1 300w, https:\/\/i0.wp.com\/eltrabajo.cl\/portal\/wp-content\/uploads\/2017\/06\/Aconcanamo1.jpg?resize=249%2C150&amp;ssl=1 249w, https:\/\/i0.wp.com\/eltrabajo.cl\/portal\/wp-content\/uploads\/2017\/06\/Aconcanamo1.jpg?resize=400%2C241&amp;ssl=1 400w\" sizes=\"auto, (max-width: 580px) 100vw, 580px\" \/><figcaption id=\"caption-attachment-79475\" class=\"wp-caption-text\">ESPECTACULAR.- Esta banda sanfelipe\u00f1a ofrecer\u00e1 una presentaci\u00f3n gratuita a partir de las 20:00 horas en el teatro municipal de San Felipe.<\/figcaption><\/figure>\n<figure id=\"attachment_79477\" aria-describedby=\"caption-attachment-79477\" style=\"width: 580px\" class=\"wp-caption alignnone\"><img data-recalc-dims=\"1\" loading=\"lazy\" decoding=\"async\" class=\"size-full wp-image-79477\" src=\"https:\/\/i0.wp.com\/www.eltrabajo.cl\/2017\/wp-content\/uploads\/2017\/06\/Pablo-Poblete.jpg?resize=580%2C349\" alt=\"Pablo Poblete, m\u00fasico de Banda Aconc\u00e1\u00f1amo de San Felipe.\" width=\"580\" height=\"349\" srcset=\"https:\/\/i0.wp.com\/eltrabajo.cl\/portal\/wp-content\/uploads\/2017\/06\/Pablo-Poblete.jpg?w=580&amp;ssl=1 580w, https:\/\/i0.wp.com\/eltrabajo.cl\/portal\/wp-content\/uploads\/2017\/06\/Pablo-Poblete.jpg?resize=200%2C120&amp;ssl=1 200w, https:\/\/i0.wp.com\/eltrabajo.cl\/portal\/wp-content\/uploads\/2017\/06\/Pablo-Poblete.jpg?resize=300%2C181&amp;ssl=1 300w, https:\/\/i0.wp.com\/eltrabajo.cl\/portal\/wp-content\/uploads\/2017\/06\/Pablo-Poblete.jpg?resize=249%2C150&amp;ssl=1 249w, https:\/\/i0.wp.com\/eltrabajo.cl\/portal\/wp-content\/uploads\/2017\/06\/Pablo-Poblete.jpg?resize=400%2C241&amp;ssl=1 400w\" sizes=\"auto, (max-width: 580px) 100vw, 580px\" \/><figcaption id=\"caption-attachment-79477\" class=\"wp-caption-text\">Pablo Poblete, m\u00fasico de Banda Aconc\u00e1\u00f1amo de San Felipe.<\/figcaption><\/figure>\n","protected":false},"excerpt":{"rendered":"<p>Hoy viernes a partir de las 20:00 horas en el Teatro Municipal de San Felipe, los seguidores de la banda sanfelipe\u00f1a Aconc\u00e1\u00f1amo, podr\u00e1n disfrutar del concierto en vivo que estar\u00e1 ofreciendo, donde&#8230;<\/p>\n","protected":false},"author":1,"featured_media":79475,"comment_status":"open","ping_status":"open","sticky":false,"template":"","format":"standard","meta":{"advanced_seo_description":"","jetpack_seo_html_title":"","jetpack_seo_noindex":false,"_jetpack_memberships_contains_paid_content":false,"footnotes":""},"categories":[20],"tags":[],"class_list":["post-79474","post","type-post","status-publish","format-standard","has-post-thumbnail","hentry","category-arte-y-cultura"],"jetpack_featured_media_url":"https:\/\/i0.wp.com\/eltrabajo.cl\/portal\/wp-content\/uploads\/2017\/06\/Aconcanamo1.jpg?fit=580%2C350&ssl=1","jetpack_sharing_enabled":true,"jetpack_likes_enabled":true,"jetpack-related-posts":[],"_links":{"self":[{"href":"https:\/\/eltrabajo.cl\/portal\/wp-json\/wp\/v2\/posts\/79474","targetHints":{"allow":["GET"]}}],"collection":[{"href":"https:\/\/eltrabajo.cl\/portal\/wp-json\/wp\/v2\/posts"}],"about":[{"href":"https:\/\/eltrabajo.cl\/portal\/wp-json\/wp\/v2\/types\/post"}],"author":[{"embeddable":true,"href":"https:\/\/eltrabajo.cl\/portal\/wp-json\/wp\/v2\/users\/1"}],"replies":[{"embeddable":true,"href":"https:\/\/eltrabajo.cl\/portal\/wp-json\/wp\/v2\/comments?post=79474"}],"version-history":[{"count":0,"href":"https:\/\/eltrabajo.cl\/portal\/wp-json\/wp\/v2\/posts\/79474\/revisions"}],"wp:featuredmedia":[{"embeddable":true,"href":"https:\/\/eltrabajo.cl\/portal\/wp-json\/wp\/v2\/media\/79475"}],"wp:attachment":[{"href":"https:\/\/eltrabajo.cl\/portal\/wp-json\/wp\/v2\/media?parent=79474"}],"wp:term":[{"taxonomy":"category","embeddable":true,"href":"https:\/\/eltrabajo.cl\/portal\/wp-json\/wp\/v2\/categories?post=79474"},{"taxonomy":"post_tag","embeddable":true,"href":"https:\/\/eltrabajo.cl\/portal\/wp-json\/wp\/v2\/tags?post=79474"}],"curies":[{"name":"wp","href":"https:\/\/api.w.org\/{rel}","templated":true}]}}