{"id":79479,"date":"2017-06-09T06:05:48","date_gmt":"2017-06-09T10:05:48","guid":{"rendered":"http:\/\/www.eltrabajo.cl\/2017\/?p=79479"},"modified":"2017-06-09T06:05:48","modified_gmt":"2017-06-09T10:05:48","slug":"exposicion-travesia-surreal-se-inaugurara-el-miercoles-en-museo-buen-pastor","status":"publish","type":"post","link":"https:\/\/eltrabajo.cl\/portal\/exposicion-travesia-surreal-se-inaugurara-el-miercoles-en-museo-buen-pastor\/","title":{"rendered":"Exposici\u00f3n \u2018Traves\u00eda Surreal\u2019 se inaugurar\u00e1 el mi\u00e9rcoles en Museo Buen Pastor"},"content":{"rendered":"<figure id=\"attachment_79483\" aria-describedby=\"caption-attachment-79483\" style=\"width: 580px\" class=\"wp-caption alignnone\"><img data-recalc-dims=\"1\" loading=\"lazy\" decoding=\"async\" class=\"size-full wp-image-79483\" src=\"https:\/\/i0.wp.com\/www.eltrabajo.cl\/2017\/wp-content\/uploads\/2017\/06\/Pintores3.jpg?resize=580%2C349\" alt=\"SURREALISMO PURO.-  Aqu\u00ed tenemos dos de los trabajos surrealistas que la profesora Natalia C\u00e1diz incluir\u00e1 en su exposici\u00f3n Traves\u00eda Surreal, a partir del pr\u00f3ximo mi\u00e9rcoles.\" width=\"580\" height=\"349\" srcset=\"https:\/\/i0.wp.com\/eltrabajo.cl\/portal\/wp-content\/uploads\/2017\/06\/Pintores3.jpg?w=580&amp;ssl=1 580w, https:\/\/i0.wp.com\/eltrabajo.cl\/portal\/wp-content\/uploads\/2017\/06\/Pintores3.jpg?resize=200%2C120&amp;ssl=1 200w, https:\/\/i0.wp.com\/eltrabajo.cl\/portal\/wp-content\/uploads\/2017\/06\/Pintores3.jpg?resize=300%2C181&amp;ssl=1 300w, https:\/\/i0.wp.com\/eltrabajo.cl\/portal\/wp-content\/uploads\/2017\/06\/Pintores3.jpg?resize=249%2C150&amp;ssl=1 249w, https:\/\/i0.wp.com\/eltrabajo.cl\/portal\/wp-content\/uploads\/2017\/06\/Pintores3.jpg?resize=400%2C241&amp;ssl=1 400w\" sizes=\"auto, (max-width: 580px) 100vw, 580px\" \/><figcaption id=\"caption-attachment-79483\" class=\"wp-caption-text\">SURREALISMO PURO.- Aqu\u00ed tenemos dos de los trabajos surrealistas que la profesora Natalia C\u00e1diz incluir\u00e1 en su exposici\u00f3n Traves\u00eda Surreal, a partir del pr\u00f3ximo mi\u00e9rcoles.<\/figcaption><\/figure>\n<ul>\n<li><span style=\"color: #ff0000;\"><strong>Pintores sanfelipe\u00f1os tambi\u00e9n tienen mucho que ofrecer:<\/strong><\/span><\/li>\n<\/ul>\n<p>La pintora sanfelipe\u00f1a y licenciada en Artes, Natalia C\u00e1diz, la pr\u00f3xima semana inaugurar\u00e1 su tercera exposici\u00f3n de arte surrealista.<br \/>\nDesde hace tiempo ya se viene gestando en el Valle de Aconcagua y especialmente en la comuna de San Felipe, un revitalizado inter\u00e9s de muchas personas por la pintura y por convertirse en pintores, es por ello que hoy en Diario El Trabajo compartimos con nuestros lectores el resultado de una visita realizada ayer al taller de pintura que imparte la licenciada en Artes, Natalia C\u00e1diz Ram\u00edrez.<br \/>\nEsta artista y profesional tambi\u00e9n es pintora y la pr\u00f3xima semana inaugurar\u00e1 su exposici\u00f3n Traves\u00eda Surreal.<\/p>\n<p><strong>MUNDO SURREALISTA<\/strong><br \/>\n\u00bfSe imaginan nuestros lectores poder ver a una vaca pintando o a una persona auto-dibuj\u00e1ndose de la nada misma o a un ser humano con una pecera por cabeza? Pues si nunca lo han visto, ahora lo podr\u00e1n hacer en la exposici\u00f3n que esta profesional pronto presentar\u00e1 en Sociedad.<br \/>\nEste taller de pintura se imparte los martes y jueves desde las 10:00 a las 12:00 horas en las dependencias de la oficina municipal de Cultura, ubicadas en el complejo Museo Buen Pastor. Diario El Trabajo habl\u00f3 con la profesora C\u00e1diz sobre la exposici\u00f3n Traves\u00eda Surreal y tambi\u00e9n sobre sus talleres de pintura.<br \/>\n<strong>&#8211; \u00bfDe qu\u00e9 tratan los talleres de pintura que usted imparte?<\/strong><br \/>\n&#8211; Estos talleres los imparto a grupos de entre 15 a 18 personas por curso, son pinturas al \u00f3leo lo que mis estudiantes aprenden a desarrollar, la mayor\u00eda de ellos ya saben hacerlo, pero tambi\u00e9n tengo alumnos que necesitan m\u00e1s gu\u00eda que otros. El taller es totalmente gratuito para ellos, s\u00f3lo compran los materiales y vienen a los talleres.<br \/>\n<strong>&#8211; \u00bfCu\u00e1ntas obras estar\u00e1s presentando?<\/strong><br \/>\n&#8211; Esta exposici\u00f3n detalla al menos unas 20 pinturas, grandes, medianas y peque\u00f1as. La inauguraci\u00f3n oficial ser\u00e1 este mi\u00e9rcoles 14 de junio a las 20:00 horas, en la misma sala en la que se est\u00e1n exponiendo los trabajos del gran Jabal Sen, la misma estar\u00e1 disponible al p\u00fablico durante todo un mes.<br \/>\n<strong>&#8211; \u00bfQu\u00e9 es lo que pintas y qu\u00e9 es lo que podremos ver?<\/strong><br \/>\n&#8211; Lo surrealismo es lo m\u00edo. Es por eso que mis pinturas son quiz\u00e1s extra\u00f1as para algunas, pero cautivantes para muchos, entre lo que presentar\u00e9 tengo un trabajo de una vaca pintando; a m\u00ed misma auto-dibuj\u00e1ndome; una persona con cabeza de pecera y otras pinturas vivientes.<br \/>\n<strong>&#8211; \u00bfTu trabajo tan cerca como el del maestro Jabal Sen?<\/strong><br \/>\n&#8211; Me siento muy orgullosa de que mis obras sean aceptadas para una galer\u00eda como esta, es un espaldarazo tambi\u00e9n que mi exposici\u00f3n sea la segunda en presentarse, y lo m\u00e1s valioso tambi\u00e9n, exponer despu\u00e9s de Jabal Sen.<br \/>\n<strong>Roberto Gonz\u00e1lez Short<\/strong><\/p>\n<figure id=\"attachment_79480\" aria-describedby=\"caption-attachment-79480\" style=\"width: 580px\" class=\"wp-caption alignnone\"><img data-recalc-dims=\"1\" loading=\"lazy\" decoding=\"async\" class=\"size-full wp-image-79480\" src=\"https:\/\/i0.wp.com\/www.eltrabajo.cl\/2017\/wp-content\/uploads\/2017\/06\/Pintores_Natalia-Cadiz.jpg?resize=580%2C543\" alt=\"Licenciada en Artes (Upla), Natalia C\u00e1diz Ram\u00edrez.\" width=\"580\" height=\"543\" srcset=\"https:\/\/i0.wp.com\/eltrabajo.cl\/portal\/wp-content\/uploads\/2017\/06\/Pintores_Natalia-Cadiz.jpg?w=580&amp;ssl=1 580w, https:\/\/i0.wp.com\/eltrabajo.cl\/portal\/wp-content\/uploads\/2017\/06\/Pintores_Natalia-Cadiz.jpg?resize=160%2C150&amp;ssl=1 160w, https:\/\/i0.wp.com\/eltrabajo.cl\/portal\/wp-content\/uploads\/2017\/06\/Pintores_Natalia-Cadiz.jpg?resize=300%2C281&amp;ssl=1 300w, https:\/\/i0.wp.com\/eltrabajo.cl\/portal\/wp-content\/uploads\/2017\/06\/Pintores_Natalia-Cadiz.jpg?resize=400%2C374&amp;ssl=1 400w\" sizes=\"auto, (max-width: 580px) 100vw, 580px\" \/><figcaption id=\"caption-attachment-79480\" class=\"wp-caption-text\">Licenciada en Artes (Upla), Natalia C\u00e1diz Ram\u00edrez.<\/figcaption><\/figure>\n<figure id=\"attachment_79481\" aria-describedby=\"caption-attachment-79481\" style=\"width: 580px\" class=\"wp-caption alignnone\"><img data-recalc-dims=\"1\" loading=\"lazy\" decoding=\"async\" class=\"size-full wp-image-79481\" src=\"https:\/\/i0.wp.com\/www.eltrabajo.cl\/2017\/wp-content\/uploads\/2017\/06\/Pintores1.jpg?resize=580%2C348\" alt=\"PINTORES LOCALES.- Ellos son s\u00f3lo una parte de los sanfelipe\u00f1os que desde hace muchos a\u00f1os vienen desarrollando sus talentos en estos talleres que se imparten en los talleres de Cultura.\" width=\"580\" height=\"348\" srcset=\"https:\/\/i0.wp.com\/eltrabajo.cl\/portal\/wp-content\/uploads\/2017\/06\/Pintores1.jpg?w=580&amp;ssl=1 580w, https:\/\/i0.wp.com\/eltrabajo.cl\/portal\/wp-content\/uploads\/2017\/06\/Pintores1.jpg?resize=200%2C120&amp;ssl=1 200w, https:\/\/i0.wp.com\/eltrabajo.cl\/portal\/wp-content\/uploads\/2017\/06\/Pintores1.jpg?resize=300%2C180&amp;ssl=1 300w, https:\/\/i0.wp.com\/eltrabajo.cl\/portal\/wp-content\/uploads\/2017\/06\/Pintores1.jpg?resize=250%2C150&amp;ssl=1 250w, https:\/\/i0.wp.com\/eltrabajo.cl\/portal\/wp-content\/uploads\/2017\/06\/Pintores1.jpg?resize=400%2C240&amp;ssl=1 400w\" sizes=\"auto, (max-width: 580px) 100vw, 580px\" \/><figcaption id=\"caption-attachment-79481\" class=\"wp-caption-text\">PINTORES LOCALES.- Ellos son s\u00f3lo una parte de los sanfelipe\u00f1os que desde hace muchos a\u00f1os vienen desarrollando sus talentos en estos talleres que se imparten en los talleres de Cultura.<\/figcaption><\/figure>\n<figure id=\"attachment_79482\" aria-describedby=\"caption-attachment-79482\" style=\"width: 580px\" class=\"wp-caption alignnone\"><img data-recalc-dims=\"1\" loading=\"lazy\" decoding=\"async\" class=\"size-full wp-image-79482\" src=\"https:\/\/i0.wp.com\/www.eltrabajo.cl\/2017\/wp-content\/uploads\/2017\/06\/Pintores2.jpg?resize=580%2C350\" alt=\"VECINA PINTORA.- Do\u00f1a Eliana Ceballos tiene ocho a\u00f1os de pintar, con el tiempo ella ha depurado su propia t\u00e9cnica para lograr mejores trabajos.\" width=\"580\" height=\"350\" srcset=\"https:\/\/i0.wp.com\/eltrabajo.cl\/portal\/wp-content\/uploads\/2017\/06\/Pintores2.jpg?w=580&amp;ssl=1 580w, https:\/\/i0.wp.com\/eltrabajo.cl\/portal\/wp-content\/uploads\/2017\/06\/Pintores2.jpg?resize=200%2C121&amp;ssl=1 200w, https:\/\/i0.wp.com\/eltrabajo.cl\/portal\/wp-content\/uploads\/2017\/06\/Pintores2.jpg?resize=300%2C181&amp;ssl=1 300w, https:\/\/i0.wp.com\/eltrabajo.cl\/portal\/wp-content\/uploads\/2017\/06\/Pintores2.jpg?resize=249%2C150&amp;ssl=1 249w, https:\/\/i0.wp.com\/eltrabajo.cl\/portal\/wp-content\/uploads\/2017\/06\/Pintores2.jpg?resize=400%2C241&amp;ssl=1 400w\" sizes=\"auto, (max-width: 580px) 100vw, 580px\" \/><figcaption id=\"caption-attachment-79482\" class=\"wp-caption-text\">VECINA PINTORA.- Do\u00f1a Eliana Ceballos tiene ocho a\u00f1os de pintar, con el tiempo ella ha depurado su propia t\u00e9cnica para lograr mejores trabajos.<\/figcaption><\/figure>\n<figure id=\"attachment_79484\" aria-describedby=\"caption-attachment-79484\" style=\"width: 580px\" class=\"wp-caption alignnone\"><img data-recalc-dims=\"1\" loading=\"lazy\" decoding=\"async\" class=\"size-full wp-image-79484\" src=\"https:\/\/i0.wp.com\/www.eltrabajo.cl\/2017\/wp-content\/uploads\/2017\/06\/Pintores4.jpg?resize=580%2C348\" alt=\"PINTOR IMPARABLE.- Don Lisandro Castillo ha sacado mucho provecho de este taller de pintura, pues desarrolla m\u00e1s su talento art\u00edstico.\" width=\"580\" height=\"348\" srcset=\"https:\/\/i0.wp.com\/eltrabajo.cl\/portal\/wp-content\/uploads\/2017\/06\/Pintores4.jpg?w=580&amp;ssl=1 580w, https:\/\/i0.wp.com\/eltrabajo.cl\/portal\/wp-content\/uploads\/2017\/06\/Pintores4.jpg?resize=200%2C120&amp;ssl=1 200w, https:\/\/i0.wp.com\/eltrabajo.cl\/portal\/wp-content\/uploads\/2017\/06\/Pintores4.jpg?resize=300%2C180&amp;ssl=1 300w, https:\/\/i0.wp.com\/eltrabajo.cl\/portal\/wp-content\/uploads\/2017\/06\/Pintores4.jpg?resize=250%2C150&amp;ssl=1 250w, https:\/\/i0.wp.com\/eltrabajo.cl\/portal\/wp-content\/uploads\/2017\/06\/Pintores4.jpg?resize=400%2C240&amp;ssl=1 400w\" sizes=\"auto, (max-width: 580px) 100vw, 580px\" \/><figcaption id=\"caption-attachment-79484\" class=\"wp-caption-text\">PINTOR IMPARABLE.- Don Lisandro Castillo ha sacado mucho provecho de este taller de pintura, pues desarrolla m\u00e1s su talento art\u00edstico.<\/figcaption><\/figure>\n<figure id=\"attachment_79485\" aria-describedby=\"caption-attachment-79485\" style=\"width: 580px\" class=\"wp-caption alignnone\"><img data-recalc-dims=\"1\" loading=\"lazy\" decoding=\"async\" class=\"size-full wp-image-79485\" src=\"https:\/\/i0.wp.com\/www.eltrabajo.cl\/2017\/wp-content\/uploads\/2017\/06\/Pintores5.jpg?resize=580%2C348\" alt=\"PRESTIGIO.- Con esta obra: \u2018El umbral de la libertad\u2019, 2017 80 x 100 cm., Natalia C\u00e1diz recibi\u00f3 en Valdivia este a\u00f1o 2017, la \u00fanica Menci\u00f3n de Honor en el concurso Valdivia y sus r\u00edos.\" width=\"580\" height=\"348\" srcset=\"https:\/\/i0.wp.com\/eltrabajo.cl\/portal\/wp-content\/uploads\/2017\/06\/Pintores5.jpg?w=580&amp;ssl=1 580w, https:\/\/i0.wp.com\/eltrabajo.cl\/portal\/wp-content\/uploads\/2017\/06\/Pintores5.jpg?resize=200%2C120&amp;ssl=1 200w, https:\/\/i0.wp.com\/eltrabajo.cl\/portal\/wp-content\/uploads\/2017\/06\/Pintores5.jpg?resize=300%2C180&amp;ssl=1 300w, https:\/\/i0.wp.com\/eltrabajo.cl\/portal\/wp-content\/uploads\/2017\/06\/Pintores5.jpg?resize=250%2C150&amp;ssl=1 250w, https:\/\/i0.wp.com\/eltrabajo.cl\/portal\/wp-content\/uploads\/2017\/06\/Pintores5.jpg?resize=400%2C240&amp;ssl=1 400w\" sizes=\"auto, (max-width: 580px) 100vw, 580px\" \/><figcaption id=\"caption-attachment-79485\" class=\"wp-caption-text\">PRESTIGIO.- Con esta obra: \u2018El umbral de la libertad\u2019, 2017 80 x 100 cm., Natalia C\u00e1diz recibi\u00f3 en Valdivia este a\u00f1o 2017, la \u00fanica Menci\u00f3n de Honor en el concurso Valdivia y sus r\u00edos.<\/figcaption><\/figure>\n","protected":false},"excerpt":{"rendered":"<p>Pintores sanfelipe\u00f1os tambi\u00e9n tienen mucho que ofrecer: La pintora sanfelipe\u00f1a y licenciada en Artes, Natalia C\u00e1diz, la pr\u00f3xima semana inaugurar\u00e1 su tercera exposici\u00f3n de arte surrealista. Desde hace tiempo ya se viene&#8230;<\/p>\n","protected":false},"author":1,"featured_media":79485,"comment_status":"open","ping_status":"open","sticky":false,"template":"","format":"standard","meta":{"advanced_seo_description":"","jetpack_seo_html_title":"","jetpack_seo_noindex":false,"_jetpack_memberships_contains_paid_content":false,"footnotes":""},"categories":[20],"tags":[],"class_list":["post-79479","post","type-post","status-publish","format-standard","has-post-thumbnail","hentry","category-arte-y-cultura"],"jetpack_featured_media_url":"https:\/\/i0.wp.com\/eltrabajo.cl\/portal\/wp-content\/uploads\/2017\/06\/Pintores5.jpg?fit=580%2C348&ssl=1","jetpack_sharing_enabled":true,"jetpack_likes_enabled":true,"jetpack-related-posts":[],"_links":{"self":[{"href":"https:\/\/eltrabajo.cl\/portal\/wp-json\/wp\/v2\/posts\/79479","targetHints":{"allow":["GET"]}}],"collection":[{"href":"https:\/\/eltrabajo.cl\/portal\/wp-json\/wp\/v2\/posts"}],"about":[{"href":"https:\/\/eltrabajo.cl\/portal\/wp-json\/wp\/v2\/types\/post"}],"author":[{"embeddable":true,"href":"https:\/\/eltrabajo.cl\/portal\/wp-json\/wp\/v2\/users\/1"}],"replies":[{"embeddable":true,"href":"https:\/\/eltrabajo.cl\/portal\/wp-json\/wp\/v2\/comments?post=79479"}],"version-history":[{"count":0,"href":"https:\/\/eltrabajo.cl\/portal\/wp-json\/wp\/v2\/posts\/79479\/revisions"}],"wp:featuredmedia":[{"embeddable":true,"href":"https:\/\/eltrabajo.cl\/portal\/wp-json\/wp\/v2\/media\/79485"}],"wp:attachment":[{"href":"https:\/\/eltrabajo.cl\/portal\/wp-json\/wp\/v2\/media?parent=79479"}],"wp:term":[{"taxonomy":"category","embeddable":true,"href":"https:\/\/eltrabajo.cl\/portal\/wp-json\/wp\/v2\/categories?post=79479"},{"taxonomy":"post_tag","embeddable":true,"href":"https:\/\/eltrabajo.cl\/portal\/wp-json\/wp\/v2\/tags?post=79479"}],"curies":[{"name":"wp","href":"https:\/\/api.w.org\/{rel}","templated":true}]}}