{"id":79487,"date":"2017-06-09T06:06:45","date_gmt":"2017-06-09T10:06:45","guid":{"rendered":"http:\/\/www.eltrabajo.cl\/2017\/?p=79487"},"modified":"2017-06-09T06:06:45","modified_gmt":"2017-06-09T10:06:45","slug":"menor-de-6-anos-sufre-quemaduras-al-reventarse-guatero-con-agua-caliente","status":"publish","type":"post","link":"https:\/\/eltrabajo.cl\/portal\/menor-de-6-anos-sufre-quemaduras-al-reventarse-guatero-con-agua-caliente\/","title":{"rendered":"Menor de 6 a\u00f1os sufre quemaduras al reventarse guatero con agua caliente"},"content":{"rendered":"<figure id=\"attachment_79489\" aria-describedby=\"caption-attachment-79489\" style=\"width: 580px\" class=\"wp-caption alignnone\"><img data-recalc-dims=\"1\" loading=\"lazy\" decoding=\"async\" class=\"size-full wp-image-79489\" src=\"https:\/\/i0.wp.com\/www.eltrabajo.cl\/2017\/wp-content\/uploads\/2017\/06\/Santiago.jpg?resize=580%2C349\" alt=\"Santiago Estay, padre del menor quemado, llam\u00f3 a la comunidad a no utilizar guateros.\" width=\"580\" height=\"349\" srcset=\"https:\/\/i0.wp.com\/eltrabajo.cl\/portal\/wp-content\/uploads\/2017\/06\/Santiago.jpg?w=580&amp;ssl=1 580w, https:\/\/i0.wp.com\/eltrabajo.cl\/portal\/wp-content\/uploads\/2017\/06\/Santiago.jpg?resize=200%2C120&amp;ssl=1 200w, https:\/\/i0.wp.com\/eltrabajo.cl\/portal\/wp-content\/uploads\/2017\/06\/Santiago.jpg?resize=300%2C181&amp;ssl=1 300w, https:\/\/i0.wp.com\/eltrabajo.cl\/portal\/wp-content\/uploads\/2017\/06\/Santiago.jpg?resize=249%2C150&amp;ssl=1 249w, https:\/\/i0.wp.com\/eltrabajo.cl\/portal\/wp-content\/uploads\/2017\/06\/Santiago.jpg?resize=400%2C241&amp;ssl=1 400w\" sizes=\"auto, (max-width: 580px) 100vw, 580px\" \/><figcaption id=\"caption-attachment-79489\" class=\"wp-caption-text\">Santiago Estay, padre del menor quemado, llam\u00f3 a la comunidad a no utilizar guateros.<\/figcaption><\/figure>\n<ul>\n<li><span style=\"color: #ff0000;\"><strong>Padre advierte sobre riesgos con este tipo de elementos:<\/strong><\/span><\/li>\n<\/ul>\n<p>Se emociona Santiago Estay al recordar el accidente que sufri\u00f3 su hijo Jerem\u00edas, de 6 a\u00f1os, luego que el \u2018guatero\u2019 que ten\u00eda con agua caliente para calentarse se reventara quem\u00e1ndole los gl\u00fateos y parte de las piernas al menor.<br \/>\nEl afectado cont\u00f3 a nuestro medio lo siguiente: \u00abEl otro d\u00eda (martes) fuimos a la tienda Plastik\u00f3n y compramos dos guateros, uno para mi hija y otro para mi peque\u00f1o que tiene 6 a\u00f1os. Mi se\u00f1ora le ech\u00f3 un poco de agua, le saqu\u00e9 el aire, lo metimos dentro de la fundita que trae y mientras nosotros fuimos al ba\u00f1o a acomodar la lavadora que estaba mal puesta, ah\u00ed fue cuando escuchamos al ni\u00f1o llorar y decir que se hab\u00eda quemado. Lo fui a ver, ten\u00eda el calzoncillo puesto, se lo baj\u00e9 y le ech\u00e9 agua helada para que le bajara un poco el dolor. De inmediato tom\u00e9 el auto, tom\u00e9 al ni\u00f1o y me fui al Plastik\u00f3n a hablar con el caballero. El hombre igual se port\u00f3 bien\u2026 me pidi\u00f3 las disculpas correspondientes. Bueno, yo s\u00e9 que con las disculpas el ni\u00f1o no va a sanar, en todo caso igual yo quer\u00eda hacer una demanda, pero no quiero hacer nada porque \u00e9l (el due\u00f1o) tampoco tiene la culpa\u00bb, dice el padre.<br \/>\nEl \u00fanico objetivo de hacerlo p\u00fablico es para recomendarle a la gente que no le pongan guateros a los ni\u00f1os porque es peligroso.<br \/>\nCuenta que el primer d\u00eda \u00abdormimos muy poco debido a la posici\u00f3n que debe dormir el ni\u00f1o luego del accidente. \u00c9l est\u00e1 acostumbrado a dormir de espaldita y esta vez ten\u00eda que dormir de guatita, eso es molestoso para \u00e9l y para nosotros porque el ni\u00f1o lloraba. Me acost\u00e9 con \u00e9l un rato hasta que se qued\u00f3 dormido de nuevo. A uno como padre le duele porque son sus hijos, tiene su potito lleno de ampollas, duele verlo as\u00ed porque es un ni\u00f1o muy activo, hiperkin\u00e9tico total y ahora verlo todo deca\u00eddo con su dolor; no puede ir a la escuela, tampoco puede sentarse, tiene parches en el potito, sus nalgas las tiene todas quemadas, m\u00e1s encima se hab\u00eda ca\u00eddo, se peg\u00f3 con una piedra, tiene como podrido ah\u00ed, m\u00e1s la quemada, duele verlo as\u00ed. Hay gente que me ha apoyado\u00bb, sostiene.<br \/>\n<strong>&#8211; \u00bfDe la tienda Plastikon le dijeron algo, le ayudaron con algo, alguna crema? <\/strong><br \/>\n&#8211; No, nada\u2026 nada, lo \u00fanico que el caballero me devolvi\u00f3 la plata de la compra y me pidi\u00f3 las disculpas correspondientes y eso fue todo\u00bb.<br \/>\n<strong>&#8211; \u00bfQu\u00e9 pas\u00f3 con el guatero?<\/strong><br \/>\n&#8211; Lo entregu\u00e9\u2026 lo devolv\u00ed.<br \/>\n<strong>&#8211; \u00bfC\u00f3mo fue que se revent\u00f3?<\/strong><br \/>\n&#8211; Simplemente se revent\u00f3.<br \/>\n<strong>&#8211; \u00bfEra de alguna marca conocida?<\/strong><br \/>\n&#8211; No\u2026 no, yo compr\u00e9 el guatero\u2026 no compr\u00e9 marca. El ni\u00f1o pesa 20 kilos, es imposible que lo haya reventado con el peso de \u00e9l o alguna cosa, \u00e9l se lo puso al lado del potito para calentarse porque lo ten\u00eda helado ya que estaba sentado en el suelo, lo mandamos a acostarse ese d\u00eda porque hac\u00eda mucho frio y ten\u00eda sue\u00f1o y sucedi\u00f3 lo que sucedi\u00f3. Menos mal que yo ten\u00eda a mano agua helada, que estaba bien helada, se quej\u00f3 un poquito por el agua helada, ah\u00ed le dije que era la \u00fanica soluci\u00f3n por ahora para que se te quite el dolor. Llor\u00e9 cuando le ech\u00e9 el ag\u00fcita, mi hijo es bien hiperactivo y en ese momento no hac\u00eda nada, estaba quietito, triste, se quejaba del dolor y eso a uno como padre le duele.<br \/>\n<strong>&#8211; \u00bfHas gastado en cremas o algo as\u00ed?<\/strong><br \/>\n&#8211; Hasta el momento\u2026 no, espero que el ni\u00f1o est\u00e9 bien, las heridas no fueron tan profundas como para decir, pero para ellos es un dolor fuerte; imag\u00ednense, para uno es doloroso y para ellos peor.<br \/>\nDice que a \u00e9l como padre le ha afectado mucho, ha dormido poco porque se tiene que acostar al lado de \u00e9l debido al sufrimiento de su hijo; tiene que mantenerlo de lado o con el abdomen hacia abajo, teniendo en cuenta que el menor est\u00e1 acostumbrado a dormir de espalda y le es inc\u00f3modo.<br \/>\nA\u00f1ade que llev\u00f3 a su hijo al Cesfam Doctor Segismundo Iturra donde le indicaron que las quemaduras no eran tan profundas.<br \/>\nEl nombre del menor es Jerem\u00edas y su padre Santiago trabaja en los estacionamientos de la Feria Central ubicada en el terminal de buses de San Felipe.<br \/>\nIntentamos comunicarnos con la tienda al fono que aparece en su publicidad, pero dice que el tel\u00e9fono no est\u00e1 disponible.<\/p>\n<figure id=\"attachment_79488\" aria-describedby=\"caption-attachment-79488\" style=\"width: 580px\" class=\"wp-caption alignnone\"><img data-recalc-dims=\"1\" loading=\"lazy\" decoding=\"async\" class=\"size-full wp-image-79488\" src=\"https:\/\/i0.wp.com\/www.eltrabajo.cl\/2017\/wp-content\/uploads\/2017\/06\/Jerem%C3%ADas-2.jpg?resize=580%2C907\" alt=\"Las quemaduras si bien no fueron profundas, resultaron bastante dolorosas, alcanzando parte de las piernas.\" width=\"580\" height=\"907\" srcset=\"https:\/\/i0.wp.com\/eltrabajo.cl\/portal\/wp-content\/uploads\/2017\/06\/Jerem%C3%ADas-2.jpg?w=580&amp;ssl=1 580w, https:\/\/i0.wp.com\/eltrabajo.cl\/portal\/wp-content\/uploads\/2017\/06\/Jerem%C3%ADas-2.jpg?resize=96%2C150&amp;ssl=1 96w, https:\/\/i0.wp.com\/eltrabajo.cl\/portal\/wp-content\/uploads\/2017\/06\/Jerem%C3%ADas-2.jpg?resize=192%2C300&amp;ssl=1 192w, https:\/\/i0.wp.com\/eltrabajo.cl\/portal\/wp-content\/uploads\/2017\/06\/Jerem%C3%ADas-2.jpg?resize=400%2C626&amp;ssl=1 400w\" sizes=\"auto, (max-width: 580px) 100vw, 580px\" \/><figcaption id=\"caption-attachment-79488\" class=\"wp-caption-text\">Las quemaduras si bien no fueron profundas, resultaron bastante dolorosas, alcanzando parte de las piernas.<\/figcaption><\/figure>\n","protected":false},"excerpt":{"rendered":"<p>Padre advierte sobre riesgos con este tipo de elementos: Se emociona Santiago Estay al recordar el accidente que sufri\u00f3 su hijo Jerem\u00edas, de 6 a\u00f1os, luego que el \u2018guatero\u2019 que ten\u00eda con&#8230;<\/p>\n","protected":false},"author":1,"featured_media":79490,"comment_status":"open","ping_status":"open","sticky":false,"template":"","format":"standard","meta":{"advanced_seo_description":"","jetpack_seo_html_title":"","jetpack_seo_noindex":false,"_jetpack_memberships_contains_paid_content":false,"footnotes":""},"categories":[15],"tags":[],"class_list":["post-79487","post","type-post","status-publish","format-standard","has-post-thumbnail","hentry","category-comunidad"],"jetpack_featured_media_url":"https:\/\/i0.wp.com\/eltrabajo.cl\/portal\/wp-content\/uploads\/2017\/06\/Jeremias-3.jpg?fit=580%2C349&ssl=1","jetpack_sharing_enabled":true,"jetpack_likes_enabled":true,"jetpack-related-posts":[],"_links":{"self":[{"href":"https:\/\/eltrabajo.cl\/portal\/wp-json\/wp\/v2\/posts\/79487","targetHints":{"allow":["GET"]}}],"collection":[{"href":"https:\/\/eltrabajo.cl\/portal\/wp-json\/wp\/v2\/posts"}],"about":[{"href":"https:\/\/eltrabajo.cl\/portal\/wp-json\/wp\/v2\/types\/post"}],"author":[{"embeddable":true,"href":"https:\/\/eltrabajo.cl\/portal\/wp-json\/wp\/v2\/users\/1"}],"replies":[{"embeddable":true,"href":"https:\/\/eltrabajo.cl\/portal\/wp-json\/wp\/v2\/comments?post=79487"}],"version-history":[{"count":0,"href":"https:\/\/eltrabajo.cl\/portal\/wp-json\/wp\/v2\/posts\/79487\/revisions"}],"wp:featuredmedia":[{"embeddable":true,"href":"https:\/\/eltrabajo.cl\/portal\/wp-json\/wp\/v2\/media\/79490"}],"wp:attachment":[{"href":"https:\/\/eltrabajo.cl\/portal\/wp-json\/wp\/v2\/media?parent=79487"}],"wp:term":[{"taxonomy":"category","embeddable":true,"href":"https:\/\/eltrabajo.cl\/portal\/wp-json\/wp\/v2\/categories?post=79487"},{"taxonomy":"post_tag","embeddable":true,"href":"https:\/\/eltrabajo.cl\/portal\/wp-json\/wp\/v2\/tags?post=79487"}],"curies":[{"name":"wp","href":"https:\/\/api.w.org\/{rel}","templated":true}]}}