{"id":79492,"date":"2017-06-12T06:00:41","date_gmt":"2017-06-12T10:00:41","guid":{"rendered":"http:\/\/www.eltrabajo.cl\/2017\/?p=79492"},"modified":"2017-06-12T06:00:41","modified_gmt":"2017-06-12T10:00:41","slug":"union-san-felipe-vence-a-recoleta-en-el-primer-amistoso-de-pretemporada","status":"publish","type":"post","link":"https:\/\/eltrabajo.cl\/portal\/union-san-felipe-vence-a-recoleta-en-el-primer-amistoso-de-pretemporada\/","title":{"rendered":"Uni\u00f3n San Felipe vence a Recoleta en el primer amistoso de Pretemporada"},"content":{"rendered":"<figure id=\"attachment_79493\" aria-describedby=\"caption-attachment-79493\" style=\"width: 580px\" class=\"wp-caption alignnone\"><img data-recalc-dims=\"1\" loading=\"lazy\" decoding=\"async\" class=\"size-full wp-image-79493\" src=\"https:\/\/i0.wp.com\/www.eltrabajo.cl\/2017\/wp-content\/uploads\/2017\/06\/amistoso-con-recoleta.jpg?resize=580%2C349\" alt=\"En el primer pleito de la pretemporada, Uni\u00f3n San Felipe se impuso por la cuenta m\u00ednima a Recoleta.\" width=\"580\" height=\"349\" srcset=\"https:\/\/i0.wp.com\/eltrabajo.cl\/portal\/wp-content\/uploads\/2017\/06\/amistoso-con-recoleta.jpg?w=580&amp;ssl=1 580w, https:\/\/i0.wp.com\/eltrabajo.cl\/portal\/wp-content\/uploads\/2017\/06\/amistoso-con-recoleta.jpg?resize=200%2C120&amp;ssl=1 200w, https:\/\/i0.wp.com\/eltrabajo.cl\/portal\/wp-content\/uploads\/2017\/06\/amistoso-con-recoleta.jpg?resize=300%2C181&amp;ssl=1 300w, https:\/\/i0.wp.com\/eltrabajo.cl\/portal\/wp-content\/uploads\/2017\/06\/amistoso-con-recoleta.jpg?resize=249%2C150&amp;ssl=1 249w, https:\/\/i0.wp.com\/eltrabajo.cl\/portal\/wp-content\/uploads\/2017\/06\/amistoso-con-recoleta.jpg?resize=400%2C241&amp;ssl=1 400w\" sizes=\"auto, (max-width: 580px) 100vw, 580px\" \/><figcaption id=\"caption-attachment-79493\" class=\"wp-caption-text\">En el primer pleito de la pretemporada, Uni\u00f3n San Felipe se impuso por la cuenta m\u00ednima a Recoleta.<\/figcaption><\/figure>\n<p>Con un solitario gol de Sergio Cordero cuando ya se estaba en la recta final del segundo lapso, Uni\u00f3n San Felipe se estren\u00f3 con un triunfo tras vencer al buen equipo de Recoleta en el juego amistoso disputado la ma\u00f1ana del s\u00e1bado pasado en el Complejo Deportivo del Un\u00ed.<br \/>\nEn el lance contra el conjunto capitalino comenzaron a evidenciarse algunos conceptos que quiere implantar el t\u00e9cnico Hern\u00e1n Madrid, partiendo por el hecho que la escuadra albirroja privilegiar\u00e1 el buen trato al bal\u00f3n por sobre el t\u00edpico \u2018raspe\u2019 que impera en la Primera B chilena.<br \/>\nOtra cosa que tambi\u00e9n qued\u00f3 clara, es que Madrid utilizar\u00e1 un equipo titular fijo, es decir buscar\u00e1 introducir los m\u00ednimos cambios posibles entre un partido y otro. \u00abEs la \u00fanica forma de tener competitividad\u00bb, dijo el estratega respecto a ese tema.<br \/>\nEn el primer tiempo los sanfelipe\u00f1os alinearon de la siguiente manera: Jonathan Salvador en el arco; Daniel Silva, David Fern\u00e1ndez, Nicol\u00e1s Suarez y Jos\u00e9 Vargas en la defensa; Emmanuel Pio, Federico Marcucci y Gabriel Moyano conformaron la l\u00ednea de volantes; mientras que en labores netamente ofensivas estuvieron, Jaime Droguett, Miguel Orellana y Ricardo Gonz\u00e1lez.<br \/>\nDurante los primeros cuarenta y cinco minutos se dio un desarrollo del juego muy parejo, quedando muy claro que los sanfelipe\u00f1os a\u00fan est\u00e1n poco finos, producto que se encuentran en plena Pretemporada, por lo que no pudieron superar la resistencia del conjunto ascendido a la Segunda Divisi\u00f3n.<br \/>\nPara el segundo lapso, Madrid, cambi\u00f3 por completo la alineaci\u00f3n, as\u00ed les lleg\u00f3 su hora de actuar a: Andr\u00e9s Fern\u00e1ndez en el arco; F\u00e9lix Cortes, Benjam\u00edn Gazzolo, Jes\u00fas Pino y Mathias Crocco en la \u00faltima l\u00ednea; Jorge Acu\u00f1a, Juan Jeraldino y Gonzalo \u00c1lvarez fueron los volantes; mientras que Jos\u00e9 Luis Silva, Sebasti\u00e1n Cadenas y Sergio Cordero, quedaron en labores ofensivas.<br \/>\nFue la formaci\u00f3n B la encargada de entregar la victoria sanfelipe\u00f1a, en un complemento muy entretenido donde los dos equipos se crearon buenas ocasiones de gol, principalmente Recoleta que desperdici\u00f3 dos claras oportunidades frente al arco custodiado por el joven Andr\u00e9s Fern\u00e1ndez.<br \/>\nCuando todo parec\u00eda indicar que el pleito quedar\u00eda en tablas, el escurridizo y peque\u00f1o delantero, Sebasti\u00e1n Cadenas, comenz\u00f3 a sacarse y deshacerse de la zaga rival para terminar habilitando a Sergio Cordero que no tuvo mayores problemas para colocar la \u00fanica diana del lance. \u00abCumplimos a cabalidad con lo que busc\u00e1bamos para este primer partido, que era dar con una estructura e identidad; adem\u00e1s de dejar en claro las cosas que hay por mejorar\u00bb, dijo el t\u00e9cnico Hern\u00e1n Madrid, una vez concluido el amistoso.<\/p>\n","protected":false},"excerpt":{"rendered":"<p>Con un solitario gol de Sergio Cordero cuando ya se estaba en la recta final del segundo lapso, Uni\u00f3n San Felipe se estren\u00f3 con un triunfo tras vencer al buen equipo de&#8230;<\/p>\n","protected":false},"author":1,"featured_media":79493,"comment_status":"open","ping_status":"open","sticky":false,"template":"","format":"standard","meta":{"advanced_seo_description":"","jetpack_seo_html_title":"","jetpack_seo_noindex":false,"_jetpack_memberships_contains_paid_content":false,"footnotes":""},"categories":[19],"tags":[],"class_list":["post-79492","post","type-post","status-publish","format-standard","has-post-thumbnail","hentry","category-deportes"],"jetpack_featured_media_url":"https:\/\/i0.wp.com\/eltrabajo.cl\/portal\/wp-content\/uploads\/2017\/06\/amistoso-con-recoleta.jpg?fit=580%2C349&ssl=1","jetpack_sharing_enabled":true,"jetpack_likes_enabled":true,"jetpack-related-posts":[],"_links":{"self":[{"href":"https:\/\/eltrabajo.cl\/portal\/wp-json\/wp\/v2\/posts\/79492","targetHints":{"allow":["GET"]}}],"collection":[{"href":"https:\/\/eltrabajo.cl\/portal\/wp-json\/wp\/v2\/posts"}],"about":[{"href":"https:\/\/eltrabajo.cl\/portal\/wp-json\/wp\/v2\/types\/post"}],"author":[{"embeddable":true,"href":"https:\/\/eltrabajo.cl\/portal\/wp-json\/wp\/v2\/users\/1"}],"replies":[{"embeddable":true,"href":"https:\/\/eltrabajo.cl\/portal\/wp-json\/wp\/v2\/comments?post=79492"}],"version-history":[{"count":0,"href":"https:\/\/eltrabajo.cl\/portal\/wp-json\/wp\/v2\/posts\/79492\/revisions"}],"wp:featuredmedia":[{"embeddable":true,"href":"https:\/\/eltrabajo.cl\/portal\/wp-json\/wp\/v2\/media\/79493"}],"wp:attachment":[{"href":"https:\/\/eltrabajo.cl\/portal\/wp-json\/wp\/v2\/media?parent=79492"}],"wp:term":[{"taxonomy":"category","embeddable":true,"href":"https:\/\/eltrabajo.cl\/portal\/wp-json\/wp\/v2\/categories?post=79492"},{"taxonomy":"post_tag","embeddable":true,"href":"https:\/\/eltrabajo.cl\/portal\/wp-json\/wp\/v2\/tags?post=79492"}],"curies":[{"name":"wp","href":"https:\/\/api.w.org\/{rel}","templated":true}]}}