{"id":79499,"date":"2017-06-12T06:02:22","date_gmt":"2017-06-12T10:02:22","guid":{"rendered":"http:\/\/www.eltrabajo.cl\/2017\/?p=79499"},"modified":"2017-06-12T06:02:22","modified_gmt":"2017-06-12T10:02:22","slug":"con-almuerzo-ceremonia-y-desfile-celebran-179-anos-del-liceo-de-hombres","status":"publish","type":"post","link":"https:\/\/eltrabajo.cl\/portal\/con-almuerzo-ceremonia-y-desfile-celebran-179-anos-del-liceo-de-hombres\/","title":{"rendered":"Con almuerzo, ceremonia y desfile celebran 179 a\u00f1os del Liceo de Hombres"},"content":{"rendered":"<figure id=\"attachment_79504\" aria-describedby=\"caption-attachment-79504\" style=\"width: 580px\" class=\"wp-caption alignnone\"><img data-recalc-dims=\"1\" loading=\"lazy\" decoding=\"async\" class=\"size-full wp-image-79504\" src=\"https:\/\/i0.wp.com\/www.eltrabajo.cl\/2017\/wp-content\/uploads\/2017\/06\/Aniversario2.jpg?resize=580%2C350\" alt=\"DESFILE DE HONOR.- Luego de la ceremonia hubo un desfile por el centro de nuestra ciudad y un almuerzo en camarader\u00eda, as\u00ed como muchos recuerdos que compartir.\" width=\"580\" height=\"350\" srcset=\"https:\/\/i0.wp.com\/eltrabajo.cl\/portal\/wp-content\/uploads\/2017\/06\/Aniversario2.jpg?w=580&amp;ssl=1 580w, https:\/\/i0.wp.com\/eltrabajo.cl\/portal\/wp-content\/uploads\/2017\/06\/Aniversario2.jpg?resize=200%2C121&amp;ssl=1 200w, https:\/\/i0.wp.com\/eltrabajo.cl\/portal\/wp-content\/uploads\/2017\/06\/Aniversario2.jpg?resize=300%2C181&amp;ssl=1 300w, https:\/\/i0.wp.com\/eltrabajo.cl\/portal\/wp-content\/uploads\/2017\/06\/Aniversario2.jpg?resize=249%2C150&amp;ssl=1 249w, https:\/\/i0.wp.com\/eltrabajo.cl\/portal\/wp-content\/uploads\/2017\/06\/Aniversario2.jpg?resize=400%2C241&amp;ssl=1 400w\" sizes=\"auto, (max-width: 580px) 100vw, 580px\" \/><figcaption id=\"caption-attachment-79504\" class=\"wp-caption-text\">DESFILE DE HONOR.- Luego de la ceremonia hubo un desfile por el centro de nuestra ciudad y un almuerzo en camarader\u00eda, as\u00ed como muchos recuerdos que compartir.<\/figcaption><\/figure>\n<p>Este s\u00e1bado en el marco de los festejos para conmemorar el 179\u00ba aniversario del Liceo de Hombres Roberto Humeres Oyaneder, de San Felipe, fundado en 1838, se hizo un reconocimiento a los egresados de las generaciones 1967 y 1977. El evento se realiz\u00f3 en el propio teatro del liceo, cont\u00f3 con la presencia de profesores, exalumnos y autoridades municipales y de educaci\u00f3n.<br \/>\nEn cuanto a la generaci\u00f3n de los egresados de 1967, el homenaje fue asignado a Zenobio Saldivia Maldonado, por su dilatada trayectoria en el campo de la educaci\u00f3n, la difusi\u00f3n cient\u00edfica y la cultura en general. Por su parte Saldivia pronunci\u00f3 un discurso resaltando las metodolog\u00edas y los objetivos de la educaci\u00f3n en la d\u00e9cada del sesenta del siglo XX, y enfatiz\u00f3 en el sentido m\u00e1s humanista del proceso ense\u00f1anza-aprendizaje, manifestando tambi\u00e9n la gloriosa tradici\u00f3n del establecimiento y su aporte a la vida democr\u00e1tica del pa\u00eds, haciendo un recordatorio de los personajes m\u00e1s relevantes que han pasado por este establecimiento, tales como el pol\u00edtico y oficial de la Armada, Guillermo Ba\u00f1ados Honorato y el pol\u00edtico y presidente de la rep\u00fablica Pedro Aguirre Cerda, entre otros. Luego de la ceremonia hubo un desfile por el centro de nuestra ciudad y un almuerzo en camarader\u00eda, as\u00ed como muchos recuerdos que compartir.<br \/>\n<strong>Roberto Gonz\u00e1lez Short<\/strong><\/p>\n<figure id=\"attachment_79500\" aria-describedby=\"caption-attachment-79500\" style=\"width: 580px\" class=\"wp-caption alignnone\"><img data-recalc-dims=\"1\" loading=\"lazy\" decoding=\"async\" class=\"size-full wp-image-79500\" src=\"https:\/\/i0.wp.com\/www.eltrabajo.cl\/2017\/wp-content\/uploads\/2017\/06\/Aniversario_3.jpg?resize=580%2C350\" alt=\"GENERACI\u00d3N 1970.- Ellos son los chiquillos de 1970, los m\u00e1s tremendos de esa d\u00e9cada de locura y aprendizaje.\" width=\"580\" height=\"350\" srcset=\"https:\/\/i0.wp.com\/eltrabajo.cl\/portal\/wp-content\/uploads\/2017\/06\/Aniversario_3.jpg?w=580&amp;ssl=1 580w, https:\/\/i0.wp.com\/eltrabajo.cl\/portal\/wp-content\/uploads\/2017\/06\/Aniversario_3.jpg?resize=200%2C121&amp;ssl=1 200w, https:\/\/i0.wp.com\/eltrabajo.cl\/portal\/wp-content\/uploads\/2017\/06\/Aniversario_3.jpg?resize=300%2C181&amp;ssl=1 300w, https:\/\/i0.wp.com\/eltrabajo.cl\/portal\/wp-content\/uploads\/2017\/06\/Aniversario_3.jpg?resize=249%2C150&amp;ssl=1 249w, https:\/\/i0.wp.com\/eltrabajo.cl\/portal\/wp-content\/uploads\/2017\/06\/Aniversario_3.jpg?resize=400%2C241&amp;ssl=1 400w\" sizes=\"auto, (max-width: 580px) 100vw, 580px\" \/><figcaption id=\"caption-attachment-79500\" class=\"wp-caption-text\">GENERACI\u00d3N 1970.- Ellos son los chiquillos de 1970, los m\u00e1s tremendos de esa d\u00e9cada de locura y aprendizaje.<\/figcaption><\/figure>\n<figure id=\"attachment_79501\" aria-describedby=\"caption-attachment-79501\" style=\"width: 579px\" class=\"wp-caption alignnone\"><img data-recalc-dims=\"1\" loading=\"lazy\" decoding=\"async\" class=\"size-full wp-image-79501\" src=\"https:\/\/i0.wp.com\/www.eltrabajo.cl\/2017\/wp-content\/uploads\/2017\/06\/Aniversario_Jose-Plaza.jpg?resize=579%2C582\" alt=\"Jos\u00e9 Plaza \u00c1lvarez, Generaci\u00f3n 1970: \u00abUna gran oportunidad de reencontrarnos con nuestros compa\u00f1eros de infancia y juventud, volvemos a ser ni\u00f1os y poder compartir temas de nuestra \u00e9poca, sobre los patios de tierra y cosas que ten\u00edamos antes, no como ahora con tanta tecnolog\u00eda\u00bb.\" width=\"579\" height=\"582\" srcset=\"https:\/\/i0.wp.com\/eltrabajo.cl\/portal\/wp-content\/uploads\/2017\/06\/Aniversario_Jose-Plaza.jpg?w=579&amp;ssl=1 579w, https:\/\/i0.wp.com\/eltrabajo.cl\/portal\/wp-content\/uploads\/2017\/06\/Aniversario_Jose-Plaza.jpg?resize=149%2C150&amp;ssl=1 149w, https:\/\/i0.wp.com\/eltrabajo.cl\/portal\/wp-content\/uploads\/2017\/06\/Aniversario_Jose-Plaza.jpg?resize=298%2C300&amp;ssl=1 298w, https:\/\/i0.wp.com\/eltrabajo.cl\/portal\/wp-content\/uploads\/2017\/06\/Aniversario_Jose-Plaza.jpg?resize=400%2C402&amp;ssl=1 400w\" sizes=\"auto, (max-width: 579px) 100vw, 579px\" \/><figcaption id=\"caption-attachment-79501\" class=\"wp-caption-text\">Jos\u00e9 Plaza \u00c1lvarez, Generaci\u00f3n 1970: \u00abUna gran oportunidad de reencontrarnos con nuestros compa\u00f1eros de infancia y juventud, volvemos a ser ni\u00f1os y poder compartir temas de nuestra \u00e9poca, sobre los patios de tierra y cosas que ten\u00edamos antes, no como ahora con tanta tecnolog\u00eda\u00bb.<\/figcaption><\/figure>\n<figure id=\"attachment_79502\" aria-describedby=\"caption-attachment-79502\" style=\"width: 579px\" class=\"wp-caption alignnone\"><img data-recalc-dims=\"1\" loading=\"lazy\" decoding=\"async\" class=\"size-full wp-image-79502\" src=\"https:\/\/i0.wp.com\/www.eltrabajo.cl\/2017\/wp-content\/uploads\/2017\/06\/Aniversario_Romina-Fumey.jpg?resize=579%2C625\" alt=\"Romina Fumey, directora del Liceo Roberto Humeres: \u00abLos exalumnos se han reunido en el teatro de nuestro liceo, fue designado el exalumno Zenobio Saldivia por sus 50 a\u00f1os de egreso, para que nos presentara un discurso sobre su vida y trayectoria\u00bb.\" width=\"579\" height=\"625\" srcset=\"https:\/\/i0.wp.com\/eltrabajo.cl\/portal\/wp-content\/uploads\/2017\/06\/Aniversario_Romina-Fumey.jpg?w=579&amp;ssl=1 579w, https:\/\/i0.wp.com\/eltrabajo.cl\/portal\/wp-content\/uploads\/2017\/06\/Aniversario_Romina-Fumey.jpg?resize=139%2C150&amp;ssl=1 139w, https:\/\/i0.wp.com\/eltrabajo.cl\/portal\/wp-content\/uploads\/2017\/06\/Aniversario_Romina-Fumey.jpg?resize=278%2C300&amp;ssl=1 278w, https:\/\/i0.wp.com\/eltrabajo.cl\/portal\/wp-content\/uploads\/2017\/06\/Aniversario_Romina-Fumey.jpg?resize=400%2C432&amp;ssl=1 400w\" sizes=\"auto, (max-width: 579px) 100vw, 579px\" \/><figcaption id=\"caption-attachment-79502\" class=\"wp-caption-text\">Romina Fumey, directora del Liceo Roberto Humeres: \u00abLos exalumnos se han reunido en el teatro de nuestro liceo, fue designado el exalumno Zenobio Saldivia por sus 50 a\u00f1os de egreso, para que nos presentara un discurso sobre su vida y trayectoria\u00bb.<\/figcaption><\/figure>\n<figure id=\"attachment_79503\" aria-describedby=\"caption-attachment-79503\" style=\"width: 580px\" class=\"wp-caption alignnone\"><img data-recalc-dims=\"1\" loading=\"lazy\" decoding=\"async\" class=\"size-full wp-image-79503\" src=\"https:\/\/i0.wp.com\/www.eltrabajo.cl\/2017\/wp-content\/uploads\/2017\/06\/Aniversario1.jpg?resize=580%2C349\" alt=\"GENERACI\u00d3N 1967.- Aqu\u00ed tenemos a la generaci\u00f3n de 1967, hombres ya maduros que tan s\u00f3lo ayer corr\u00edan por los pasillos del Roberto Humeres con un coraz\u00f3n lleno de ilusiones.\" width=\"580\" height=\"349\" srcset=\"https:\/\/i0.wp.com\/eltrabajo.cl\/portal\/wp-content\/uploads\/2017\/06\/Aniversario1.jpg?w=580&amp;ssl=1 580w, https:\/\/i0.wp.com\/eltrabajo.cl\/portal\/wp-content\/uploads\/2017\/06\/Aniversario1.jpg?resize=200%2C120&amp;ssl=1 200w, https:\/\/i0.wp.com\/eltrabajo.cl\/portal\/wp-content\/uploads\/2017\/06\/Aniversario1.jpg?resize=300%2C181&amp;ssl=1 300w, https:\/\/i0.wp.com\/eltrabajo.cl\/portal\/wp-content\/uploads\/2017\/06\/Aniversario1.jpg?resize=249%2C150&amp;ssl=1 249w, https:\/\/i0.wp.com\/eltrabajo.cl\/portal\/wp-content\/uploads\/2017\/06\/Aniversario1.jpg?resize=400%2C241&amp;ssl=1 400w\" sizes=\"auto, (max-width: 580px) 100vw, 580px\" \/><figcaption id=\"caption-attachment-79503\" class=\"wp-caption-text\">GENERACI\u00d3N 1967.- Aqu\u00ed tenemos a la generaci\u00f3n de 1967, hombres ya maduros que tan s\u00f3lo ayer corr\u00edan por los pasillos del Roberto Humeres con un coraz\u00f3n lleno de ilusiones.<\/figcaption><\/figure>\n<figure id=\"attachment_79505\" aria-describedby=\"caption-attachment-79505\" style=\"width: 580px\" class=\"wp-caption alignnone\"><img data-recalc-dims=\"1\" loading=\"lazy\" decoding=\"async\" class=\"size-full wp-image-79505\" src=\"https:\/\/i0.wp.com\/www.eltrabajo.cl\/2017\/wp-content\/uploads\/2017\/06\/Aniversario4.jpg?resize=580%2C350\" alt=\"PREMIADO EGRESADO.- El Dr. Zenobio Saldivia este a\u00f1o fue el exalumno designado para presentar su discurso ante la gran asamblea.\" width=\"580\" height=\"350\" srcset=\"https:\/\/i0.wp.com\/eltrabajo.cl\/portal\/wp-content\/uploads\/2017\/06\/Aniversario4.jpg?w=580&amp;ssl=1 580w, https:\/\/i0.wp.com\/eltrabajo.cl\/portal\/wp-content\/uploads\/2017\/06\/Aniversario4.jpg?resize=200%2C121&amp;ssl=1 200w, https:\/\/i0.wp.com\/eltrabajo.cl\/portal\/wp-content\/uploads\/2017\/06\/Aniversario4.jpg?resize=300%2C181&amp;ssl=1 300w, https:\/\/i0.wp.com\/eltrabajo.cl\/portal\/wp-content\/uploads\/2017\/06\/Aniversario4.jpg?resize=249%2C150&amp;ssl=1 249w, https:\/\/i0.wp.com\/eltrabajo.cl\/portal\/wp-content\/uploads\/2017\/06\/Aniversario4.jpg?resize=400%2C241&amp;ssl=1 400w\" sizes=\"auto, (max-width: 580px) 100vw, 580px\" \/><figcaption id=\"caption-attachment-79505\" class=\"wp-caption-text\">PREMIADO EGRESADO.- El Dr. Zenobio Saldivia este a\u00f1o fue el exalumno designado para presentar su discurso ante la gran asamblea.<\/figcaption><\/figure>\n<figure id=\"attachment_79506\" aria-describedby=\"caption-attachment-79506\" style=\"width: 580px\" class=\"wp-caption alignnone\"><img data-recalc-dims=\"1\" loading=\"lazy\" decoding=\"async\" class=\"size-full wp-image-79506\" src=\"https:\/\/i0.wp.com\/www.eltrabajo.cl\/2017\/wp-content\/uploads\/2017\/06\/Aniversario5.jpg?resize=580%2C349\" alt=\"TRAS CUATRO D\u00c9CADAS.- Aqu\u00ed tenemos a los egresados de la generaci\u00f3n de 1977, ahora cuarenta a\u00f1os despu\u00e9s.\" width=\"580\" height=\"349\" srcset=\"https:\/\/i0.wp.com\/eltrabajo.cl\/portal\/wp-content\/uploads\/2017\/06\/Aniversario5.jpg?w=580&amp;ssl=1 580w, https:\/\/i0.wp.com\/eltrabajo.cl\/portal\/wp-content\/uploads\/2017\/06\/Aniversario5.jpg?resize=200%2C120&amp;ssl=1 200w, https:\/\/i0.wp.com\/eltrabajo.cl\/portal\/wp-content\/uploads\/2017\/06\/Aniversario5.jpg?resize=300%2C181&amp;ssl=1 300w, https:\/\/i0.wp.com\/eltrabajo.cl\/portal\/wp-content\/uploads\/2017\/06\/Aniversario5.jpg?resize=249%2C150&amp;ssl=1 249w, https:\/\/i0.wp.com\/eltrabajo.cl\/portal\/wp-content\/uploads\/2017\/06\/Aniversario5.jpg?resize=400%2C241&amp;ssl=1 400w\" sizes=\"auto, (max-width: 580px) 100vw, 580px\" \/><figcaption id=\"caption-attachment-79506\" class=\"wp-caption-text\">TRAS CUATRO D\u00c9CADAS.- Aqu\u00ed tenemos a los egresados de la generaci\u00f3n de 1977, ahora cuarenta a\u00f1os despu\u00e9s.<\/figcaption><\/figure>\n","protected":false},"excerpt":{"rendered":"<p>Este s\u00e1bado en el marco de los festejos para conmemorar el 179\u00ba aniversario del Liceo de Hombres Roberto Humeres Oyaneder, de San Felipe, fundado en 1838, se hizo un reconocimiento a los&#8230;<\/p>\n","protected":false},"author":1,"featured_media":79500,"comment_status":"open","ping_status":"open","sticky":false,"template":"","format":"standard","meta":{"advanced_seo_description":"","jetpack_seo_html_title":"","jetpack_seo_noindex":false,"_jetpack_memberships_contains_paid_content":false,"footnotes":""},"categories":[15],"tags":[],"class_list":["post-79499","post","type-post","status-publish","format-standard","has-post-thumbnail","hentry","category-comunidad"],"jetpack_featured_media_url":"https:\/\/i0.wp.com\/eltrabajo.cl\/portal\/wp-content\/uploads\/2017\/06\/Aniversario_3.jpg?fit=580%2C350&ssl=1","jetpack_sharing_enabled":true,"jetpack_likes_enabled":true,"jetpack-related-posts":[],"_links":{"self":[{"href":"https:\/\/eltrabajo.cl\/portal\/wp-json\/wp\/v2\/posts\/79499","targetHints":{"allow":["GET"]}}],"collection":[{"href":"https:\/\/eltrabajo.cl\/portal\/wp-json\/wp\/v2\/posts"}],"about":[{"href":"https:\/\/eltrabajo.cl\/portal\/wp-json\/wp\/v2\/types\/post"}],"author":[{"embeddable":true,"href":"https:\/\/eltrabajo.cl\/portal\/wp-json\/wp\/v2\/users\/1"}],"replies":[{"embeddable":true,"href":"https:\/\/eltrabajo.cl\/portal\/wp-json\/wp\/v2\/comments?post=79499"}],"version-history":[{"count":0,"href":"https:\/\/eltrabajo.cl\/portal\/wp-json\/wp\/v2\/posts\/79499\/revisions"}],"wp:featuredmedia":[{"embeddable":true,"href":"https:\/\/eltrabajo.cl\/portal\/wp-json\/wp\/v2\/media\/79500"}],"wp:attachment":[{"href":"https:\/\/eltrabajo.cl\/portal\/wp-json\/wp\/v2\/media?parent=79499"}],"wp:term":[{"taxonomy":"category","embeddable":true,"href":"https:\/\/eltrabajo.cl\/portal\/wp-json\/wp\/v2\/categories?post=79499"},{"taxonomy":"post_tag","embeddable":true,"href":"https:\/\/eltrabajo.cl\/portal\/wp-json\/wp\/v2\/tags?post=79499"}],"curies":[{"name":"wp","href":"https:\/\/api.w.org\/{rel}","templated":true}]}}