{"id":79508,"date":"2017-06-12T06:03:28","date_gmt":"2017-06-12T10:03:28","guid":{"rendered":"http:\/\/www.eltrabajo.cl\/2017\/?p=79508"},"modified":"2017-06-12T06:03:28","modified_gmt":"2017-06-12T10:03:28","slug":"anuncian-maraton-del-valle-de-aconcagua-para-el-mes-de-noviembre","status":"publish","type":"post","link":"https:\/\/eltrabajo.cl\/portal\/anuncian-maraton-del-valle-de-aconcagua-para-el-mes-de-noviembre\/","title":{"rendered":"Anuncian Marat\u00f3n del Valle de Aconcagua para el mes de noviembre"},"content":{"rendered":"<figure id=\"attachment_79509\" aria-describedby=\"caption-attachment-79509\" style=\"width: 580px\" class=\"wp-caption alignnone\"><img data-recalc-dims=\"1\" loading=\"lazy\" decoding=\"async\" class=\"size-full wp-image-79509\" src=\"https:\/\/i0.wp.com\/www.eltrabajo.cl\/2017\/wp-content\/uploads\/2017\/06\/Maraton1.jpg?resize=580%2C350\" alt=\"En el encuentro se abarc\u00f3 la log\u00edstica que implicar\u00e1 la realizaci\u00f3n del evento, el cual espera congregar a m\u00e1s de 10 mil personas de diversas ciudades del pa\u00eds.\" width=\"580\" height=\"350\" srcset=\"https:\/\/i0.wp.com\/eltrabajo.cl\/portal\/wp-content\/uploads\/2017\/06\/Maraton1.jpg?w=580&amp;ssl=1 580w, https:\/\/i0.wp.com\/eltrabajo.cl\/portal\/wp-content\/uploads\/2017\/06\/Maraton1.jpg?resize=200%2C121&amp;ssl=1 200w, https:\/\/i0.wp.com\/eltrabajo.cl\/portal\/wp-content\/uploads\/2017\/06\/Maraton1.jpg?resize=300%2C181&amp;ssl=1 300w, https:\/\/i0.wp.com\/eltrabajo.cl\/portal\/wp-content\/uploads\/2017\/06\/Maraton1.jpg?resize=249%2C150&amp;ssl=1 249w, https:\/\/i0.wp.com\/eltrabajo.cl\/portal\/wp-content\/uploads\/2017\/06\/Maraton1.jpg?resize=400%2C241&amp;ssl=1 400w\" sizes=\"auto, (max-width: 580px) 100vw, 580px\" \/><figcaption id=\"caption-attachment-79509\" class=\"wp-caption-text\">En el encuentro se abarc\u00f3 la log\u00edstica que implicar\u00e1 la realizaci\u00f3n del evento, el cual espera congregar a m\u00e1s de 10 mil personas de diversas ciudades del pa\u00eds.<\/figcaption><\/figure>\n<p>Una gran fiesta deportiva promete llevarse a cabo el domingo 12 de noviembre con la primera Marat\u00f3n del Valle de Aconcagua, la cual contar\u00e1 con distancias de 2, 5, 10, 21 y 42 kil\u00f3metros y que \u2013en su m\u00e1xima distancia- abarcar\u00e1 las comunas de Los Andes, Rinconada, San Felipe, Santa Mar\u00eda y San Esteban.<br \/>\nEl alcalde Patricio Freire encabez\u00f3 la reuni\u00f3n realizada este jueves en San Felipe, en la cual se entreg\u00f3 informaci\u00f3n sobre la log\u00edstica que implicar\u00e1 la realizaci\u00f3n de este evento. Tras el encuentro, Freire expres\u00f3 la relevancia de la participaci\u00f3n sanfelipe\u00f1a en la actividad, \u00abes important\u00edsimo estar presente en esta primera Marat\u00f3n del Valle de Aconcagua, que va a ser la primera de muchas. Con una buena organizaci\u00f3n vamos a llegar a un gran evento que va a ser de connotaci\u00f3n nacional. Esto adem\u00e1s va a apoyar la parte tur\u00edstica y va a tener un gran impacto tanto para la comuna, como para la regi\u00f3n de Aconcagua\u00bb.<br \/>\nPor su parte Diego Cort\u00e9s, miembro de la productora Aventura Aconcagua y quien estar\u00e1 a cargo de la producci\u00f3n del evento, se\u00f1al\u00f3 que \u00ablas inscripciones ya est\u00e1n abiertas en una etapa de preventa a valores muy convenientes, la marat\u00f3n tendr\u00e1 modalidades que son innovadoras y \u00fanicas en Chile, una es la marat\u00f3n de los 42 kil\u00f3metros posta, en la cual se corre en equipo y tambi\u00e9n tenemos una modalidad de 10 kil\u00f3metros que tambi\u00e9n es en equipo. Esto va a ser una fiesta deportiva vinculada con los paisajes hermosos que tenemos como Valle de Aconcagua, con todos los spot tur\u00edsticos, las rutas, correr entre vi\u00f1as y con una cordillera nevada. La identidad de esta marat\u00f3n es: Valle de Aconcagua\u00bb, indic\u00f3 Cort\u00e9s.<br \/>\nRespecto a la seguridad que implica la realizaci\u00f3n de este tipo de eventos y para la tranquilidad de las familias que participar\u00e1n en la marat\u00f3n, Diego Cort\u00e9s se\u00f1al\u00f3 que \u00absomos una productora con once a\u00f1os de experiencia en actividades deportivas y trabajamos con empresas especializadas en t\u00e9rminos de seguridad y salud que est\u00e1n certificados por los organismos competentes y nos dan resguardo en todo \u00e1mbito. Adem\u00e1s, cada corredor que participe tiene un seguro asociado a su inscripci\u00f3n, por lo tanto, cualquier problema de salud que tenga est\u00e1 incluido dentro del valor de la inscripci\u00f3n\u00bb.<br \/>\nDanilo Pe\u00f1a, coordinador del departamento de Deportes y Actividad F\u00edsica municipal, se refiri\u00f3 al rol que tendr\u00e1 su departamento en el desarrollo de la actividad.<br \/>\n\u00abAl igual que en todos los municipios, el departamento de deportes ser\u00e1 el equipo que apoye en la coordinaci\u00f3n de todo lo necesario para desarrollar la carrera y el paso de los corredores por nuestra comuna. Asimismo, tendremos que entregar todo el apoyo en lo que tiene que ver con los d\u00edas previos a la marat\u00f3n, espec\u00edficamente el d\u00eda viernes y s\u00e1bado, con la entrega de los kit que se va a realizar en la Plaza de San Felipe\u00bb.<br \/>\nPor \u00faltimo, Pe\u00f1a se\u00f1al\u00f3 la importancia de que la comunidad sanfelipe\u00f1a est\u00e9 informada sobre el desarrollo de la actividad, \u00abtoda la comuna tiene que enterarse que el tr\u00e1nsito va a estar interrumpido durante la jornada del d\u00eda domingo, s\u00e1bado y el viernes tambi\u00e9n vamos a tener la entrega de kit en el centro de la ciudad. Entonces si bien es cierto va a ser una gran intervenci\u00f3n en nuestra comuna, a la vez los beneficios que trae una mega producci\u00f3n deportiva como esta nos tiene muy contentos y esperamos poder contribuir con que este sea el magno evento que esperamos\u00bb.<br \/>\nPara m\u00e1s informaci\u00f3n sobre la primera Marat\u00f3n del Valle de Aconcagua, visitar http:\/\/www.maraton valleaconcagua.cl.<\/p>\n","protected":false},"excerpt":{"rendered":"<p>Una gran fiesta deportiva promete llevarse a cabo el domingo 12 de noviembre con la primera Marat\u00f3n del Valle de Aconcagua, la cual contar\u00e1 con distancias de 2, 5, 10, 21 y&#8230;<\/p>\n","protected":false},"author":1,"featured_media":79509,"comment_status":"open","ping_status":"open","sticky":false,"template":"","format":"standard","meta":{"advanced_seo_description":"","jetpack_seo_html_title":"","jetpack_seo_noindex":false,"_jetpack_memberships_contains_paid_content":false,"footnotes":""},"categories":[1],"tags":[],"class_list":["post-79508","post","type-post","status-publish","format-standard","has-post-thumbnail","hentry","category-cronica"],"jetpack_featured_media_url":"https:\/\/i0.wp.com\/eltrabajo.cl\/portal\/wp-content\/uploads\/2017\/06\/Maraton1.jpg?fit=580%2C350&ssl=1","jetpack_sharing_enabled":true,"jetpack_likes_enabled":true,"jetpack-related-posts":[],"_links":{"self":[{"href":"https:\/\/eltrabajo.cl\/portal\/wp-json\/wp\/v2\/posts\/79508","targetHints":{"allow":["GET"]}}],"collection":[{"href":"https:\/\/eltrabajo.cl\/portal\/wp-json\/wp\/v2\/posts"}],"about":[{"href":"https:\/\/eltrabajo.cl\/portal\/wp-json\/wp\/v2\/types\/post"}],"author":[{"embeddable":true,"href":"https:\/\/eltrabajo.cl\/portal\/wp-json\/wp\/v2\/users\/1"}],"replies":[{"embeddable":true,"href":"https:\/\/eltrabajo.cl\/portal\/wp-json\/wp\/v2\/comments?post=79508"}],"version-history":[{"count":0,"href":"https:\/\/eltrabajo.cl\/portal\/wp-json\/wp\/v2\/posts\/79508\/revisions"}],"wp:featuredmedia":[{"embeddable":true,"href":"https:\/\/eltrabajo.cl\/portal\/wp-json\/wp\/v2\/media\/79509"}],"wp:attachment":[{"href":"https:\/\/eltrabajo.cl\/portal\/wp-json\/wp\/v2\/media?parent=79508"}],"wp:term":[{"taxonomy":"category","embeddable":true,"href":"https:\/\/eltrabajo.cl\/portal\/wp-json\/wp\/v2\/categories?post=79508"},{"taxonomy":"post_tag","embeddable":true,"href":"https:\/\/eltrabajo.cl\/portal\/wp-json\/wp\/v2\/tags?post=79508"}],"curies":[{"name":"wp","href":"https:\/\/api.w.org\/{rel}","templated":true}]}}