{"id":79511,"date":"2017-06-12T06:04:36","date_gmt":"2017-06-12T10:04:36","guid":{"rendered":"http:\/\/www.eltrabajo.cl\/2017\/?p=79511"},"modified":"2017-06-12T06:04:36","modified_gmt":"2017-06-12T10:04:36","slug":"exconcejal-y-cinco-familias-afectadas-por-aguas-servidas-en-villa-esplendor","status":"publish","type":"post","link":"https:\/\/eltrabajo.cl\/portal\/exconcejal-y-cinco-familias-afectadas-por-aguas-servidas-en-villa-esplendor\/","title":{"rendered":"Exconcejal y cinco familias afectadas por aguas servidas en Villa Esplendor"},"content":{"rendered":"<figure id=\"attachment_79513\" aria-describedby=\"caption-attachment-79513\" style=\"width: 580px\" class=\"wp-caption alignnone\"><img data-recalc-dims=\"1\" loading=\"lazy\" decoding=\"async\" class=\"size-full wp-image-79513\" src=\"https:\/\/i0.wp.com\/www.eltrabajo.cl\/2017\/wp-content\/uploads\/2017\/06\/Aguas2.jpg?resize=580%2C646\" alt=\"Esta matriz que est\u00e1 ubicada en frente del jard\u00edn infantil que se est\u00e1 construyendo en Villa Las Acacias y que podr\u00eda ser la causante del problema de los vecinos,asegur\u00f3 laexconcejal Jeanette Sotomayor. \" width=\"580\" height=\"646\" srcset=\"https:\/\/i0.wp.com\/eltrabajo.cl\/portal\/wp-content\/uploads\/2017\/06\/Aguas2.jpg?w=580&amp;ssl=1 580w, https:\/\/i0.wp.com\/eltrabajo.cl\/portal\/wp-content\/uploads\/2017\/06\/Aguas2.jpg?resize=135%2C150&amp;ssl=1 135w, https:\/\/i0.wp.com\/eltrabajo.cl\/portal\/wp-content\/uploads\/2017\/06\/Aguas2.jpg?resize=269%2C300&amp;ssl=1 269w, https:\/\/i0.wp.com\/eltrabajo.cl\/portal\/wp-content\/uploads\/2017\/06\/Aguas2.jpg?resize=400%2C446&amp;ssl=1 400w\" sizes=\"auto, (max-width: 580px) 100vw, 580px\" \/><figcaption id=\"caption-attachment-79513\" class=\"wp-caption-text\">Esta matriz que est\u00e1 ubicada en frente del jard\u00edn infantil que se est\u00e1 construyendo en Villa Las Acacias y que podr\u00eda ser la causante del problema de los vecinos,asegur\u00f3 laexconcejal Jeanette Sotomayor.<\/figcaption><\/figure>\n<p>Un verdadero drama higi\u00e9nico vivieron los vecinos de Villa El Esplendor, los que viven por Avenida Enc\u00f3n, luego que alrededor de seis casas fueran inundadas por aguas servidas que llegaron de alguna matriz reventada.<br \/>\nEl hecho ocurri\u00f3 este s\u00e1bado y una de las afectadas fue la exconcejal Jaennette Sotomayor, quien dijo que \u00abhoy es s\u00e1bado, hay un d\u00eda fant\u00e1stico y un sol precioso, pero desagradablemente me llaman a mi celular dici\u00e9ndome que me tengo que venir urgentemente porque mi casa est\u00e1 siendo inundada junto a otros vecinos por aguas servidas que estaban saliendo por la c\u00e1maras, esto no es primera vez, ya es un auxilio que hemos pedido por a\u00f1os, llevamos ac\u00e1 20 a\u00f1os\u00bb<br \/>\nA\u00f1ade Sotomayor que posiblemente el problema se origina en las c\u00e1maras ubicadas en Avenida Santa Teresa, en donde se est\u00e1 construyendo el jard\u00edn infantil, porque una vecina vio cuando las c\u00e1maras estaban rebalsadas.<br \/>\nPor las c\u00e1maras comenz\u00f3 a salir aguas servidas que conten\u00edan fecas y orines produciendo un mal olor.<br \/>\n\u00abEl olor que tenemos en este momento es nauseabundo, afecta a ni\u00f1os y animales, ahora nos ofrecen que nos van a venir a sanitizar, limpiar, sin embargo hay da\u00f1os materiales, tengo vecinas que se les moj\u00f3 su sill\u00f3n, en mi caso tengo una lavadora que compr\u00e9 hace dos semanas que est\u00e1 da\u00f1ada, ten\u00eda un seguro de garant\u00eda, pero lo perd\u00ed\u00bb.<br \/>\nOtra vecina de nombre Mar\u00eda Jos\u00e9 Cuevas, dice que alrededor de la una un cuarto de la tarde que \u00abven\u00edamos del centro, vimos que dos sectores se estaban rebalsando de agua, una es por el pasaje justo afuera del jard\u00edn, nosotros pensamos que era s\u00f3lo ese sector, pero cuando llegamos a la casa estaba toda la cuadra afectada, hubo ba\u00f1os que comenzaron a rebalsarse, lo mismo sucedi\u00f3 con los patios, hay varias casas afectadas por este problema en este sector\u00bb, dijo Mar\u00eda Jos\u00e9.<br \/>\nDecir que al lugar lleg\u00f3 personal de Esval para solucionar el problema, indicando que el origen de la falla podr\u00eda estar entre la Avenida Santa Teresa y Hermanos Carrera por Enc\u00f3n.<\/p>\n<figure id=\"attachment_79512\" aria-describedby=\"caption-attachment-79512\" style=\"width: 580px\" class=\"wp-caption alignnone\"><img data-recalc-dims=\"1\" loading=\"lazy\" decoding=\"async\" class=\"size-full wp-image-79512\" src=\"https:\/\/i0.wp.com\/www.eltrabajo.cl\/2017\/wp-content\/uploads\/2017\/06\/Aguas1.jpg?resize=580%2C349\" alt=\"Otra vecina de nombre de Mar\u00eda Jos\u00e9 Cuevas, tambi\u00e9n ha sido afectada por este problema.\" width=\"580\" height=\"349\" srcset=\"https:\/\/i0.wp.com\/eltrabajo.cl\/portal\/wp-content\/uploads\/2017\/06\/Aguas1.jpg?w=580&amp;ssl=1 580w, https:\/\/i0.wp.com\/eltrabajo.cl\/portal\/wp-content\/uploads\/2017\/06\/Aguas1.jpg?resize=200%2C120&amp;ssl=1 200w, https:\/\/i0.wp.com\/eltrabajo.cl\/portal\/wp-content\/uploads\/2017\/06\/Aguas1.jpg?resize=300%2C181&amp;ssl=1 300w, https:\/\/i0.wp.com\/eltrabajo.cl\/portal\/wp-content\/uploads\/2017\/06\/Aguas1.jpg?resize=249%2C150&amp;ssl=1 249w, https:\/\/i0.wp.com\/eltrabajo.cl\/portal\/wp-content\/uploads\/2017\/06\/Aguas1.jpg?resize=400%2C241&amp;ssl=1 400w\" sizes=\"auto, (max-width: 580px) 100vw, 580px\" \/><figcaption id=\"caption-attachment-79512\" class=\"wp-caption-text\">Otra vecina de nombre de Mar\u00eda Jos\u00e9 Cuevas, tambi\u00e9n ha sido afectada por este problema.<\/figcaption><\/figure>\n","protected":false},"excerpt":{"rendered":"<p>Un verdadero drama higi\u00e9nico vivieron los vecinos de Villa El Esplendor, los que viven por Avenida Enc\u00f3n, luego que alrededor de seis casas fueran inundadas por aguas servidas que llegaron de alguna&#8230;<\/p>\n","protected":false},"author":1,"featured_media":79512,"comment_status":"open","ping_status":"open","sticky":false,"template":"","format":"standard","meta":{"advanced_seo_description":"","jetpack_seo_html_title":"","jetpack_seo_noindex":false,"_jetpack_memberships_contains_paid_content":false,"footnotes":""},"categories":[15],"tags":[],"class_list":["post-79511","post","type-post","status-publish","format-standard","has-post-thumbnail","hentry","category-comunidad"],"jetpack_featured_media_url":"https:\/\/i0.wp.com\/eltrabajo.cl\/portal\/wp-content\/uploads\/2017\/06\/Aguas1.jpg?fit=580%2C349&ssl=1","jetpack_sharing_enabled":true,"jetpack_likes_enabled":true,"jetpack-related-posts":[],"_links":{"self":[{"href":"https:\/\/eltrabajo.cl\/portal\/wp-json\/wp\/v2\/posts\/79511","targetHints":{"allow":["GET"]}}],"collection":[{"href":"https:\/\/eltrabajo.cl\/portal\/wp-json\/wp\/v2\/posts"}],"about":[{"href":"https:\/\/eltrabajo.cl\/portal\/wp-json\/wp\/v2\/types\/post"}],"author":[{"embeddable":true,"href":"https:\/\/eltrabajo.cl\/portal\/wp-json\/wp\/v2\/users\/1"}],"replies":[{"embeddable":true,"href":"https:\/\/eltrabajo.cl\/portal\/wp-json\/wp\/v2\/comments?post=79511"}],"version-history":[{"count":0,"href":"https:\/\/eltrabajo.cl\/portal\/wp-json\/wp\/v2\/posts\/79511\/revisions"}],"wp:featuredmedia":[{"embeddable":true,"href":"https:\/\/eltrabajo.cl\/portal\/wp-json\/wp\/v2\/media\/79512"}],"wp:attachment":[{"href":"https:\/\/eltrabajo.cl\/portal\/wp-json\/wp\/v2\/media?parent=79511"}],"wp:term":[{"taxonomy":"category","embeddable":true,"href":"https:\/\/eltrabajo.cl\/portal\/wp-json\/wp\/v2\/categories?post=79511"},{"taxonomy":"post_tag","embeddable":true,"href":"https:\/\/eltrabajo.cl\/portal\/wp-json\/wp\/v2\/tags?post=79511"}],"curies":[{"name":"wp","href":"https:\/\/api.w.org\/{rel}","templated":true}]}}