{"id":79515,"date":"2017-06-12T06:05:08","date_gmt":"2017-06-12T10:05:08","guid":{"rendered":"http:\/\/www.eltrabajo.cl\/2017\/?p=79515"},"modified":"2017-06-12T06:05:08","modified_gmt":"2017-06-12T10:05:08","slug":"entre-lagrimas-y-aplausos-ayer-despidieron-al-doctor-de-los-pobres","status":"publish","type":"post","link":"https:\/\/eltrabajo.cl\/portal\/entre-lagrimas-y-aplausos-ayer-despidieron-al-doctor-de-los-pobres\/","title":{"rendered":"Entre l\u00e1grimas y aplausos ayer despidieron al \u2018Doctor de los pobres\u2019"},"content":{"rendered":"<figure id=\"attachment_79524\" aria-describedby=\"caption-attachment-79524\" style=\"width: 580px\" class=\"wp-caption alignnone\"><img data-recalc-dims=\"1\" loading=\"lazy\" decoding=\"async\" class=\"size-full wp-image-79524\" src=\"https:\/\/i0.wp.com\/www.eltrabajo.cl\/2017\/wp-content\/uploads\/2017\/06\/DocEduardoValenzuela5.jpg?resize=580%2C349\" alt=\"PARTI\u00d3 UNO DE LOS GRANDES.- Un mar de gente acompa\u00f1\u00f3 a familiares y restos del eminente m\u00e9dico sanfelipe\u00f1o, quien falleciera este s\u00e1bado a causa de un c\u00e1ncer a sus 81 a\u00f1os de edad.\" width=\"580\" height=\"349\" srcset=\"https:\/\/i0.wp.com\/eltrabajo.cl\/portal\/wp-content\/uploads\/2017\/06\/DocEduardoValenzuela5.jpg?w=580&amp;ssl=1 580w, https:\/\/i0.wp.com\/eltrabajo.cl\/portal\/wp-content\/uploads\/2017\/06\/DocEduardoValenzuela5.jpg?resize=200%2C120&amp;ssl=1 200w, https:\/\/i0.wp.com\/eltrabajo.cl\/portal\/wp-content\/uploads\/2017\/06\/DocEduardoValenzuela5.jpg?resize=300%2C181&amp;ssl=1 300w, https:\/\/i0.wp.com\/eltrabajo.cl\/portal\/wp-content\/uploads\/2017\/06\/DocEduardoValenzuela5.jpg?resize=249%2C150&amp;ssl=1 249w, https:\/\/i0.wp.com\/eltrabajo.cl\/portal\/wp-content\/uploads\/2017\/06\/DocEduardoValenzuela5.jpg?resize=400%2C241&amp;ssl=1 400w\" sizes=\"auto, (max-width: 580px) 100vw, 580px\" \/><figcaption id=\"caption-attachment-79524\" class=\"wp-caption-text\">PARTI\u00d3 UNO DE LOS GRANDES.- Un mar de gente acompa\u00f1\u00f3 a familiares y restos del eminente m\u00e9dico sanfelipe\u00f1o, quien falleciera este s\u00e1bado a causa de un c\u00e1ncer a sus 81 a\u00f1os de edad.<\/figcaption><\/figure>\n<ul>\n<li><strong><span style=\"color: #ff0000;\">Muri\u00f3 el Dr. Eduardo Valenzuela a sus 81 a\u00f1os de edad:<\/span>\u00a0Municipio decret\u00f3 tres d\u00edas de luto a partir del s\u00e1bado. Fallecido era Hijo Ilustre de la ciudad. Hab\u00eda recibido la Orden Jos\u00e9 Manso de Velasco. Sus familiares hablan sobre la ni\u00f1ez y vida profesional del galeno.<\/strong><\/li>\n<\/ul>\n<p>Fue al filo de las 11:00 horas de este s\u00e1bado cuando dej\u00f3 de existir y para pesar de todos los sanfelipe\u00f1os y aconcag\u00fcinos en general, el eminente doctor cirujano Eduardo Valenzuela Lobo, quien a ra\u00edz de un mieloma m\u00faltiple (c\u00e1ncer) falleci\u00f3 a sus 81 a\u00f1os de edad. Diario El Trabajo habl\u00f3 con familiares del Dr. Valenzuela y autoridades de nuestra comuna para conocer m\u00e1s de cerca a este eminente galeno local.<\/p>\n<p><strong>\u00abERA MUY PICADO\u00bb<\/strong><br \/>\nSeg\u00fan comentaban sus amigos personales y familiares, a don Eduardo se le conoc\u00eda como \u2018El Chino Valenzuela\u2019, pero en general por toda la comunidad siempre fue llamado cari\u00f1osamente \u2018El M\u00e9dico de los pobres\u2019.<br \/>\n\u00abEstamos bastante tristes todos en la familia, tenemos que aceptar las cosas como son. Quiero recordar sobre nuestra infancia, nosotros nos creamos aqu\u00ed en San Felipe, yo un poco m\u00e1s lejano de la comuna, pero Eduardo s\u00ed se qued\u00f3 en San Felipe. Recuerdo que de chicos jug\u00e1bamos a la pelotita hace muchos a\u00f1os, Eduardo era muy \u2018Picado\u2019 y se enojaba mucho cuando perd\u00eda y les daba \u2018Chuleta\u2019 a los otros, ten\u00edamos que agarrarlo para detener las peleas. En temas del amor y de pololas, \u00e9l era muy discreto\u00bb, coment\u00f3 a Diario El Trabajo el hermano del Dr. Valenzuela, el ingeniero Jaime Valenzuela Lobo.<\/p>\n<p><strong>\u00c9L ERA \u2018EL JEFE\u2019<\/strong><br \/>\nNuestro medio tambi\u00e9n habl\u00f3 con el otro Hijo Ilustre de San Felipe y tambi\u00e9n m\u00e9dico, Dr. Ren\u00e9 Mart\u00ednez.<br \/>\n\u00abLa palabra con la que defin\u00edamos a este gran m\u00e9dico y amigo era \u2018El Jefe\u2019. San Felipe tuvo la fortuna de tener a este gran m\u00e9dico cirujano al servicio de sus habitantes. Yo trabaj\u00e9 con \u00e9l durante 40 a\u00f1os de mi vida. Llegu\u00e9 a San Felipe en 1978 y ya \u00e9l era jefe de servicio en el Hospital San Felipe, fue director de ese hospital durante un a\u00f1o. Fue reconocido como un brillante cirujano, tanto que en los c\u00edrculos de los cirujanos, una vez cuando llegu\u00e9 al J. Aguirre ha hacer una pasada sobre cirug\u00eda digestiva, cuando llegu\u00e9 los m\u00e9dicos me dijeron \u2018\u00bfpara qu\u00e9 vienes a esta capacitaci\u00f3n, si t\u00fa est\u00e1s all\u00e1 con el Dr. Valenzuela?\u2019. \u00c9l era un cirujano completo. Todos los cirujanos cuando ten\u00edamos alg\u00fan problema en una operaci\u00f3n, est\u00e1bamos tranquilos, porque sab\u00edamos que Valenzuela nos resolv\u00eda cualquier problema, se nos fue un gigante de la Medicina\u00bb, describi\u00f3 Mart\u00ednez.<\/p>\n<p><strong>TRES D\u00cdAS DE LUTO<\/strong><br \/>\nPor su parte el alcalde de San Felipe, Patricio Freire, explic\u00f3 a Diario El Trabajo que \u00abel Municipio ha declarado tres d\u00edas de duelo a partir de este mismo domingo, se nos fue \u2018El M\u00e9dico de los pobres\u2019, un doctor que siempre estuvo pronto a servir a los dem\u00e1s, perteneci\u00f3 a muchas instituciones de bien social, era el M\u00e1ster de los m\u00e9dicos. San Felipe sufre una importante p\u00e9rdida de un Hijo Ilustre de nuestra ciudad, el Dr. Valenzuela recibi\u00f3 hace pocos a\u00f1os la distinci\u00f3n m\u00e1s importante que un sanfelipe\u00f1o pueda ostentar, la distinci\u00f3n de la Orden Manso de Velasco\u00bb, detall\u00f3 Freire.<br \/>\nAs\u00ed tambi\u00e9n la Gobernaci\u00f3n de San Felipe se uni\u00f3 a esta declaratoria comunal de los tres d\u00edas de luto por la muerte de Valenzuela. \u00abTodos en San Felipe sabemos la gran vocaci\u00f3n de servicio que el Dr. Valenzuela ten\u00eda, tuve la dicha de conocerlo cuando yo era ni\u00f1o all\u00e1 en Arica, \u00e9l era amigo de mi padre y durante toda nuestra vida familiar estuvimos muy unidos por el sentimiento de la fraternidad y solidaridad. La Gobernaci\u00f3n de San Felipe nos sumamos en este homenaje de agradecimiento y a los tres d\u00edas de luto declarados por el Municipio de San Felipe en memoria y respeto por este gran m\u00e9dico aconcag\u00fcino\u00bb, inform\u00f3 el propio gobernador Eduardo Le\u00f3n.<br \/>\nUna de las hijas del Dr. Valenzuela, Lorena Valenzuela, indic\u00f3 por su parte que \u00abpap\u00e1 fue un buen padre, muy presente y humilde, trabaj\u00f3 en Santiago pero su carrera la desarroll\u00f3 casi toda en San Felipe, la enfermedad que lo llev\u00f3 a la muerte era una situaci\u00f3n que ya la sospech\u00e1bamos, \u00e9l se fue tranquilo\u00bb.<\/p>\n<p><strong>BREVE RESE\u00d1A<\/strong><br \/>\nDon Eduardo Valenzuela tuvo cuatro hijos: Eduardo, Andr\u00e9s, M\u00f3nica y Lorena, era casado con do\u00f1a Berta De Blasis. El Dr. Valenzuela naci\u00f3 el domingo 1\u00ba de noviembre de 1935 en la ciudad de San Felipe; era hijo del Dr. Eduardo Valenzuela Valderrama y la Sra. Ilia Lobo Mu\u00f1oz; su padre, tambi\u00e9n distinguido m\u00e9dico de la ciudad, falleci\u00f3 el lunes 26 de julio de 1937, cuando \u00e9ste apenas ten\u00eda dos a\u00f1os de edad.<br \/>\nSu vida infantil y de adolescente la desarrolla en San Felipe e Iquique, estudi\u00f3 en el Colegio Don Bosco y en el Liceo de Iquique entre 1947 y 1952, ingresando a estudiar medicina en la Universidad de Concepci\u00f3n en 1953, donde cursa 1\u00b0 y 2\u00b0 a\u00f1o, traslad\u00e1ndose a continuar sus estudios de medicina a Santiago, en donde recibe su t\u00edtulo de M\u00e9dico Cirujano en la Universidad de Chile, en mayo de 1960.<\/p>\n<p><strong>SU ESPECIALIDAD<\/strong><br \/>\nSe especializa en Cirug\u00eda con una beca primaria en el Hospital Del Salvador en la C\u00e1tedra B del Profesor Dr. Ignacio Gonz\u00e1lez Ginoves, maestro de la Cirug\u00eda chilena. Bajo la tutela de este maestro, el Dr. Valenzuela progresivamente va adquiriendo una s\u00f3lida formaci\u00f3n quir\u00fargica que ser\u00e1 la base de su fruct\u00edfera labor profesional, seguramente los pasillos y salas de ese antiguo y tradicional hospital de Santiago conocieron de las inquietudes, sue\u00f1os y esperanzas de en ese entonces joven m\u00e9dico en formaci\u00f3n; quien comenzaba tambi\u00e9n su vida junto a la mujer de su vida, una joven tecn\u00f3loga m\u00e9dica, quien tambi\u00e9n proven\u00eda de una conocida y querida familia de la zona, Berta de Blassis Maferra, con qui\u00e9n tuvo cuatro hijos.<br \/>\nDurante 30 a\u00f1os el Dr. Valenzuela desarroll\u00f3 una brillante labor en el antiguo Hospital de San Felipe y el San Camilo, desarrollando la Cirug\u00eda a niveles de excelencia y prestigio, reconocido por sus pares en la Sociedad de Cirujanos de Chile a la cual perteneci\u00f3 como miembro titular desde el 9 de octubre de 1968, siendo tambi\u00e9n miembro fundador de la Sociedad de Cirug\u00eda Tor\u00e1cica y Card\u00edaca de Chile (7 de julio de 1989), perteneci\u00f3 tambi\u00e9n a la Asociaci\u00f3n Gremial de Cirujanos de la V Regi\u00f3n, siendo miembro fundador y habiendo ocupado un cargo de Consejero.<br \/>\nLa cirug\u00eda de t\u00f3rax, digestiva (ves\u00edcula y v\u00eda biliar, es\u00f3fago, est\u00f3mago colon y recto), vascular perif\u00e9rica y de hernias, no han tenido secretos para este cirujano, aplicando con maestr\u00eda todo el conocimiento que recibi\u00f3 y su experiencia personal, la cirug\u00eda de cabeza y cuello y mama tambi\u00e9n conocen de su destreza, en resumen, un cirujano de excepci\u00f3n que en su camino cumpli\u00f3 con sus maestros, el Dr. Gonz\u00e1lez Ginoves y el Dr. Peffaur; ya que entreg\u00f3 sus conocimientos con generosidad, orientando y formando a sus colaboradores en esta verdadera cofrad\u00eda de arte y ciencia que es la Cirug\u00eda; la palabra adecuada, el consejo y orientaci\u00f3n junto a la cama de ese paciente gravemente enfermo, que s\u00f3lo los maestros pueden entregar.<\/p>\n<p><strong>SUS FUNERALES<\/strong><br \/>\nLos funerales del Dr. Valenzuela se desarrollaron en la Iglesia Merced, ayer la Misa fue a las 15:30 horas y fue sepultado en el Cementerio Municipal de San Felipe, en El Almendral. Toda la familia period\u00edstica de Diario El Trabajo hoy ofrecemos nuestro sentido y sincero P\u00e9same a sus familiares, y con profundo sentido de agradecimiento les deseamos una pronta recuperaci\u00f3n despu\u00e9s de tan amargo trago. Descanse en paz, querido Doctor Eduardo Valenzuela Lobo.<br \/>\n<strong>Roberto Gonz\u00e1lez Short<\/strong><\/p>\n<figure id=\"attachment_79525\" aria-describedby=\"caption-attachment-79525\" style=\"width: 580px\" class=\"wp-caption alignnone\"><img data-recalc-dims=\"1\" loading=\"lazy\" decoding=\"async\" class=\"wp-image-79525 size-full\" src=\"https:\/\/i0.wp.com\/www.eltrabajo.cl\/2017\/wp-content\/uploads\/2017\/06\/DocEduardoValenzuela4-1.jpg?resize=580%2C349\" alt=\"C\u00cdRCULO DE LOS 21.- En el aniversario del 30\u00ba aniversario del C\u00edrculo de Los 21, el Dr. Valenzuela es el quinto de izquierda a derecha o el tercero de derecha a izquierda, el C\u00edrculo actualmente tiene como 53 a\u00f1os, o sea esta foto tiene m\u00e1s de 20 a\u00f1os.\" width=\"580\" height=\"349\" srcset=\"https:\/\/i0.wp.com\/eltrabajo.cl\/portal\/wp-content\/uploads\/2017\/06\/DocEduardoValenzuela4-1.jpg?w=580&amp;ssl=1 580w, https:\/\/i0.wp.com\/eltrabajo.cl\/portal\/wp-content\/uploads\/2017\/06\/DocEduardoValenzuela4-1.jpg?resize=200%2C120&amp;ssl=1 200w, https:\/\/i0.wp.com\/eltrabajo.cl\/portal\/wp-content\/uploads\/2017\/06\/DocEduardoValenzuela4-1.jpg?resize=300%2C181&amp;ssl=1 300w, https:\/\/i0.wp.com\/eltrabajo.cl\/portal\/wp-content\/uploads\/2017\/06\/DocEduardoValenzuela4-1.jpg?resize=249%2C150&amp;ssl=1 249w, https:\/\/i0.wp.com\/eltrabajo.cl\/portal\/wp-content\/uploads\/2017\/06\/DocEduardoValenzuela4-1.jpg?resize=400%2C241&amp;ssl=1 400w\" sizes=\"auto, (max-width: 580px) 100vw, 580px\" \/><figcaption id=\"caption-attachment-79525\" class=\"wp-caption-text\">C\u00cdRCULO DE LOS 21.- En el aniversario del 30\u00ba aniversario del C\u00edrculo de Los 21, el Dr. Valenzuela es el quinto de izquierda a derecha o el tercero de derecha a izquierda, el C\u00edrculo actualmente tiene como 53 a\u00f1os, o sea esta foto tiene m\u00e1s de 20 a\u00f1os.<\/figcaption><\/figure>\n<figure id=\"attachment_79521\" aria-describedby=\"caption-attachment-79521\" style=\"width: 580px\" class=\"wp-caption alignnone\"><img data-recalc-dims=\"1\" loading=\"lazy\" decoding=\"async\" class=\"size-full wp-image-79521\" src=\"https:\/\/i0.wp.com\/www.eltrabajo.cl\/2017\/wp-content\/uploads\/2017\/06\/DocEduardoValenzuela2.jpg?resize=580%2C350\" alt=\"HACE 25 A\u00d1OS.- Aqu\u00ed vemos la primera colecistectom\u00eda laparoscopia que se efectu\u00f3 en San Felipe en 1992. En la foto est\u00e1n Dr. Valenzuela, el Dr. Claudio Navarrete y el Prof. Dr. Pedro Castillo, ambos de Santiago Dr. Ren\u00e9 Mart\u00ednez y Dr. Daniel \u00c1lvarez.\" width=\"580\" height=\"350\" srcset=\"https:\/\/i0.wp.com\/eltrabajo.cl\/portal\/wp-content\/uploads\/2017\/06\/DocEduardoValenzuela2.jpg?w=580&amp;ssl=1 580w, https:\/\/i0.wp.com\/eltrabajo.cl\/portal\/wp-content\/uploads\/2017\/06\/DocEduardoValenzuela2.jpg?resize=200%2C121&amp;ssl=1 200w, https:\/\/i0.wp.com\/eltrabajo.cl\/portal\/wp-content\/uploads\/2017\/06\/DocEduardoValenzuela2.jpg?resize=300%2C181&amp;ssl=1 300w, https:\/\/i0.wp.com\/eltrabajo.cl\/portal\/wp-content\/uploads\/2017\/06\/DocEduardoValenzuela2.jpg?resize=249%2C150&amp;ssl=1 249w, https:\/\/i0.wp.com\/eltrabajo.cl\/portal\/wp-content\/uploads\/2017\/06\/DocEduardoValenzuela2.jpg?resize=400%2C241&amp;ssl=1 400w\" sizes=\"auto, (max-width: 580px) 100vw, 580px\" \/><figcaption id=\"caption-attachment-79521\" class=\"wp-caption-text\">HACE 25 A\u00d1OS.- Aqu\u00ed vemos la primera colecistectom\u00eda laparoscopia que se efectu\u00f3 en San Felipe en 1992. En la foto est\u00e1n Dr. Valenzuela, el Dr. Claudio Navarrete y el Prof. Dr. Pedro Castillo, ambos de Santiago Dr. Ren\u00e9 Mart\u00ednez y Dr. Daniel \u00c1lvarez.<\/figcaption><\/figure>\n<figure id=\"attachment_79520\" aria-describedby=\"caption-attachment-79520\" style=\"width: 580px\" class=\"wp-caption alignnone\"><img data-recalc-dims=\"1\" loading=\"lazy\" decoding=\"async\" class=\"size-full wp-image-79520\" src=\"https:\/\/i0.wp.com\/www.eltrabajo.cl\/2017\/wp-content\/uploads\/2017\/06\/DocEduardoValenzuela1.jpg?resize=580%2C350\" alt=\"ADI\u00d3S DOCTOR.- Al filo de las 17:00 horas ayer fue despedido entre l\u00e1grimas y aplausos el Dr. Eduardo Valenzuela, de quien sus restos ya reposan en el Cementerio Municipal de San Felipe, en El Almendral.\" width=\"580\" height=\"350\" srcset=\"https:\/\/i0.wp.com\/eltrabajo.cl\/portal\/wp-content\/uploads\/2017\/06\/DocEduardoValenzuela1.jpg?w=580&amp;ssl=1 580w, https:\/\/i0.wp.com\/eltrabajo.cl\/portal\/wp-content\/uploads\/2017\/06\/DocEduardoValenzuela1.jpg?resize=200%2C121&amp;ssl=1 200w, https:\/\/i0.wp.com\/eltrabajo.cl\/portal\/wp-content\/uploads\/2017\/06\/DocEduardoValenzuela1.jpg?resize=300%2C181&amp;ssl=1 300w, https:\/\/i0.wp.com\/eltrabajo.cl\/portal\/wp-content\/uploads\/2017\/06\/DocEduardoValenzuela1.jpg?resize=249%2C150&amp;ssl=1 249w, https:\/\/i0.wp.com\/eltrabajo.cl\/portal\/wp-content\/uploads\/2017\/06\/DocEduardoValenzuela1.jpg?resize=400%2C241&amp;ssl=1 400w\" sizes=\"auto, (max-width: 580px) 100vw, 580px\" \/><figcaption id=\"caption-attachment-79520\" class=\"wp-caption-text\">ADI\u00d3S DOCTOR.- Al filo de las 17:00 horas ayer fue despedido entre l\u00e1grimas y aplausos el Dr. Eduardo Valenzuela, de quien sus restos ya reposan en el Cementerio Municipal de San Felipe, en El Almendral.<\/figcaption><\/figure>\n<figure id=\"attachment_79522\" aria-describedby=\"caption-attachment-79522\" style=\"width: 579px\" class=\"wp-caption alignnone\"><img data-recalc-dims=\"1\" loading=\"lazy\" decoding=\"async\" class=\"size-full wp-image-79522\" src=\"https:\/\/i0.wp.com\/www.eltrabajo.cl\/2017\/wp-content\/uploads\/2017\/06\/DocEduardoValenzuela3.jpg?resize=579%2C652\" alt=\"UN GRAN SANFELIPE\u00d1O- Dr. Eduardo Valenzuela Lobo naci\u00f3 el domingo 1\u00ba de noviembre de 1935 en la ciudad de  San Felipe y muri\u00f3 el s\u00e1bado 11 de junio de 2017, tambi\u00e9n en San Felipe.\" width=\"579\" height=\"652\" srcset=\"https:\/\/i0.wp.com\/eltrabajo.cl\/portal\/wp-content\/uploads\/2017\/06\/DocEduardoValenzuela3.jpg?w=579&amp;ssl=1 579w, https:\/\/i0.wp.com\/eltrabajo.cl\/portal\/wp-content\/uploads\/2017\/06\/DocEduardoValenzuela3.jpg?resize=133%2C150&amp;ssl=1 133w, https:\/\/i0.wp.com\/eltrabajo.cl\/portal\/wp-content\/uploads\/2017\/06\/DocEduardoValenzuela3.jpg?resize=266%2C300&amp;ssl=1 266w, https:\/\/i0.wp.com\/eltrabajo.cl\/portal\/wp-content\/uploads\/2017\/06\/DocEduardoValenzuela3.jpg?resize=400%2C450&amp;ssl=1 400w\" sizes=\"auto, (max-width: 579px) 100vw, 579px\" \/><figcaption id=\"caption-attachment-79522\" class=\"wp-caption-text\">UN GRAN SANFELIPE\u00d1O- Dr. Eduardo Valenzuela Lobo naci\u00f3 el domingo 1\u00ba de noviembre de 1935 en la ciudad de San Felipe y muri\u00f3 el s\u00e1bado 11 de junio de 2017, tambi\u00e9n en San Felipe.<\/figcaption><\/figure>\n<figure id=\"attachment_79519\" aria-describedby=\"caption-attachment-79519\" style=\"width: 580px\" class=\"wp-caption alignnone\"><img data-recalc-dims=\"1\" loading=\"lazy\" decoding=\"async\" class=\"size-full wp-image-79519\" src=\"https:\/\/i0.wp.com\/www.eltrabajo.cl\/2017\/wp-content\/uploads\/2017\/06\/DocEduardoValenzuela_Joven.jpg?resize=580%2C614\" alt=\"As\u00ed luc\u00eda el Dr. Valenzuela cuando apenas era un joven universitario.\" width=\"580\" height=\"614\" srcset=\"https:\/\/i0.wp.com\/eltrabajo.cl\/portal\/wp-content\/uploads\/2017\/06\/DocEduardoValenzuela_Joven.jpg?w=580&amp;ssl=1 580w, https:\/\/i0.wp.com\/eltrabajo.cl\/portal\/wp-content\/uploads\/2017\/06\/DocEduardoValenzuela_Joven.jpg?resize=142%2C150&amp;ssl=1 142w, https:\/\/i0.wp.com\/eltrabajo.cl\/portal\/wp-content\/uploads\/2017\/06\/DocEduardoValenzuela_Joven.jpg?resize=283%2C300&amp;ssl=1 283w, https:\/\/i0.wp.com\/eltrabajo.cl\/portal\/wp-content\/uploads\/2017\/06\/DocEduardoValenzuela_Joven.jpg?resize=400%2C423&amp;ssl=1 400w\" sizes=\"auto, (max-width: 580px) 100vw, 580px\" \/><figcaption id=\"caption-attachment-79519\" class=\"wp-caption-text\">As\u00ed luc\u00eda el Dr. Valenzuela cuando apenas era un joven universitario.<\/figcaption><\/figure>\n<figure id=\"attachment_79518\" aria-describedby=\"caption-attachment-79518\" style=\"width: 579px\" class=\"wp-caption alignnone\"><img data-recalc-dims=\"1\" loading=\"lazy\" decoding=\"async\" class=\"size-full wp-image-79518\" src=\"https:\/\/i0.wp.com\/www.eltrabajo.cl\/2017\/wp-content\/uploads\/2017\/06\/Doc_Rene-Martinez.jpg?resize=579%2C607\" alt=\"Ren\u00e9 Mart\u00ednez, m\u00e9dico cirujano, pupilo y amigo personal del Dr. Valenzuela.\" width=\"579\" height=\"607\" srcset=\"https:\/\/i0.wp.com\/eltrabajo.cl\/portal\/wp-content\/uploads\/2017\/06\/Doc_Rene-Martinez.jpg?w=579&amp;ssl=1 579w, https:\/\/i0.wp.com\/eltrabajo.cl\/portal\/wp-content\/uploads\/2017\/06\/Doc_Rene-Martinez.jpg?resize=143%2C150&amp;ssl=1 143w, https:\/\/i0.wp.com\/eltrabajo.cl\/portal\/wp-content\/uploads\/2017\/06\/Doc_Rene-Martinez.jpg?resize=286%2C300&amp;ssl=1 286w, https:\/\/i0.wp.com\/eltrabajo.cl\/portal\/wp-content\/uploads\/2017\/06\/Doc_Rene-Martinez.jpg?resize=400%2C419&amp;ssl=1 400w\" sizes=\"auto, (max-width: 579px) 100vw, 579px\" \/><figcaption id=\"caption-attachment-79518\" class=\"wp-caption-text\">Ren\u00e9 Mart\u00ednez, m\u00e9dico cirujano, pupilo y amigo personal del Dr. Valenzuela.<\/figcaption><\/figure>\n<figure id=\"attachment_79517\" aria-describedby=\"caption-attachment-79517\" style=\"width: 579px\" class=\"wp-caption alignnone\"><img data-recalc-dims=\"1\" loading=\"lazy\" decoding=\"async\" class=\"size-full wp-image-79517\" src=\"https:\/\/i0.wp.com\/www.eltrabajo.cl\/2017\/wp-content\/uploads\/2017\/06\/Doc_Lorena-Valenzuela.jpg?resize=579%2C572\" alt=\"Lorena Valenzuela, hija del Dr. Eduardo Valenzuela Lobo.\" width=\"579\" height=\"572\" srcset=\"https:\/\/i0.wp.com\/eltrabajo.cl\/portal\/wp-content\/uploads\/2017\/06\/Doc_Lorena-Valenzuela.jpg?w=579&amp;ssl=1 579w, https:\/\/i0.wp.com\/eltrabajo.cl\/portal\/wp-content\/uploads\/2017\/06\/Doc_Lorena-Valenzuela.jpg?resize=152%2C150&amp;ssl=1 152w, https:\/\/i0.wp.com\/eltrabajo.cl\/portal\/wp-content\/uploads\/2017\/06\/Doc_Lorena-Valenzuela.jpg?resize=300%2C296&amp;ssl=1 300w, https:\/\/i0.wp.com\/eltrabajo.cl\/portal\/wp-content\/uploads\/2017\/06\/Doc_Lorena-Valenzuela.jpg?resize=400%2C395&amp;ssl=1 400w\" sizes=\"auto, (max-width: 579px) 100vw, 579px\" \/><figcaption id=\"caption-attachment-79517\" class=\"wp-caption-text\">Lorena Valenzuela, hija del Dr. Eduardo Valenzuela Lobo.<\/figcaption><\/figure>\n<figure id=\"attachment_79516\" aria-describedby=\"caption-attachment-79516\" style=\"width: 579px\" class=\"wp-caption alignnone\"><img data-recalc-dims=\"1\" loading=\"lazy\" decoding=\"async\" class=\"size-full wp-image-79516\" src=\"https:\/\/i0.wp.com\/www.eltrabajo.cl\/2017\/wp-content\/uploads\/2017\/06\/Doc_Jaime-Valenzuela.jpg?resize=579%2C565\" alt=\"Ingeniero Jaime Valenzuela, hermano del destacado m\u00e9dicosanfelipe\u00f1o.\" width=\"579\" height=\"565\" srcset=\"https:\/\/i0.wp.com\/eltrabajo.cl\/portal\/wp-content\/uploads\/2017\/06\/Doc_Jaime-Valenzuela.jpg?w=579&amp;ssl=1 579w, https:\/\/i0.wp.com\/eltrabajo.cl\/portal\/wp-content\/uploads\/2017\/06\/Doc_Jaime-Valenzuela.jpg?resize=154%2C150&amp;ssl=1 154w, https:\/\/i0.wp.com\/eltrabajo.cl\/portal\/wp-content\/uploads\/2017\/06\/Doc_Jaime-Valenzuela.jpg?resize=300%2C293&amp;ssl=1 300w, https:\/\/i0.wp.com\/eltrabajo.cl\/portal\/wp-content\/uploads\/2017\/06\/Doc_Jaime-Valenzuela.jpg?resize=400%2C390&amp;ssl=1 400w\" sizes=\"auto, (max-width: 579px) 100vw, 579px\" \/><figcaption id=\"caption-attachment-79516\" class=\"wp-caption-text\">Ingeniero Jaime Valenzuela, hermano del destacado m\u00e9dicosanfelipe\u00f1o.<\/figcaption><\/figure>\n","protected":false},"excerpt":{"rendered":"<p>Muri\u00f3 el Dr. Eduardo Valenzuela a sus 81 a\u00f1os de edad:\u00a0Municipio decret\u00f3 tres d\u00edas de luto a partir del s\u00e1bado. Fallecido era Hijo Ilustre de la ciudad. Hab\u00eda recibido la Orden Jos\u00e9&#8230;<\/p>\n","protected":false},"author":1,"featured_media":79520,"comment_status":"open","ping_status":"open","sticky":false,"template":"","format":"standard","meta":{"advanced_seo_description":"","jetpack_seo_html_title":"","jetpack_seo_noindex":false,"_jetpack_memberships_contains_paid_content":false,"footnotes":""},"categories":[15],"tags":[],"class_list":["post-79515","post","type-post","status-publish","format-standard","has-post-thumbnail","hentry","category-comunidad"],"jetpack_featured_media_url":"https:\/\/i0.wp.com\/eltrabajo.cl\/portal\/wp-content\/uploads\/2017\/06\/DocEduardoValenzuela1.jpg?fit=580%2C350&ssl=1","jetpack_sharing_enabled":true,"jetpack_likes_enabled":true,"jetpack-related-posts":[],"_links":{"self":[{"href":"https:\/\/eltrabajo.cl\/portal\/wp-json\/wp\/v2\/posts\/79515","targetHints":{"allow":["GET"]}}],"collection":[{"href":"https:\/\/eltrabajo.cl\/portal\/wp-json\/wp\/v2\/posts"}],"about":[{"href":"https:\/\/eltrabajo.cl\/portal\/wp-json\/wp\/v2\/types\/post"}],"author":[{"embeddable":true,"href":"https:\/\/eltrabajo.cl\/portal\/wp-json\/wp\/v2\/users\/1"}],"replies":[{"embeddable":true,"href":"https:\/\/eltrabajo.cl\/portal\/wp-json\/wp\/v2\/comments?post=79515"}],"version-history":[{"count":0,"href":"https:\/\/eltrabajo.cl\/portal\/wp-json\/wp\/v2\/posts\/79515\/revisions"}],"wp:featuredmedia":[{"embeddable":true,"href":"https:\/\/eltrabajo.cl\/portal\/wp-json\/wp\/v2\/media\/79520"}],"wp:attachment":[{"href":"https:\/\/eltrabajo.cl\/portal\/wp-json\/wp\/v2\/media?parent=79515"}],"wp:term":[{"taxonomy":"category","embeddable":true,"href":"https:\/\/eltrabajo.cl\/portal\/wp-json\/wp\/v2\/categories?post=79515"},{"taxonomy":"post_tag","embeddable":true,"href":"https:\/\/eltrabajo.cl\/portal\/wp-json\/wp\/v2\/tags?post=79515"}],"curies":[{"name":"wp","href":"https:\/\/api.w.org\/{rel}","templated":true}]}}