{"id":79534,"date":"2017-06-13T06:02:05","date_gmt":"2017-06-13T10:02:05","guid":{"rendered":"http:\/\/www.eltrabajo.cl\/2017\/?p=79534"},"modified":"2017-06-13T06:02:05","modified_gmt":"2017-06-13T10:02:05","slug":"emotivo-homenaje-al-exdirector-del-liceo-de-hombres-eduardo-herrera","status":"publish","type":"post","link":"https:\/\/eltrabajo.cl\/portal\/emotivo-homenaje-al-exdirector-del-liceo-de-hombres-eduardo-herrera\/","title":{"rendered":"Emotivo homenaje al exdirector del Liceo de Hombres, Eduardo Herrera"},"content":{"rendered":"<figure id=\"attachment_79535\" aria-describedby=\"caption-attachment-79535\" style=\"width: 580px\" class=\"wp-caption alignnone\"><img data-recalc-dims=\"1\" loading=\"lazy\" decoding=\"async\" class=\"size-full wp-image-79535\" src=\"https:\/\/i0.wp.com\/www.eltrabajo.cl\/2017\/wp-content\/uploads\/2017\/06\/Homenaje1.jpg?resize=580%2C348\" alt=\"COSECHANDO CARI\u00d1O.- Un emotivo momento registraron las c\u00e1maras de Diario El Trabajo, cuando autoridades del Liceo Roberto Humeres y egresados del mismo le entregaron un sencillo pero pulcro galvano.\" width=\"580\" height=\"348\" srcset=\"https:\/\/i0.wp.com\/eltrabajo.cl\/portal\/wp-content\/uploads\/2017\/06\/Homenaje1.jpg?w=580&amp;ssl=1 580w, https:\/\/i0.wp.com\/eltrabajo.cl\/portal\/wp-content\/uploads\/2017\/06\/Homenaje1.jpg?resize=200%2C120&amp;ssl=1 200w, https:\/\/i0.wp.com\/eltrabajo.cl\/portal\/wp-content\/uploads\/2017\/06\/Homenaje1.jpg?resize=300%2C180&amp;ssl=1 300w, https:\/\/i0.wp.com\/eltrabajo.cl\/portal\/wp-content\/uploads\/2017\/06\/Homenaje1.jpg?resize=250%2C150&amp;ssl=1 250w, https:\/\/i0.wp.com\/eltrabajo.cl\/portal\/wp-content\/uploads\/2017\/06\/Homenaje1.jpg?resize=400%2C240&amp;ssl=1 400w\" sizes=\"auto, (max-width: 580px) 100vw, 580px\" \/><figcaption id=\"caption-attachment-79535\" class=\"wp-caption-text\">COSECHANDO CARI\u00d1O.- Un emotivo momento registraron las c\u00e1maras de Diario El Trabajo, cuando autoridades del Liceo Roberto Humeres y egresados del mismo le entregaron un sencillo pero pulcro galvano.<\/figcaption><\/figure>\n<p>Fue en el marco del 179\u00ba aniversario del Liceo Roberto Humeres celebrado este s\u00e1bado, durante las actividades festivas de los egresados, que la direcci\u00f3n de esa casa estudiantil decidi\u00f3 rendir un emotivo homenaje a uno de los exdirectores m\u00e1s emblem\u00e1ticos y comprometidos con esa instituci\u00f3n, nos referimos a don Eduardo Herrera Parra, quien s\u00f3lo hab\u00eda asistido por el amor que \u00e9l sigue sintiendo por su liceo, y no se esperaba el homenaje.<\/p>\n<p><strong>S\u00d3LIDA FORMACI\u00d3N<\/strong><br \/>\nSeg\u00fan se mencion\u00f3 durante el homenaje, se trata de un hombre de bien, honesto, transparente en sus actos y muy tenaz en sus proyectos, hijo de padre minero y madre costurera; al a\u00f1o de vida sus padres lo llevan a vivir a Iquique, pues hab\u00eda nacido en Chuquicamata en 1936.<br \/>\nEn 1953 don Eduardo, con apenas 27 a\u00f1os de edad, se traslad\u00f3 a Santiago, ingresando a la Universidad T\u00e9cnica del Estado a estudiar pedagog\u00eda en Castellano, egresando cuatro a\u00f1os despu\u00e9s con el t\u00edtulo y ejerciendo en varios colegios de Santiago y Angol hasta 1967.<br \/>\nYa en 1968 fue nombrado director del Polit\u00e9cnico, en donde permanece hasta 1974, luego se traslada como director al Instituto Polit\u00e9cnico de Linares, ah\u00ed dirige hasta 1983, cuando esta casa educativa es traspasada al sistema particular y tras dos meses de la Daem de Linares, es desvinculado de la educaci\u00f3n.<br \/>\nEn junio de 1985 don Eduardo fue nombrado director del Liceo de Hombres de San Felipe, cargo que desempe\u00f1\u00f3 hasta noviembre de 2007, cuando se jubila a sus 71 a\u00f1os de edad y medio siglo de educar en el sistema.<br \/>\nEs casado con do\u00f1a Eliana Fa\u00fandez desde 1962, llegando as\u00ed cuatro hijos: Ra\u00fal en 1963; Iv\u00e1n en 1965; Sandra en 1968 y Eduardo en 1971. Estos regalones muchachos le llenaron de alegr\u00eda al regalarle diez hermosos nietos.<br \/>\n<strong>Roberto Gonz\u00e1lez Short<\/strong><\/p>\n<figure id=\"attachment_79536\" aria-describedby=\"caption-attachment-79536\" style=\"width: 580px\" class=\"wp-caption alignnone\"><img data-recalc-dims=\"1\" loading=\"lazy\" decoding=\"async\" class=\"size-full wp-image-79536\" src=\"https:\/\/i0.wp.com\/www.eltrabajo.cl\/2017\/wp-content\/uploads\/2017\/06\/Homenaje2.jpg?resize=580%2C349\" alt=\"SIEMPRE JUNTOS.- Aqu\u00ed tenemos a don Eduardo al lado de su esposa Eliana Fa\u00fandez, en las afueras del liceo.\" width=\"580\" height=\"349\" srcset=\"https:\/\/i0.wp.com\/eltrabajo.cl\/portal\/wp-content\/uploads\/2017\/06\/Homenaje2.jpg?w=580&amp;ssl=1 580w, https:\/\/i0.wp.com\/eltrabajo.cl\/portal\/wp-content\/uploads\/2017\/06\/Homenaje2.jpg?resize=200%2C120&amp;ssl=1 200w, https:\/\/i0.wp.com\/eltrabajo.cl\/portal\/wp-content\/uploads\/2017\/06\/Homenaje2.jpg?resize=300%2C181&amp;ssl=1 300w, https:\/\/i0.wp.com\/eltrabajo.cl\/portal\/wp-content\/uploads\/2017\/06\/Homenaje2.jpg?resize=249%2C150&amp;ssl=1 249w, https:\/\/i0.wp.com\/eltrabajo.cl\/portal\/wp-content\/uploads\/2017\/06\/Homenaje2.jpg?resize=400%2C241&amp;ssl=1 400w\" sizes=\"auto, (max-width: 580px) 100vw, 580px\" \/><figcaption id=\"caption-attachment-79536\" class=\"wp-caption-text\">SIEMPRE JUNTOS.- Aqu\u00ed tenemos a don Eduardo al lado de su esposa Eliana Fa\u00fandez, en las afueras del liceo.<\/figcaption><\/figure>\n","protected":false},"excerpt":{"rendered":"<p>Fue en el marco del 179\u00ba aniversario del Liceo Roberto Humeres celebrado este s\u00e1bado, durante las actividades festivas de los egresados, que la direcci\u00f3n de esa casa estudiantil decidi\u00f3 rendir un emotivo&#8230;<\/p>\n","protected":false},"author":1,"featured_media":79536,"comment_status":"open","ping_status":"open","sticky":false,"template":"","format":"standard","meta":{"advanced_seo_description":"","jetpack_seo_html_title":"","jetpack_seo_noindex":false,"_jetpack_memberships_contains_paid_content":false,"footnotes":""},"categories":[15],"tags":[],"class_list":["post-79534","post","type-post","status-publish","format-standard","has-post-thumbnail","hentry","category-comunidad"],"jetpack_featured_media_url":"https:\/\/i0.wp.com\/eltrabajo.cl\/portal\/wp-content\/uploads\/2017\/06\/Homenaje2.jpg?fit=580%2C349&ssl=1","jetpack_sharing_enabled":true,"jetpack_likes_enabled":true,"jetpack-related-posts":[],"_links":{"self":[{"href":"https:\/\/eltrabajo.cl\/portal\/wp-json\/wp\/v2\/posts\/79534","targetHints":{"allow":["GET"]}}],"collection":[{"href":"https:\/\/eltrabajo.cl\/portal\/wp-json\/wp\/v2\/posts"}],"about":[{"href":"https:\/\/eltrabajo.cl\/portal\/wp-json\/wp\/v2\/types\/post"}],"author":[{"embeddable":true,"href":"https:\/\/eltrabajo.cl\/portal\/wp-json\/wp\/v2\/users\/1"}],"replies":[{"embeddable":true,"href":"https:\/\/eltrabajo.cl\/portal\/wp-json\/wp\/v2\/comments?post=79534"}],"version-history":[{"count":0,"href":"https:\/\/eltrabajo.cl\/portal\/wp-json\/wp\/v2\/posts\/79534\/revisions"}],"wp:featuredmedia":[{"embeddable":true,"href":"https:\/\/eltrabajo.cl\/portal\/wp-json\/wp\/v2\/media\/79536"}],"wp:attachment":[{"href":"https:\/\/eltrabajo.cl\/portal\/wp-json\/wp\/v2\/media?parent=79534"}],"wp:term":[{"taxonomy":"category","embeddable":true,"href":"https:\/\/eltrabajo.cl\/portal\/wp-json\/wp\/v2\/categories?post=79534"},{"taxonomy":"post_tag","embeddable":true,"href":"https:\/\/eltrabajo.cl\/portal\/wp-json\/wp\/v2\/tags?post=79534"}],"curies":[{"name":"wp","href":"https:\/\/api.w.org\/{rel}","templated":true}]}}