{"id":79582,"date":"2017-06-14T06:06:05","date_gmt":"2017-06-14T10:06:05","guid":{"rendered":"http:\/\/www.eltrabajo.cl\/2017\/?p=79582"},"modified":"2017-06-14T06:06:05","modified_gmt":"2017-06-14T10:06:05","slug":"cortes-de-cabello-gratis-para-todos-nuestros-lectores-en-escuela-haike","status":"publish","type":"post","link":"https:\/\/eltrabajo.cl\/portal\/cortes-de-cabello-gratis-para-todos-nuestros-lectores-en-escuela-haike\/","title":{"rendered":"Cortes de cabello gratis para todos nuestros lectores en Escuela Haike"},"content":{"rendered":"<figure id=\"attachment_79586\" aria-describedby=\"caption-attachment-79586\" style=\"width: 580px\" class=\"wp-caption alignnone\"><img data-recalc-dims=\"1\" loading=\"lazy\" decoding=\"async\" class=\"size-full wp-image-79586\" src=\"https:\/\/i0.wp.com\/www.eltrabajo.cl\/2017\/wp-content\/uploads\/2017\/06\/Cabello3.jpg?resize=580%2C350\" alt=\"EL M\u00c1S GUAPO.- Aunque no muy c\u00f3modos, al final todos los peque\u00f1ines disfrutan del resultado final de estas estilistas.\" width=\"580\" height=\"350\" srcset=\"https:\/\/i0.wp.com\/eltrabajo.cl\/portal\/wp-content\/uploads\/2017\/06\/Cabello3.jpg?w=580&amp;ssl=1 580w, https:\/\/i0.wp.com\/eltrabajo.cl\/portal\/wp-content\/uploads\/2017\/06\/Cabello3.jpg?resize=200%2C121&amp;ssl=1 200w, https:\/\/i0.wp.com\/eltrabajo.cl\/portal\/wp-content\/uploads\/2017\/06\/Cabello3.jpg?resize=300%2C181&amp;ssl=1 300w, https:\/\/i0.wp.com\/eltrabajo.cl\/portal\/wp-content\/uploads\/2017\/06\/Cabello3.jpg?resize=249%2C150&amp;ssl=1 249w, https:\/\/i0.wp.com\/eltrabajo.cl\/portal\/wp-content\/uploads\/2017\/06\/Cabello3.jpg?resize=400%2C241&amp;ssl=1 400w\" sizes=\"auto, (max-width: 580px) 100vw, 580px\" \/><figcaption id=\"caption-attachment-79586\" class=\"wp-caption-text\">EL M\u00c1S GUAPO.- Aunque no muy c\u00f3modos, al final todos los peque\u00f1ines disfrutan del resultado final de estas estilistas.<\/figcaption><\/figure>\n<p>Una campa\u00f1a comunal en la que se ofrecen cortes de cabello gratis para todos los sanfelipe\u00f1os, es la que est\u00e1 desarrollando la Escuela de Peluquer\u00eda Integral Haike, ubicada en San Mart\u00edn 241. Diario El Trabajo habl\u00f3 ayer martes con el director ejecutivo de la misma, Hernry Rodr\u00edguez Ibacache, quien nos explic\u00f3 las razones del porqu\u00e9 sus estudiantes y estilistas no est\u00e1n cobrando un solo peso a quienes lleguen para recibir un corte de cabello.<br \/>\n\u00abNuestra escuela de peluquer\u00eda est\u00e1 afiliada a Congrepech, \u00fanico congreso en Sudam\u00e9rica certificado a nivel internacional. Estamos haciendo cortes de cabello gratis para dama y var\u00f3n como parte de los cursos de esta profesi\u00f3n que est\u00e1n recibiendo nuestros 80 estudiantes, cada uno de ellos de manera supervisada. Tambi\u00e9n ya estamos gestionando varios operativos m\u00e1s para adultos mayores y ni\u00f1os en instituciones de bien social\u00bb, asegur\u00f3 Rodr\u00edguez a nuestro medio.<br \/>\nSeg\u00fan explic\u00f3 este profesional de la belleza, para el mes de julio se abrir\u00e1 la matr\u00edcula para los cursos de Barber\u00eda, T\u00e9cnico en peluquer\u00eda, Peinado de sal\u00f3n y T\u00e9cnico en coloraci\u00f3n. S\u00f3lo personas mayores de 16 a\u00f1os pueden matricularse (menores de 18 acompa\u00f1ados por adulto), tener el segundo medio aprobado.<br \/>\n<strong>Roberto Gonz\u00e1lez Short<\/strong><\/p>\n<figure id=\"attachment_79583\" aria-describedby=\"caption-attachment-79583\" style=\"width: 580px\" class=\"wp-caption alignnone\"><img data-recalc-dims=\"1\" loading=\"lazy\" decoding=\"async\" class=\"size-full wp-image-79583\" src=\"https:\/\/i0.wp.com\/www.eltrabajo.cl\/2017\/wp-content\/uploads\/2017\/06\/Cabello_Henry-Rodriguez.jpg?resize=580%2C585\" alt=\"Director ejecutivo de la Escuela de Peluquer\u00eda Integral Haike, Hernry Rodr\u00edguez Ibacache.\" width=\"580\" height=\"585\" srcset=\"https:\/\/i0.wp.com\/eltrabajo.cl\/portal\/wp-content\/uploads\/2017\/06\/Cabello_Henry-Rodriguez.jpg?w=580&amp;ssl=1 580w, https:\/\/i0.wp.com\/eltrabajo.cl\/portal\/wp-content\/uploads\/2017\/06\/Cabello_Henry-Rodriguez.jpg?resize=149%2C150&amp;ssl=1 149w, https:\/\/i0.wp.com\/eltrabajo.cl\/portal\/wp-content\/uploads\/2017\/06\/Cabello_Henry-Rodriguez.jpg?resize=297%2C300&amp;ssl=1 297w, https:\/\/i0.wp.com\/eltrabajo.cl\/portal\/wp-content\/uploads\/2017\/06\/Cabello_Henry-Rodriguez.jpg?resize=400%2C403&amp;ssl=1 400w\" sizes=\"auto, (max-width: 580px) 100vw, 580px\" \/><figcaption id=\"caption-attachment-79583\" class=\"wp-caption-text\">Director ejecutivo de la Escuela de Peluquer\u00eda Integral Haike, Hernry Rodr\u00edguez Ibacache.<\/figcaption><\/figure>\n<figure id=\"attachment_79584\" aria-describedby=\"caption-attachment-79584\" style=\"width: 580px\" class=\"wp-caption alignnone\"><img data-recalc-dims=\"1\" loading=\"lazy\" decoding=\"async\" class=\"size-full wp-image-79584\" src=\"https:\/\/i0.wp.com\/www.eltrabajo.cl\/2017\/wp-content\/uploads\/2017\/06\/Cabello1.jpg?resize=580%2C348\" alt=\"CORTES DE CABELLO GRATIS.- Estudiantes de la Escuela de Peluquer\u00eda Integral Haike se est\u00e1n formando en esta instituci\u00f3n sanfelipe\u00f1a, mientras que los vecinos reciben cortes de cabello gratis.\" width=\"580\" height=\"348\" srcset=\"https:\/\/i0.wp.com\/eltrabajo.cl\/portal\/wp-content\/uploads\/2017\/06\/Cabello1.jpg?w=580&amp;ssl=1 580w, https:\/\/i0.wp.com\/eltrabajo.cl\/portal\/wp-content\/uploads\/2017\/06\/Cabello1.jpg?resize=200%2C120&amp;ssl=1 200w, https:\/\/i0.wp.com\/eltrabajo.cl\/portal\/wp-content\/uploads\/2017\/06\/Cabello1.jpg?resize=300%2C180&amp;ssl=1 300w, https:\/\/i0.wp.com\/eltrabajo.cl\/portal\/wp-content\/uploads\/2017\/06\/Cabello1.jpg?resize=250%2C150&amp;ssl=1 250w, https:\/\/i0.wp.com\/eltrabajo.cl\/portal\/wp-content\/uploads\/2017\/06\/Cabello1.jpg?resize=400%2C240&amp;ssl=1 400w\" sizes=\"auto, (max-width: 580px) 100vw, 580px\" \/><figcaption id=\"caption-attachment-79584\" class=\"wp-caption-text\">CORTES DE CABELLO GRATIS.- Estudiantes de la Escuela de Peluquer\u00eda Integral Haike se est\u00e1n formando en esta instituci\u00f3n sanfelipe\u00f1a, mientras que los vecinos reciben cortes de cabello gratis.<\/figcaption><\/figure>\n<figure id=\"attachment_79585\" aria-describedby=\"caption-attachment-79585\" style=\"width: 580px\" class=\"wp-caption alignnone\"><img data-recalc-dims=\"1\" loading=\"lazy\" decoding=\"async\" class=\"size-full wp-image-79585\" src=\"https:\/\/i0.wp.com\/www.eltrabajo.cl\/2017\/wp-content\/uploads\/2017\/06\/Cabello2.jpg?resize=580%2C633\" alt=\"ELLOS TAMBI\u00c9N.- Los m\u00e1s peque\u00f1itos tambi\u00e9n reciben su corte en las campa\u00f1as que Haike desarrolla en la ciudad.\" width=\"580\" height=\"633\" srcset=\"https:\/\/i0.wp.com\/eltrabajo.cl\/portal\/wp-content\/uploads\/2017\/06\/Cabello2.jpg?w=580&amp;ssl=1 580w, https:\/\/i0.wp.com\/eltrabajo.cl\/portal\/wp-content\/uploads\/2017\/06\/Cabello2.jpg?resize=137%2C150&amp;ssl=1 137w, https:\/\/i0.wp.com\/eltrabajo.cl\/portal\/wp-content\/uploads\/2017\/06\/Cabello2.jpg?resize=275%2C300&amp;ssl=1 275w, https:\/\/i0.wp.com\/eltrabajo.cl\/portal\/wp-content\/uploads\/2017\/06\/Cabello2.jpg?resize=400%2C437&amp;ssl=1 400w\" sizes=\"auto, (max-width: 580px) 100vw, 580px\" \/><figcaption id=\"caption-attachment-79585\" class=\"wp-caption-text\">ELLOS TAMBI\u00c9N.- Los m\u00e1s peque\u00f1itos tambi\u00e9n reciben su corte en las campa\u00f1as que Haike desarrolla en la ciudad.<\/figcaption><\/figure>\n","protected":false},"excerpt":{"rendered":"<p>Una campa\u00f1a comunal en la que se ofrecen cortes de cabello gratis para todos los sanfelipe\u00f1os, es la que est\u00e1 desarrollando la Escuela de Peluquer\u00eda Integral Haike, ubicada en San Mart\u00edn 241&#8230;.<\/p>\n","protected":false},"author":1,"featured_media":79584,"comment_status":"open","ping_status":"open","sticky":false,"template":"","format":"standard","meta":{"advanced_seo_description":"","jetpack_seo_html_title":"","jetpack_seo_noindex":false,"_jetpack_memberships_contains_paid_content":false,"footnotes":""},"categories":[15],"tags":[],"class_list":["post-79582","post","type-post","status-publish","format-standard","has-post-thumbnail","hentry","category-comunidad"],"jetpack_featured_media_url":"https:\/\/i0.wp.com\/eltrabajo.cl\/portal\/wp-content\/uploads\/2017\/06\/Cabello1.jpg?fit=580%2C348&ssl=1","jetpack_sharing_enabled":true,"jetpack_likes_enabled":true,"jetpack-related-posts":[],"_links":{"self":[{"href":"https:\/\/eltrabajo.cl\/portal\/wp-json\/wp\/v2\/posts\/79582","targetHints":{"allow":["GET"]}}],"collection":[{"href":"https:\/\/eltrabajo.cl\/portal\/wp-json\/wp\/v2\/posts"}],"about":[{"href":"https:\/\/eltrabajo.cl\/portal\/wp-json\/wp\/v2\/types\/post"}],"author":[{"embeddable":true,"href":"https:\/\/eltrabajo.cl\/portal\/wp-json\/wp\/v2\/users\/1"}],"replies":[{"embeddable":true,"href":"https:\/\/eltrabajo.cl\/portal\/wp-json\/wp\/v2\/comments?post=79582"}],"version-history":[{"count":0,"href":"https:\/\/eltrabajo.cl\/portal\/wp-json\/wp\/v2\/posts\/79582\/revisions"}],"wp:featuredmedia":[{"embeddable":true,"href":"https:\/\/eltrabajo.cl\/portal\/wp-json\/wp\/v2\/media\/79584"}],"wp:attachment":[{"href":"https:\/\/eltrabajo.cl\/portal\/wp-json\/wp\/v2\/media?parent=79582"}],"wp:term":[{"taxonomy":"category","embeddable":true,"href":"https:\/\/eltrabajo.cl\/portal\/wp-json\/wp\/v2\/categories?post=79582"},{"taxonomy":"post_tag","embeddable":true,"href":"https:\/\/eltrabajo.cl\/portal\/wp-json\/wp\/v2\/tags?post=79582"}],"curies":[{"name":"wp","href":"https:\/\/api.w.org\/{rel}","templated":true}]}}