{"id":79643,"date":"2017-06-16T06:04:19","date_gmt":"2017-06-16T10:04:19","guid":{"rendered":"http:\/\/www.eltrabajo.cl\/2017\/?p=79643"},"modified":"2017-06-16T06:04:19","modified_gmt":"2017-06-16T10:04:19","slug":"derriban-semaforo-en-interseccion-de-avenidas-yungay-con-chacabuco","status":"publish","type":"post","link":"https:\/\/eltrabajo.cl\/portal\/derriban-semaforo-en-interseccion-de-avenidas-yungay-con-chacabuco\/","title":{"rendered":"Derriban sem\u00e1foro en intersecci\u00f3n de avenidas Yungay con Chacabuco"},"content":{"rendered":"<figure id=\"attachment_79645\" aria-describedby=\"caption-attachment-79645\" style=\"width: 580px\" class=\"wp-caption alignnone\"><img data-recalc-dims=\"1\" loading=\"lazy\" decoding=\"async\" class=\"size-full wp-image-79645\" src=\"https:\/\/i0.wp.com\/www.eltrabajo.cl\/2017\/wp-content\/uploads\/2017\/06\/Sem%C3%A1foro.jpg?resize=580%2C350\" alt=\"As\u00ed amaneci\u00f3 el sem\u00e1foro de Yungay esquina Chacabuco la ma\u00f1ana de ayer.\" width=\"580\" height=\"350\" srcset=\"https:\/\/i0.wp.com\/eltrabajo.cl\/portal\/wp-content\/uploads\/2017\/06\/Sem%C3%A1foro.jpg?w=580&amp;ssl=1 580w, https:\/\/i0.wp.com\/eltrabajo.cl\/portal\/wp-content\/uploads\/2017\/06\/Sem%C3%A1foro.jpg?resize=200%2C121&amp;ssl=1 200w, https:\/\/i0.wp.com\/eltrabajo.cl\/portal\/wp-content\/uploads\/2017\/06\/Sem%C3%A1foro.jpg?resize=300%2C181&amp;ssl=1 300w, https:\/\/i0.wp.com\/eltrabajo.cl\/portal\/wp-content\/uploads\/2017\/06\/Sem%C3%A1foro.jpg?resize=249%2C150&amp;ssl=1 249w, https:\/\/i0.wp.com\/eltrabajo.cl\/portal\/wp-content\/uploads\/2017\/06\/Sem%C3%A1foro.jpg?resize=400%2C241&amp;ssl=1 400w\" sizes=\"auto, (max-width: 580px) 100vw, 580px\" \/><figcaption id=\"caption-attachment-79645\" class=\"wp-caption-text\">As\u00ed amaneci\u00f3 el sem\u00e1foro de Yungay esquina Chacabuco la ma\u00f1ana de ayer.<\/figcaption><\/figure>\n<p>La ma\u00f1ana de ayer amaneci\u00f3 derribado en el suelo, uno de los sem\u00e1foros ubicado en la transitada intersecci\u00f3n de las avenidas Yungay con Chacabuco.<br \/>\nEn el lugar, uno de los sem\u00e1foros ubicado en el costado norte de la avenida Yungay, estaba tirado mientras segu\u00eda funcionando.<br \/>\nAl efectuar un recorrido se pudo percatar que al parecer el conductor o conductora de alg\u00fan tipo de veh\u00edculo, dio la vuelta demasiado ancha y se fue contra el sem\u00e1foro, arranc\u00e1ndolo pr\u00e1cticamente de ra\u00edz.<br \/>\nLa ca\u00edda del sem\u00e1foro provoc\u00f3 complicaciones especialmente en las personas que deseaban cruzar a esa hora.<\/p>\n<figure id=\"attachment_79644\" aria-describedby=\"caption-attachment-79644\" style=\"width: 580px\" class=\"wp-caption alignnone\"><img data-recalc-dims=\"1\" loading=\"lazy\" decoding=\"async\" class=\"size-full wp-image-79644\" src=\"https:\/\/i0.wp.com\/www.eltrabajo.cl\/2017\/wp-content\/uploads\/2017\/06\/sem%C3%A1foro-3.jpg?resize=580%2C350\" alt=\"Lo m\u00e1s llamativo fue que pese a estar tirado en el suelo, las luces del sem\u00e1foro segu\u00edan funcionando.\" width=\"580\" height=\"350\" srcset=\"https:\/\/i0.wp.com\/eltrabajo.cl\/portal\/wp-content\/uploads\/2017\/06\/sem%C3%A1foro-3.jpg?w=580&amp;ssl=1 580w, https:\/\/i0.wp.com\/eltrabajo.cl\/portal\/wp-content\/uploads\/2017\/06\/sem%C3%A1foro-3.jpg?resize=200%2C121&amp;ssl=1 200w, https:\/\/i0.wp.com\/eltrabajo.cl\/portal\/wp-content\/uploads\/2017\/06\/sem%C3%A1foro-3.jpg?resize=300%2C181&amp;ssl=1 300w, https:\/\/i0.wp.com\/eltrabajo.cl\/portal\/wp-content\/uploads\/2017\/06\/sem%C3%A1foro-3.jpg?resize=249%2C150&amp;ssl=1 249w, https:\/\/i0.wp.com\/eltrabajo.cl\/portal\/wp-content\/uploads\/2017\/06\/sem%C3%A1foro-3.jpg?resize=400%2C241&amp;ssl=1 400w\" sizes=\"auto, (max-width: 580px) 100vw, 580px\" \/><figcaption id=\"caption-attachment-79644\" class=\"wp-caption-text\">Lo m\u00e1s llamativo fue que pese a estar tirado en el suelo, las luces del sem\u00e1foro segu\u00edan funcionando.<\/figcaption><\/figure>\n","protected":false},"excerpt":{"rendered":"<p>La ma\u00f1ana de ayer amaneci\u00f3 derribado en el suelo, uno de los sem\u00e1foros ubicado en la transitada intersecci\u00f3n de las avenidas Yungay con Chacabuco. En el lugar, uno de los sem\u00e1foros ubicado&#8230;<\/p>\n","protected":false},"author":1,"featured_media":79644,"comment_status":"open","ping_status":"open","sticky":false,"template":"","format":"standard","meta":{"advanced_seo_description":"","jetpack_seo_html_title":"","jetpack_seo_noindex":false,"_jetpack_memberships_contains_paid_content":false,"footnotes":""},"categories":[1],"tags":[],"class_list":["post-79643","post","type-post","status-publish","format-standard","has-post-thumbnail","hentry","category-cronica"],"jetpack_featured_media_url":"https:\/\/i0.wp.com\/eltrabajo.cl\/portal\/wp-content\/uploads\/2017\/06\/sem%C3%A1foro-3.jpg?fit=580%2C350&ssl=1","jetpack_sharing_enabled":true,"jetpack_likes_enabled":true,"jetpack-related-posts":[],"_links":{"self":[{"href":"https:\/\/eltrabajo.cl\/portal\/wp-json\/wp\/v2\/posts\/79643","targetHints":{"allow":["GET"]}}],"collection":[{"href":"https:\/\/eltrabajo.cl\/portal\/wp-json\/wp\/v2\/posts"}],"about":[{"href":"https:\/\/eltrabajo.cl\/portal\/wp-json\/wp\/v2\/types\/post"}],"author":[{"embeddable":true,"href":"https:\/\/eltrabajo.cl\/portal\/wp-json\/wp\/v2\/users\/1"}],"replies":[{"embeddable":true,"href":"https:\/\/eltrabajo.cl\/portal\/wp-json\/wp\/v2\/comments?post=79643"}],"version-history":[{"count":0,"href":"https:\/\/eltrabajo.cl\/portal\/wp-json\/wp\/v2\/posts\/79643\/revisions"}],"wp:featuredmedia":[{"embeddable":true,"href":"https:\/\/eltrabajo.cl\/portal\/wp-json\/wp\/v2\/media\/79644"}],"wp:attachment":[{"href":"https:\/\/eltrabajo.cl\/portal\/wp-json\/wp\/v2\/media?parent=79643"}],"wp:term":[{"taxonomy":"category","embeddable":true,"href":"https:\/\/eltrabajo.cl\/portal\/wp-json\/wp\/v2\/categories?post=79643"},{"taxonomy":"post_tag","embeddable":true,"href":"https:\/\/eltrabajo.cl\/portal\/wp-json\/wp\/v2\/tags?post=79643"}],"curies":[{"name":"wp","href":"https:\/\/api.w.org\/{rel}","templated":true}]}}