{"id":79681,"date":"2017-06-19T06:05:13","date_gmt":"2017-06-19T10:05:13","guid":{"rendered":"http:\/\/www.eltrabajo.cl\/2017\/?p=79681"},"modified":"2017-06-19T06:05:13","modified_gmt":"2017-06-19T10:05:13","slug":"gobernador-leon-entrego-pension-de-gracia-a-madre-sanfelipena","status":"publish","type":"post","link":"https:\/\/eltrabajo.cl\/portal\/gobernador-leon-entrego-pension-de-gracia-a-madre-sanfelipena\/","title":{"rendered":"Gobernador Le\u00f3n entreg\u00f3 pensi\u00f3n de gracia a madre sanfelipe\u00f1a"},"content":{"rendered":"<figure id=\"attachment_79683\" aria-describedby=\"caption-attachment-79683\" style=\"width: 580px\" class=\"wp-caption alignnone\"><img data-recalc-dims=\"1\" loading=\"lazy\" decoding=\"async\" class=\"size-full wp-image-79683\" src=\"https:\/\/i0.wp.com\/www.eltrabajo.cl\/2017\/wp-content\/uploads\/2017\/06\/Pensi%C3%B3n1.jpg?resize=580%2C348\" alt=\"PENSI\u00d3N DE GRACIA.- Una pensi\u00f3n de gracia ($117.000 mensuales) recibe ahora do\u00f1a Viviana Rodr\u00edguez por cuidar a su hija, luego que la presidenta Michelle Bachelet respondiera su carta.\" width=\"580\" height=\"348\" srcset=\"https:\/\/i0.wp.com\/eltrabajo.cl\/portal\/wp-content\/uploads\/2017\/06\/Pensi%C3%B3n1.jpg?w=580&amp;ssl=1 580w, https:\/\/i0.wp.com\/eltrabajo.cl\/portal\/wp-content\/uploads\/2017\/06\/Pensi%C3%B3n1.jpg?resize=200%2C120&amp;ssl=1 200w, https:\/\/i0.wp.com\/eltrabajo.cl\/portal\/wp-content\/uploads\/2017\/06\/Pensi%C3%B3n1.jpg?resize=300%2C180&amp;ssl=1 300w, https:\/\/i0.wp.com\/eltrabajo.cl\/portal\/wp-content\/uploads\/2017\/06\/Pensi%C3%B3n1.jpg?resize=250%2C150&amp;ssl=1 250w, https:\/\/i0.wp.com\/eltrabajo.cl\/portal\/wp-content\/uploads\/2017\/06\/Pensi%C3%B3n1.jpg?resize=400%2C240&amp;ssl=1 400w\" sizes=\"auto, (max-width: 580px) 100vw, 580px\" \/><figcaption id=\"caption-attachment-79683\" class=\"wp-caption-text\">PENSI\u00d3N DE GRACIA.- Una pensi\u00f3n de gracia ($117.000 mensuales) recibe ahora do\u00f1a Viviana Rodr\u00edguez por cuidar a su hija, luego que la presidenta Michelle Bachelet respondiera su carta.<\/figcaption><\/figure>\n<ul>\n<li><span style=\"color: #ff0000;\"><strong>No puede trabajar por cuidar a su hija:<\/strong><\/span><\/li>\n<\/ul>\n<p>La se\u00f1ora Viviana Rodr\u00edguez lleva 13 a\u00f1os al cuidado de Nicole, quien sufre de una par\u00e1lisis total, situaci\u00f3n que le impide trabajar para mantener a la peque\u00f1a. Desde hoy su realidad ser\u00e1 un poco m\u00e1s liviana al recibir este beneficio otorgado por la Presidencia de la Rep\u00fablica, el que durar\u00e1 mientras est\u00e9 a cargo de su hija.<br \/>\nLa peque\u00f1a Nicole fue diagnosticada al nacer con S\u00edndrome Hipot\u00f3nico, enfermedad que la mantiene hasta hoy con una dependencia severa, impidi\u00e9ndole hablar y movilizarse, raz\u00f3n por lo que a su madre, Viviana Rodr\u00edguez, siempre se le dificult\u00f3 dar con un trabajo que le permita generar los recursos para mantener un hogar y dedicar el tiempo necesario para el cuidado de la peque\u00f1a.<br \/>\nAnte su dif\u00edcil situaci\u00f3n, y alentada por las apoderadas del Colegio Especial Sagrado Coraz\u00f3n, al que asiste Nicole, tom\u00f3 la decisi\u00f3n de escribir una carta a la presidenta Michelle Bachelet detallando su caso. Meses m\u00e1s tarde recibi\u00f3 respuesta de La Moneda, en la que se le anunciaba el beneficio de una Pensi\u00f3n de gracia que le ayudar\u00eda econ\u00f3micamente mientras pueda comprobar que sigue a cargo de su hija, hasta los 65 a\u00f1os.<br \/>\nSe trata de $117.000 mensuales, monto que solventar\u00e1n gastos de salud de la peque\u00f1a, \u00ablo que me viene muy bien. Desde que mand\u00e9 la carta el a\u00f1o pasado, y con ayuda de las otras apoderadas del colegio, el proceso fue muy r\u00e1pido, uno nunca cree que efectivamente la van a escuchar pero ahora pas\u00f3, y estoy muy feliz\u00bb, indic\u00f3 Viviana.<\/p>\n<p><strong>JUSTO A TIEMPO<\/strong><br \/>\nLa pensi\u00f3n de gracia es una instancia que tiene la Presidencia de la Rep\u00fablica, y que es fijada por ley, para entregar este beneficio a una persona que cumpla con ciertos requisitos. Uno de ellos es que tenga un problema de salud, insalvable o lo suficientemente grave que le impida a la persona o a sus cuidadores a trabajar, \u00abcomo es el caso de la ni\u00f1a Nicole, que su mam\u00e1 fue beneficiaria de una pensi\u00f3n de gracia porque ella no puede trabajar por dedicarse al cuidado de la ni\u00f1a. Uno env\u00eda los antecedentes socioecon\u00f3micos, y una comisi\u00f3n presidencial eval\u00faa y determina de acuerdo a la situaci\u00f3n familiar el monto de la pensi\u00f3n, que en este caso es 0,7 ingresos m\u00ednimos mensuales no remuneraciones\u00bb, precis\u00f3 Olga C\u00e1ceres, asistente social de la gobernaci\u00f3n de San Felipe.<br \/>\nEl caso de Viviana se suma a la m\u00e1s de veintena de personas beneficiadas con la entrega de pensiones de gracia en San Felipe, lista que incluye a personas que han realizado labores destacables por la actividad cultural de la provincia. Sin embargo, resaltan ejemplos como el de la madre de Nicole, debido a la entrega que realizan como cuidadoras de un familiar postrado.<br \/>\nEn ese sentido, el gobernador Eduardo Le\u00f3n, indic\u00f3 que \u00aben nuestra sociedad hay muchas personas que hacen una gran labor invisible, son los pap\u00e1s las mam\u00e1s de muchos ni\u00f1os que tienen alg\u00fan grado de dependencia, es el caso de Nicole. Su mam\u00e1 le escribi\u00f3 a la presidenta de la Rep\u00fablica y nosotros tenemos la misi\u00f3n de entregarle esta respuesta positiva a trav\u00e9s de la pensi\u00f3n de gracia. Estamos muy contentos y esperamos que sea un aporte para ellas. Lo m\u00e1s probable es que la invitemos a seguir trabajando con nosotros, porque nos interesa trabajar con cuidadoras y cuidadores que hacen una gran labor cuidando ya sea a adultos mayores, gente postrada, ni\u00f1os con TEA. Son un grupo que nosotros como Gobernaci\u00f3n queremos priorizar\u00bb.<\/p>\n<figure id=\"attachment_79684\" aria-describedby=\"caption-attachment-79684\" style=\"width: 580px\" class=\"wp-caption alignnone\"><img data-recalc-dims=\"1\" loading=\"lazy\" decoding=\"async\" class=\"size-full wp-image-79684\" src=\"https:\/\/i0.wp.com\/www.eltrabajo.cl\/2017\/wp-content\/uploads\/2017\/06\/Pensi%C3%B3n_2-1.jpg?resize=580%2C349\" alt=\"PENSI\u00d3N DE GRACIA.- Una pensi\u00f3n de gracia ($117.000 mensuales) recibe ahora do\u00f1a Viviana Rodr\u00edguez por cuidar a su hija, luego que la presidenta Michelle Bachelet respondiera su carta.\" width=\"580\" height=\"349\" srcset=\"https:\/\/i0.wp.com\/eltrabajo.cl\/portal\/wp-content\/uploads\/2017\/06\/Pensi%C3%B3n_2-1.jpg?w=580&amp;ssl=1 580w, https:\/\/i0.wp.com\/eltrabajo.cl\/portal\/wp-content\/uploads\/2017\/06\/Pensi%C3%B3n_2-1.jpg?resize=200%2C120&amp;ssl=1 200w, https:\/\/i0.wp.com\/eltrabajo.cl\/portal\/wp-content\/uploads\/2017\/06\/Pensi%C3%B3n_2-1.jpg?resize=300%2C181&amp;ssl=1 300w, https:\/\/i0.wp.com\/eltrabajo.cl\/portal\/wp-content\/uploads\/2017\/06\/Pensi%C3%B3n_2-1.jpg?resize=249%2C150&amp;ssl=1 249w, https:\/\/i0.wp.com\/eltrabajo.cl\/portal\/wp-content\/uploads\/2017\/06\/Pensi%C3%B3n_2-1.jpg?resize=400%2C241&amp;ssl=1 400w\" sizes=\"auto, (max-width: 580px) 100vw, 580px\" \/><figcaption id=\"caption-attachment-79684\" class=\"wp-caption-text\">PENSI\u00d3N DE GRACIA.- Una pensi\u00f3n de gracia ($117.000 mensuales) recibe ahora do\u00f1a Viviana Rodr\u00edguez por cuidar a su hija, luego que la presidenta Michelle Bachelet respondiera su carta.<\/figcaption><\/figure>\n","protected":false},"excerpt":{"rendered":"<p>No puede trabajar por cuidar a su hija: La se\u00f1ora Viviana Rodr\u00edguez lleva 13 a\u00f1os al cuidado de Nicole, quien sufre de una par\u00e1lisis total, situaci\u00f3n que le impide trabajar para mantener&#8230;<\/p>\n","protected":false},"author":1,"featured_media":79684,"comment_status":"open","ping_status":"open","sticky":false,"template":"","format":"standard","meta":{"advanced_seo_description":"","jetpack_seo_html_title":"","jetpack_seo_noindex":false,"_jetpack_memberships_contains_paid_content":false,"footnotes":""},"categories":[1],"tags":[],"class_list":["post-79681","post","type-post","status-publish","format-standard","has-post-thumbnail","hentry","category-cronica"],"jetpack_featured_media_url":"https:\/\/i0.wp.com\/eltrabajo.cl\/portal\/wp-content\/uploads\/2017\/06\/Pensi%C3%B3n_2-1.jpg?fit=580%2C349&ssl=1","jetpack_sharing_enabled":true,"jetpack_likes_enabled":true,"jetpack-related-posts":[],"_links":{"self":[{"href":"https:\/\/eltrabajo.cl\/portal\/wp-json\/wp\/v2\/posts\/79681","targetHints":{"allow":["GET"]}}],"collection":[{"href":"https:\/\/eltrabajo.cl\/portal\/wp-json\/wp\/v2\/posts"}],"about":[{"href":"https:\/\/eltrabajo.cl\/portal\/wp-json\/wp\/v2\/types\/post"}],"author":[{"embeddable":true,"href":"https:\/\/eltrabajo.cl\/portal\/wp-json\/wp\/v2\/users\/1"}],"replies":[{"embeddable":true,"href":"https:\/\/eltrabajo.cl\/portal\/wp-json\/wp\/v2\/comments?post=79681"}],"version-history":[{"count":0,"href":"https:\/\/eltrabajo.cl\/portal\/wp-json\/wp\/v2\/posts\/79681\/revisions"}],"wp:featuredmedia":[{"embeddable":true,"href":"https:\/\/eltrabajo.cl\/portal\/wp-json\/wp\/v2\/media\/79684"}],"wp:attachment":[{"href":"https:\/\/eltrabajo.cl\/portal\/wp-json\/wp\/v2\/media?parent=79681"}],"wp:term":[{"taxonomy":"category","embeddable":true,"href":"https:\/\/eltrabajo.cl\/portal\/wp-json\/wp\/v2\/categories?post=79681"},{"taxonomy":"post_tag","embeddable":true,"href":"https:\/\/eltrabajo.cl\/portal\/wp-json\/wp\/v2\/tags?post=79681"}],"curies":[{"name":"wp","href":"https:\/\/api.w.org\/{rel}","templated":true}]}}