{"id":79686,"date":"2017-06-19T06:06:20","date_gmt":"2017-06-19T10:06:20","guid":{"rendered":"http:\/\/www.eltrabajo.cl\/2017\/?p=79686"},"modified":"2017-06-19T06:06:20","modified_gmt":"2017-06-19T10:06:20","slug":"llaman-a-estar-en-alerta-por-tramitacion-de-proyecto-embalse-cerrillos","status":"publish","type":"post","link":"https:\/\/eltrabajo.cl\/portal\/llaman-a-estar-en-alerta-por-tramitacion-de-proyecto-embalse-cerrillos\/","title":{"rendered":"Llaman a estar en alerta por tramitaci\u00f3n de proyecto Embalse Cerrillos"},"content":{"rendered":"<figure id=\"attachment_79688\" aria-describedby=\"caption-attachment-79688\" style=\"width: 580px\" class=\"wp-caption alignnone\"><img data-recalc-dims=\"1\" loading=\"lazy\" decoding=\"async\" class=\"size-full wp-image-79688\" src=\"https:\/\/i0.wp.com\/www.eltrabajo.cl\/2017\/wp-content\/uploads\/2017\/06\/Cerrillos2.jpg?resize=580%2C348\" alt=\"Fue el abogado de la segunda secci\u00f3n del Rio Aconcagua, Juan Crocco, quien  entreg\u00f3 detalles de este proyecto de acelerada tramitaci\u00f3n.   \" width=\"580\" height=\"348\" srcset=\"https:\/\/i0.wp.com\/eltrabajo.cl\/portal\/wp-content\/uploads\/2017\/06\/Cerrillos2.jpg?w=580&amp;ssl=1 580w, https:\/\/i0.wp.com\/eltrabajo.cl\/portal\/wp-content\/uploads\/2017\/06\/Cerrillos2.jpg?resize=200%2C120&amp;ssl=1 200w, https:\/\/i0.wp.com\/eltrabajo.cl\/portal\/wp-content\/uploads\/2017\/06\/Cerrillos2.jpg?resize=300%2C180&amp;ssl=1 300w, https:\/\/i0.wp.com\/eltrabajo.cl\/portal\/wp-content\/uploads\/2017\/06\/Cerrillos2.jpg?resize=250%2C150&amp;ssl=1 250w, https:\/\/i0.wp.com\/eltrabajo.cl\/portal\/wp-content\/uploads\/2017\/06\/Cerrillos2.jpg?resize=400%2C240&amp;ssl=1 400w\" sizes=\"auto, (max-width: 580px) 100vw, 580px\" \/><figcaption id=\"caption-attachment-79688\" class=\"wp-caption-text\">Fue el abogado de la segunda secci\u00f3n del Rio Aconcagua, Juan Crocco, quien entreg\u00f3 detalles de este proyecto de acelerada tramitaci\u00f3n.<\/figcaption><\/figure>\n<p><strong>PANQUEHUE.-<\/strong> Tras una reuni\u00f3n participativa, el alcalde de la comuna de Panquehue, Luis Pradenas, llam\u00f3 a estar alerta ante la acelerada tramitaci\u00f3n del proyecto de construcci\u00f3n del embalse Cerrillos en la comuna de Catemu.<br \/>\nSe trata de una obra hidr\u00e1ulica de 180 millones de metros c\u00fabicos, con un valor aproximado de 460 millones de d\u00f3lares, solamente en lo que es la olla de embalse, donde el tema de mayor preocupaci\u00f3n pasa en la incertidumbre del recurso h\u00eddrico, ya que existe el temor que gran parte de agua de Panquehue podr\u00eda quedar embalsado, con un serio da\u00f1o para el desarrollo agr\u00edcola y social de esta comuna.<br \/>\nEn la reuni\u00f3n informativa, que cont\u00f3 adem\u00e1s con la presencia de los concejales Zamora, Ossand\u00f3n, Bruna y Morales, adem\u00e1s de dirigentes de los regantes de la segunda secci\u00f3n del R\u00edo Aconcagua y vecinos de las comunas de LLay LLay y Catemu, se pudo conocer detalles de este extra\u00f1o proyecto del estado.<br \/>\nFue el abogado de la segunda secci\u00f3n del Rio Aconcagua, Juan Crocco, quien entreg\u00f3 detalles de este proyecto de acelerada tramitaci\u00f3n.<br \/>\n\u00abLa idea de este reuni\u00f3n surge por el hecho de enfrentarnos con una negativa sostenida de parte del gobierno de turno en dar la respuesta a las consultas que nosotros estamos haciendo, la segunda secci\u00f3n del r\u00edo Aconcagua no tiene una lucha, conflicto o pelea con la gente de la tercera secci\u00f3n y esta oposici\u00f3n que se plantea no es un mero capricho, sino que simplemente nosotros queremos que nos den claridad, por parte de la Direcci\u00f3n de Obras Hidr\u00e1ulicas y del Ministerio de Obras P\u00fablicas, respecto del origen de los derechos de agua que se van a utilizar en este embalse, de los acuerdos que dice supuestamente tener la DOH con los regantes de la zona, de los impactos ambientales, de los costos, de los trazados, de c\u00f3mo se van a ver afectada las aguas subterr\u00e1neas, por lo tanto, lo que nosotros estamos planteando son preguntas muy sensatas a un proyecto que evidentemente afecta a la zona\u00bb.<br \/>\nPara el alcalde Luis Pradenas, se trata de un tema que reviste estar atento, pues una obra de estas caracter\u00edsticas en la comuna de Catemu, con la nula claridad de informaci\u00f3n, puede perjudicar a una comuna como Panquehue, en algo que es fundamental sus derechos de agua.<br \/>\n\u00abSe trata de una reuni\u00f3n muy provechosa, donde se tuvo la informaci\u00f3n requerida de un proyecto que puede afectar de sobre manera a la comuna de Panquehue, por lo tanto, estoy preocupado y es necesario que se sostengan reuniones informativas, que la comunidad conozca lo que se est\u00e1 haciendo y de esta forma hacer frente a un tema donde la autoridad no ha tenido el inter\u00e9s de transparentar\u00bb.<br \/>\nAgreg\u00f3 el alcalde, que dada la gravedad de esta situaci\u00f3n y los hechos que puede provocar en la comuna de Panquehue, es que en la pr\u00f3xima sesi\u00f3n de concejo municipal, del martes 20 de junio, solicitar\u00e1 un acuerdo, donde se declare el rechazo ante el Ministerio de Obras P\u00fablicas, en la construcci\u00f3n del embalse de cerrillos en la comuna de Catemu.<\/p>\n<figure id=\"attachment_79687\" aria-describedby=\"caption-attachment-79687\" style=\"width: 580px\" class=\"wp-caption alignnone\"><img data-recalc-dims=\"1\" loading=\"lazy\" decoding=\"async\" class=\"size-full wp-image-79687\" src=\"https:\/\/i0.wp.com\/www.eltrabajo.cl\/2017\/wp-content\/uploads\/2017\/06\/Cerrillos1.jpg?resize=580%2C349\" alt=\"En una reuni\u00f3n participativa, el edil estuvo junto a regantes y vecinos de la segunda secci\u00f3n del Aconcagua, analizando esta propuesta del MOP.\" width=\"580\" height=\"349\" srcset=\"https:\/\/i0.wp.com\/eltrabajo.cl\/portal\/wp-content\/uploads\/2017\/06\/Cerrillos1.jpg?w=580&amp;ssl=1 580w, https:\/\/i0.wp.com\/eltrabajo.cl\/portal\/wp-content\/uploads\/2017\/06\/Cerrillos1.jpg?resize=200%2C120&amp;ssl=1 200w, https:\/\/i0.wp.com\/eltrabajo.cl\/portal\/wp-content\/uploads\/2017\/06\/Cerrillos1.jpg?resize=300%2C181&amp;ssl=1 300w, https:\/\/i0.wp.com\/eltrabajo.cl\/portal\/wp-content\/uploads\/2017\/06\/Cerrillos1.jpg?resize=249%2C150&amp;ssl=1 249w, https:\/\/i0.wp.com\/eltrabajo.cl\/portal\/wp-content\/uploads\/2017\/06\/Cerrillos1.jpg?resize=400%2C241&amp;ssl=1 400w\" sizes=\"auto, (max-width: 580px) 100vw, 580px\" \/><figcaption id=\"caption-attachment-79687\" class=\"wp-caption-text\">En una reuni\u00f3n participativa, el edil estuvo junto a regantes y vecinos de la segunda secci\u00f3n del Aconcagua, analizando esta propuesta del MOP.<\/figcaption><\/figure>\n","protected":false},"excerpt":{"rendered":"<p>PANQUEHUE.- Tras una reuni\u00f3n participativa, el alcalde de la comuna de Panquehue, Luis Pradenas, llam\u00f3 a estar alerta ante la acelerada tramitaci\u00f3n del proyecto de construcci\u00f3n del embalse Cerrillos en la comuna&#8230;<\/p>\n","protected":false},"author":1,"featured_media":79687,"comment_status":"open","ping_status":"open","sticky":false,"template":"","format":"standard","meta":{"advanced_seo_description":"","jetpack_seo_html_title":"","jetpack_seo_noindex":false,"_jetpack_memberships_contains_paid_content":false,"footnotes":""},"categories":[1],"tags":[],"class_list":["post-79686","post","type-post","status-publish","format-standard","has-post-thumbnail","hentry","category-cronica"],"jetpack_featured_media_url":"https:\/\/i0.wp.com\/eltrabajo.cl\/portal\/wp-content\/uploads\/2017\/06\/Cerrillos1.jpg?fit=580%2C349&ssl=1","jetpack_sharing_enabled":true,"jetpack_likes_enabled":true,"jetpack-related-posts":[],"_links":{"self":[{"href":"https:\/\/eltrabajo.cl\/portal\/wp-json\/wp\/v2\/posts\/79686","targetHints":{"allow":["GET"]}}],"collection":[{"href":"https:\/\/eltrabajo.cl\/portal\/wp-json\/wp\/v2\/posts"}],"about":[{"href":"https:\/\/eltrabajo.cl\/portal\/wp-json\/wp\/v2\/types\/post"}],"author":[{"embeddable":true,"href":"https:\/\/eltrabajo.cl\/portal\/wp-json\/wp\/v2\/users\/1"}],"replies":[{"embeddable":true,"href":"https:\/\/eltrabajo.cl\/portal\/wp-json\/wp\/v2\/comments?post=79686"}],"version-history":[{"count":0,"href":"https:\/\/eltrabajo.cl\/portal\/wp-json\/wp\/v2\/posts\/79686\/revisions"}],"wp:featuredmedia":[{"embeddable":true,"href":"https:\/\/eltrabajo.cl\/portal\/wp-json\/wp\/v2\/media\/79687"}],"wp:attachment":[{"href":"https:\/\/eltrabajo.cl\/portal\/wp-json\/wp\/v2\/media?parent=79686"}],"wp:term":[{"taxonomy":"category","embeddable":true,"href":"https:\/\/eltrabajo.cl\/portal\/wp-json\/wp\/v2\/categories?post=79686"},{"taxonomy":"post_tag","embeddable":true,"href":"https:\/\/eltrabajo.cl\/portal\/wp-json\/wp\/v2\/tags?post=79686"}],"curies":[{"name":"wp","href":"https:\/\/api.w.org\/{rel}","templated":true}]}}