{"id":79700,"date":"2017-06-20T06:00:03","date_gmt":"2017-06-20T10:00:03","guid":{"rendered":"http:\/\/www.eltrabajo.cl\/2017\/?p=79700"},"modified":"2017-06-20T06:00:03","modified_gmt":"2017-06-20T10:00:03","slug":"con-gran-premiere-recaudaran-fondos-para-torneo-world-all-dance","status":"publish","type":"post","link":"https:\/\/eltrabajo.cl\/portal\/con-gran-premiere-recaudaran-fondos-para-torneo-world-all-dance\/","title":{"rendered":"Con Gran Premiere recaudar\u00e1n fondos para torneo \u2018World All Dance\u2019"},"content":{"rendered":"<figure id=\"attachment_79705\" aria-describedby=\"caption-attachment-79705\" style=\"width: 580px\" class=\"wp-caption alignnone\"><img data-recalc-dims=\"1\" loading=\"lazy\" decoding=\"async\" class=\"size-full wp-image-79705\" src=\"https:\/\/i0.wp.com\/www.eltrabajo.cl\/2017\/wp-content\/uploads\/2017\/06\/Media2.jpg?resize=580%2C348\" alt=\"J\u00d3VENES SO\u00d1ADORAS.- En la categor\u00eda 15-17 a\u00f1os, tenemos a estas chicas sanfelipe\u00f1as, todas listas para cumplir su sue\u00f1o de ir a Estados Unidos.\" width=\"580\" height=\"348\" srcset=\"https:\/\/i0.wp.com\/eltrabajo.cl\/portal\/wp-content\/uploads\/2017\/06\/Media2.jpg?w=580&amp;ssl=1 580w, https:\/\/i0.wp.com\/eltrabajo.cl\/portal\/wp-content\/uploads\/2017\/06\/Media2.jpg?resize=200%2C120&amp;ssl=1 200w, https:\/\/i0.wp.com\/eltrabajo.cl\/portal\/wp-content\/uploads\/2017\/06\/Media2.jpg?resize=300%2C180&amp;ssl=1 300w, https:\/\/i0.wp.com\/eltrabajo.cl\/portal\/wp-content\/uploads\/2017\/06\/Media2.jpg?resize=250%2C150&amp;ssl=1 250w, https:\/\/i0.wp.com\/eltrabajo.cl\/portal\/wp-content\/uploads\/2017\/06\/Media2.jpg?resize=400%2C240&amp;ssl=1 400w\" sizes=\"auto, (max-width: 580px) 100vw, 580px\" \/><figcaption id=\"caption-attachment-79705\" class=\"wp-caption-text\">J\u00d3VENES SO\u00d1ADORAS.- En la categor\u00eda 15-17 a\u00f1os, tenemos a estas chicas sanfelipe\u00f1as, todas listas para cumplir su sue\u00f1o de ir a Estados Unidos.<\/figcaption><\/figure>\n<ul>\n<li><strong><span style=\"color: #ff0000;\">Unos 21 chicos sue\u00f1an con brillar en el Mundial de Danza USA 2017:<\/span>\u00a0El pr\u00f3ximo jueves 6 de julio en el teatro del Liceo Polit\u00e9cnico Roberto Humeres, a las 18:30 horas se presentar\u00e1n estos bailarines infantiles y juveniles.<\/strong><\/li>\n<\/ul>\n<p>Recientemente en Diario El Trabajo hab\u00edamos informado sobre los 21 bailarines sanfelipe\u00f1os que estar\u00e1n representando a Chile en el Campeonato Mundial de Danza en Orlando Florida (EE.UU.), como parte de la gran comitiva nacional de doce escuelas de danza, las que viajar\u00e1n a tierras norteamericanas en representaci\u00f3n tambi\u00e9n de la Academia de Danza Media Punta, de San Felipe.<br \/>\nEl boleto para ser tomados en cuenta en esta gran cita global de danza, lo gan\u00f3 tras la reciente participaci\u00f3n que esta academia tuvo en el certamen \u2018All Dance International Chile\u2019, realizado en el Teatro Cariola, en Santiago, consiguiendo uno de los tres cupos para formar parte en noviembre pr\u00f3ximo del \u2018World All Dance\u2019, escenario que congregar\u00e1 en Orlando, Florida, Estados Unidos, a lo m\u00e1s selecto de la danza de los cinco continentes.<\/p>\n<p><span style=\"color: #ff0000;\"><strong>GALA ESPECTACULAR<\/strong><\/span><br \/>\nNuestro medio habl\u00f3 ayer lunes con la directora de Media Punta, Karen Cataldo Pino, quien nos inform\u00f3 de las actividades que toda la comunidad de danza de su academia est\u00e1 desarrollando para reunir fondos, a fin de que ninguno de los participantes pierda esta gran oportunidad.<br \/>\n\u00abQuiero invitar a todos los lectores de Diario El Trabajo y a todos los sanfelipe\u00f1os en general, a que se unan a nuestro sue\u00f1o, al sue\u00f1o de nuestras ni\u00f1as y ni\u00f1os que pretenden llegar a ese Mundial, es por eso que el pr\u00f3ximo jueves 6 de julio estaremos realizando una gala especial en el teatro del Liceo Polit\u00e9cnico Roberto Humeres, a las 18:30 horas, oportunidad en la cual cada joven y ni\u00f1o ofrecer\u00e1 sus mejores galas a los presentes. Los m\u00e1s peque\u00f1itos tambi\u00e9n desarrollar\u00e1n sus musicales de Disney, y as\u00ed presentaremos a nuestros 70 artistas locales con bailes de Jazz, Contempor\u00e1neo, Lyrica y otras fantas\u00edas\u00bb, dijo Cataldo a Diario El Trabajo.<\/p>\n<p><span style=\"color: #ff0000;\"><strong>LO QUE FALTA<\/strong><\/span><br \/>\nAll Dance es una organizaci\u00f3n internacional que busca \u2018hacer de la danza una industria\u2019, sus convocatorias recorren el mundo con el objetivo de reclutar a los mejores exponentes de la disciplina. Las sanfelipe\u00f1as acudieron a la cita con las categor\u00edas: Infantil (de 9 a 11 a\u00f1os), Juvenil 1 (de 12 a 14 a\u00f1os) y Juvenil 2 de 14 a 17 a\u00f1os; siendo \u00e9stas \u00faltimas las que se ganaron la responsabilidad de representar a Chile en el Mundial de danza.<\/p>\n<p><span style=\"color: #ff0000;\"><strong>FALTAN \u2018LUCAS\u2019<\/strong><\/span><br \/>\nLamentablemente el haberse ganado un cupo para viajar a Estados Unidos como representante de Chile, no le entrega ning\u00fan tipo de beneficio econ\u00f3mico a cada bailar\u00edn clasificado, y por tratarse de una entidad particular, ser\u00e1n las propias familias de las 21 bailarinas las que tengan que cubrir los gastos de pasajes y estad\u00eda por cinco d\u00edas en el pa\u00eds norteamericano.<br \/>\n\u00abSon como $1.200.000 por cada menor clasificado, es por eso que tenemos que realizar estas actividades, para que cada ni\u00f1a y jovencito viajen con su propio uniforme e indumentaria adecuada\u00bb, agreg\u00f3 Karen.<br \/>\n<strong>Roberto Gonz\u00e1lez Short<\/strong><\/p>\n<figure id=\"attachment_79703\" aria-describedby=\"caption-attachment-79703\" style=\"width: 580px\" class=\"wp-caption alignnone\"><img data-recalc-dims=\"1\" loading=\"lazy\" decoding=\"async\" class=\"size-full wp-image-79703\" src=\"https:\/\/i0.wp.com\/www.eltrabajo.cl\/2017\/wp-content\/uploads\/2017\/06\/Media_Karen-Cataldo.jpg?resize=580%2C525\" alt=\"Directora de la Academia de Danza, Karen Cataldo Pino.\" width=\"580\" height=\"525\" srcset=\"https:\/\/i0.wp.com\/eltrabajo.cl\/portal\/wp-content\/uploads\/2017\/06\/Media_Karen-Cataldo.jpg?w=580&amp;ssl=1 580w, https:\/\/i0.wp.com\/eltrabajo.cl\/portal\/wp-content\/uploads\/2017\/06\/Media_Karen-Cataldo.jpg?resize=166%2C150&amp;ssl=1 166w, https:\/\/i0.wp.com\/eltrabajo.cl\/portal\/wp-content\/uploads\/2017\/06\/Media_Karen-Cataldo.jpg?resize=300%2C272&amp;ssl=1 300w, https:\/\/i0.wp.com\/eltrabajo.cl\/portal\/wp-content\/uploads\/2017\/06\/Media_Karen-Cataldo.jpg?resize=400%2C362&amp;ssl=1 400w\" sizes=\"auto, (max-width: 580px) 100vw, 580px\" \/><figcaption id=\"caption-attachment-79703\" class=\"wp-caption-text\">Directora de la Academia de Danza, Karen Cataldo Pino.<\/figcaption><\/figure>\n<figure id=\"attachment_79704\" aria-describedby=\"caption-attachment-79704\" style=\"width: 580px\" class=\"wp-caption alignnone\"><img data-recalc-dims=\"1\" loading=\"lazy\" decoding=\"async\" class=\"size-full wp-image-79704\" src=\"https:\/\/i0.wp.com\/www.eltrabajo.cl\/2017\/wp-content\/uploads\/2017\/06\/Media1.jpg?resize=580%2C349\" alt=\"\u00bfLO LOGRAR\u00c1N?.- Aqu\u00ed tenemos a estas jovencitas llenas de entusiasmo y con ganas de volar muy alto, pues todas esperan estar en el \u2018World All Dance 2017\u2019.\" width=\"580\" height=\"349\" srcset=\"https:\/\/i0.wp.com\/eltrabajo.cl\/portal\/wp-content\/uploads\/2017\/06\/Media1.jpg?w=580&amp;ssl=1 580w, https:\/\/i0.wp.com\/eltrabajo.cl\/portal\/wp-content\/uploads\/2017\/06\/Media1.jpg?resize=200%2C120&amp;ssl=1 200w, https:\/\/i0.wp.com\/eltrabajo.cl\/portal\/wp-content\/uploads\/2017\/06\/Media1.jpg?resize=300%2C181&amp;ssl=1 300w, https:\/\/i0.wp.com\/eltrabajo.cl\/portal\/wp-content\/uploads\/2017\/06\/Media1.jpg?resize=249%2C150&amp;ssl=1 249w, https:\/\/i0.wp.com\/eltrabajo.cl\/portal\/wp-content\/uploads\/2017\/06\/Media1.jpg?resize=400%2C241&amp;ssl=1 400w\" sizes=\"auto, (max-width: 580px) 100vw, 580px\" \/><figcaption id=\"caption-attachment-79704\" class=\"wp-caption-text\">\u00bfLO LOGRAR\u00c1N?.- Aqu\u00ed tenemos a estas jovencitas llenas de entusiasmo y con ganas de volar muy alto, pues todas esperan estar en el \u2018World All Dance 2017\u2019.<\/figcaption><\/figure>\n<figure id=\"attachment_79706\" aria-describedby=\"caption-attachment-79706\" style=\"width: 580px\" class=\"wp-caption alignnone\"><img data-recalc-dims=\"1\" loading=\"lazy\" decoding=\"async\" class=\"size-full wp-image-79706\" src=\"https:\/\/i0.wp.com\/www.eltrabajo.cl\/2017\/wp-content\/uploads\/2017\/06\/Media3.jpg?resize=580%2C350\" alt=\"IMPERDIBLE.- El pr\u00f3ximo jueves 6 de julio estos chicos realizar\u00e1n una gala especial en el teatro del Liceo Polit\u00e9cnico Roberto Humeres, a las 18:30 horas, oportunidad en la que ofrecer\u00e1n sus mejores galas a los presentes.\" width=\"580\" height=\"350\" srcset=\"https:\/\/i0.wp.com\/eltrabajo.cl\/portal\/wp-content\/uploads\/2017\/06\/Media3.jpg?w=580&amp;ssl=1 580w, https:\/\/i0.wp.com\/eltrabajo.cl\/portal\/wp-content\/uploads\/2017\/06\/Media3.jpg?resize=200%2C121&amp;ssl=1 200w, https:\/\/i0.wp.com\/eltrabajo.cl\/portal\/wp-content\/uploads\/2017\/06\/Media3.jpg?resize=300%2C181&amp;ssl=1 300w, https:\/\/i0.wp.com\/eltrabajo.cl\/portal\/wp-content\/uploads\/2017\/06\/Media3.jpg?resize=249%2C150&amp;ssl=1 249w, https:\/\/i0.wp.com\/eltrabajo.cl\/portal\/wp-content\/uploads\/2017\/06\/Media3.jpg?resize=400%2C241&amp;ssl=1 400w\" sizes=\"auto, (max-width: 580px) 100vw, 580px\" \/><figcaption id=\"caption-attachment-79706\" class=\"wp-caption-text\">IMPERDIBLE.- El pr\u00f3ximo jueves 6 de julio estos chicos realizar\u00e1n una gala especial en el teatro del Liceo Polit\u00e9cnico Roberto Humeres, a las 18:30 horas, oportunidad en la que ofrecer\u00e1n sus mejores galas a los presentes.<\/figcaption><\/figure>\n","protected":false},"excerpt":{"rendered":"<p>Unos 21 chicos sue\u00f1an con brillar en el Mundial de Danza USA 2017:\u00a0El pr\u00f3ximo jueves 6 de julio en el teatro del Liceo Polit\u00e9cnico Roberto Humeres, a las 18:30 horas se presentar\u00e1n&#8230;<\/p>\n","protected":false},"author":1,"featured_media":79704,"comment_status":"open","ping_status":"open","sticky":false,"template":"","format":"standard","meta":{"advanced_seo_description":"","jetpack_seo_html_title":"","jetpack_seo_noindex":false,"_jetpack_memberships_contains_paid_content":false,"footnotes":""},"categories":[15],"tags":[],"class_list":["post-79700","post","type-post","status-publish","format-standard","has-post-thumbnail","hentry","category-comunidad"],"jetpack_featured_media_url":"https:\/\/i0.wp.com\/eltrabajo.cl\/portal\/wp-content\/uploads\/2017\/06\/Media1.jpg?fit=580%2C349&ssl=1","jetpack_sharing_enabled":true,"jetpack_likes_enabled":true,"jetpack-related-posts":[],"_links":{"self":[{"href":"https:\/\/eltrabajo.cl\/portal\/wp-json\/wp\/v2\/posts\/79700","targetHints":{"allow":["GET"]}}],"collection":[{"href":"https:\/\/eltrabajo.cl\/portal\/wp-json\/wp\/v2\/posts"}],"about":[{"href":"https:\/\/eltrabajo.cl\/portal\/wp-json\/wp\/v2\/types\/post"}],"author":[{"embeddable":true,"href":"https:\/\/eltrabajo.cl\/portal\/wp-json\/wp\/v2\/users\/1"}],"replies":[{"embeddable":true,"href":"https:\/\/eltrabajo.cl\/portal\/wp-json\/wp\/v2\/comments?post=79700"}],"version-history":[{"count":0,"href":"https:\/\/eltrabajo.cl\/portal\/wp-json\/wp\/v2\/posts\/79700\/revisions"}],"wp:featuredmedia":[{"embeddable":true,"href":"https:\/\/eltrabajo.cl\/portal\/wp-json\/wp\/v2\/media\/79704"}],"wp:attachment":[{"href":"https:\/\/eltrabajo.cl\/portal\/wp-json\/wp\/v2\/media?parent=79700"}],"wp:term":[{"taxonomy":"category","embeddable":true,"href":"https:\/\/eltrabajo.cl\/portal\/wp-json\/wp\/v2\/categories?post=79700"},{"taxonomy":"post_tag","embeddable":true,"href":"https:\/\/eltrabajo.cl\/portal\/wp-json\/wp\/v2\/tags?post=79700"}],"curies":[{"name":"wp","href":"https:\/\/api.w.org\/{rel}","templated":true}]}}