{"id":79708,"date":"2017-06-20T06:01:34","date_gmt":"2017-06-20T10:01:34","guid":{"rendered":"http:\/\/www.eltrabajo.cl\/2017\/?p=79708"},"modified":"2017-06-20T06:01:34","modified_gmt":"2017-06-20T10:01:34","slug":"jonathan-salvador-parte-de-union-san-felipe-para-integrarse-a-palestino","status":"publish","type":"post","link":"https:\/\/eltrabajo.cl\/portal\/jonathan-salvador-parte-de-union-san-felipe-para-integrarse-a-palestino\/","title":{"rendered":"Jonathan Salvador parte de Uni\u00f3n San Felipe para integrarse a Palestino"},"content":{"rendered":"<figure id=\"attachment_79709\" aria-describedby=\"caption-attachment-79709\" style=\"width: 580px\" class=\"wp-caption alignnone\"><img data-recalc-dims=\"1\" loading=\"lazy\" decoding=\"async\" class=\"size-full wp-image-79709\" src=\"https:\/\/i0.wp.com\/www.eltrabajo.cl\/2017\/wp-content\/uploads\/2017\/06\/jonathan-salvador.jpg?resize=580%2C348\" alt=\"Jonathan Salvador dej\u00f3 de ser el arquero de Uni\u00f3n San Felipe, desde donde emigr\u00f3 a Palestino.\" width=\"580\" height=\"348\" srcset=\"https:\/\/i0.wp.com\/eltrabajo.cl\/portal\/wp-content\/uploads\/2017\/06\/jonathan-salvador.jpg?w=580&amp;ssl=1 580w, https:\/\/i0.wp.com\/eltrabajo.cl\/portal\/wp-content\/uploads\/2017\/06\/jonathan-salvador.jpg?resize=200%2C120&amp;ssl=1 200w, https:\/\/i0.wp.com\/eltrabajo.cl\/portal\/wp-content\/uploads\/2017\/06\/jonathan-salvador.jpg?resize=300%2C180&amp;ssl=1 300w, https:\/\/i0.wp.com\/eltrabajo.cl\/portal\/wp-content\/uploads\/2017\/06\/jonathan-salvador.jpg?resize=250%2C150&amp;ssl=1 250w, https:\/\/i0.wp.com\/eltrabajo.cl\/portal\/wp-content\/uploads\/2017\/06\/jonathan-salvador.jpg?resize=400%2C240&amp;ssl=1 400w\" sizes=\"auto, (max-width: 580px) 100vw, 580px\" \/><figcaption id=\"caption-attachment-79709\" class=\"wp-caption-text\">Jonathan Salvador dej\u00f3 de ser el arquero de Uni\u00f3n San Felipe, desde donde emigr\u00f3 a Palestino.<\/figcaption><\/figure>\n<p>Fue el mismo Jonathan Salvador el que confirm\u00f3 a<strong> El Trabajo Deportivo<\/strong> su alejamiento de Uni\u00f3n San Felipe, para partir con rumbo a Palestino. \u201cEsta oportunidad llega en un muy buen momento de mi carrera; creo que mi paso por Uni\u00f3n San Felipe fue a todas luces positivo y grato. A ese club le di lo mejor en cada partido y entrenamiento\u201d, expres\u00f3 el ahora ex cuida tubos albirrojos, que por segunda vez tendr\u00e1 la oportunidad de actuar en un equipo de la serie de oro del balompi\u00e9 rentado chileno. \u201cLa otra vez cuando estuve en la Uni\u00f3n Espa\u00f1ola, ten\u00eda menos confianza ya que era muy joven; ahora tengo m\u00e1s experiencia y madurez, por eso insisto en que el paso por San Felipe fue muy positivo\u201d, agreg\u00f3.<br \/>\nJonathan Salvador entren\u00f3 con Uni\u00f3n San Felipe hasta el s\u00e1bado reci\u00e9n pasado y en horas de ayer en la ma\u00f1ana se integr\u00f3 al plantel de Palestino.<\/p>\n","protected":false},"excerpt":{"rendered":"<p>Fue el mismo Jonathan Salvador el que confirm\u00f3 a El Trabajo Deportivo su alejamiento de Uni\u00f3n San Felipe, para partir con rumbo a Palestino. \u201cEsta oportunidad llega en un muy buen momento&#8230;<\/p>\n","protected":false},"author":1,"featured_media":79709,"comment_status":"open","ping_status":"open","sticky":false,"template":"","format":"standard","meta":{"advanced_seo_description":"","jetpack_seo_html_title":"","jetpack_seo_noindex":false,"_jetpack_memberships_contains_paid_content":false,"footnotes":""},"categories":[19],"tags":[],"class_list":["post-79708","post","type-post","status-publish","format-standard","has-post-thumbnail","hentry","category-deportes"],"jetpack_featured_media_url":"https:\/\/i0.wp.com\/eltrabajo.cl\/portal\/wp-content\/uploads\/2017\/06\/jonathan-salvador.jpg?fit=580%2C348&ssl=1","jetpack_sharing_enabled":true,"jetpack_likes_enabled":true,"jetpack-related-posts":[],"_links":{"self":[{"href":"https:\/\/eltrabajo.cl\/portal\/wp-json\/wp\/v2\/posts\/79708","targetHints":{"allow":["GET"]}}],"collection":[{"href":"https:\/\/eltrabajo.cl\/portal\/wp-json\/wp\/v2\/posts"}],"about":[{"href":"https:\/\/eltrabajo.cl\/portal\/wp-json\/wp\/v2\/types\/post"}],"author":[{"embeddable":true,"href":"https:\/\/eltrabajo.cl\/portal\/wp-json\/wp\/v2\/users\/1"}],"replies":[{"embeddable":true,"href":"https:\/\/eltrabajo.cl\/portal\/wp-json\/wp\/v2\/comments?post=79708"}],"version-history":[{"count":0,"href":"https:\/\/eltrabajo.cl\/portal\/wp-json\/wp\/v2\/posts\/79708\/revisions"}],"wp:featuredmedia":[{"embeddable":true,"href":"https:\/\/eltrabajo.cl\/portal\/wp-json\/wp\/v2\/media\/79709"}],"wp:attachment":[{"href":"https:\/\/eltrabajo.cl\/portal\/wp-json\/wp\/v2\/media?parent=79708"}],"wp:term":[{"taxonomy":"category","embeddable":true,"href":"https:\/\/eltrabajo.cl\/portal\/wp-json\/wp\/v2\/categories?post=79708"},{"taxonomy":"post_tag","embeddable":true,"href":"https:\/\/eltrabajo.cl\/portal\/wp-json\/wp\/v2\/tags?post=79708"}],"curies":[{"name":"wp","href":"https:\/\/api.w.org\/{rel}","templated":true}]}}