{"id":79715,"date":"2017-06-20T06:03:42","date_gmt":"2017-06-20T10:03:42","guid":{"rendered":"http:\/\/www.eltrabajo.cl\/2017\/?p=79715"},"modified":"2017-06-20T06:03:42","modified_gmt":"2017-06-20T10:03:42","slug":"unas-30-familias-luchan-para-ser-duenas-legales-de-sus-propiedades","status":"publish","type":"post","link":"https:\/\/eltrabajo.cl\/portal\/unas-30-familias-luchan-para-ser-duenas-legales-de-sus-propiedades\/","title":{"rendered":"Unas 30 familias luchan para ser due\u00f1as legales de sus propiedades"},"content":{"rendered":"<figure id=\"attachment_79717\" aria-describedby=\"caption-attachment-79717\" style=\"width: 580px\" class=\"wp-caption alignnone\"><img data-recalc-dims=\"1\" loading=\"lazy\" decoding=\"async\" class=\"size-full wp-image-79717\" src=\"https:\/\/i0.wp.com\/www.eltrabajo.cl\/2017\/wp-content\/uploads\/2017\/06\/Asiento2.jpg?resize=580%2C348\" alt=\"VECINOS INVOLUCRADOS.- Cada uno de los vecinos explicaron sus dudas y formularon sus preguntas al seremi de Bienes Nacionales, Rodrigo Vergara.\" width=\"580\" height=\"348\" srcset=\"https:\/\/i0.wp.com\/eltrabajo.cl\/portal\/wp-content\/uploads\/2017\/06\/Asiento2.jpg?w=580&amp;ssl=1 580w, https:\/\/i0.wp.com\/eltrabajo.cl\/portal\/wp-content\/uploads\/2017\/06\/Asiento2.jpg?resize=200%2C120&amp;ssl=1 200w, https:\/\/i0.wp.com\/eltrabajo.cl\/portal\/wp-content\/uploads\/2017\/06\/Asiento2.jpg?resize=300%2C180&amp;ssl=1 300w, https:\/\/i0.wp.com\/eltrabajo.cl\/portal\/wp-content\/uploads\/2017\/06\/Asiento2.jpg?resize=250%2C150&amp;ssl=1 250w, https:\/\/i0.wp.com\/eltrabajo.cl\/portal\/wp-content\/uploads\/2017\/06\/Asiento2.jpg?resize=400%2C240&amp;ssl=1 400w\" sizes=\"auto, (max-width: 580px) 100vw, 580px\" \/><figcaption id=\"caption-attachment-79717\" class=\"wp-caption-text\">VECINOS INVOLUCRADOS.- Cada uno de los vecinos explicaron sus dudas y formularon sus preguntas al seremi de Bienes Nacionales, Rodrigo Vergara.<\/figcaption><\/figure>\n<ul>\n<li><span style=\"color: #ff0000;\"><strong>Seremi de Bienes Nacionales visit\u00f3 El Asiento en busca de sanear terrenos<\/strong><\/span><\/li>\n<\/ul>\n<p>Una luz de esperanza es la que brilla ahora y con much\u00edsima m\u00e1s fuerza en el coraz\u00f3n de 30 familias de El Asiento, luego que en horas de la ma\u00f1ana de ayer lunes, en la sede vecinal, se desarroll\u00f3 un encuentro de las mismas con Rodrigo Vergara, Seremi de Bienes Nacionales de Valpara\u00edso, quien lleg\u00f3 con un gran equipo de trabajo para levantar informaci\u00f3n vecinal, la que busca establecer expedientes para quienes califiquen en el proceso de sanear sus propiedades, ya que hasta el momento las mismas no existen con su rol ni registro en el Conservador de Bienes Ra\u00edces ni en Bienes Nacionales.<br \/>\nEste trabajo se logra gracias a la gesti\u00f3n que el presidente de la junta vecinal de El Asiento, Luis Ortiz, ha desarrollado al lado de las autoridades municipales y ministeriales, lo que significa para esa comunidad la posibilidad de lograr un gran avance en los campos de desarrollo y proyecci\u00f3n social.<\/p>\n<p><span style=\"color: #ff0000;\"><strong>CREANDO EXPEDIENTE<\/strong><\/span><br \/>\nDiario El Trabajo habl\u00f3 con Rodrigo Vergara, de Bienes Nacionales de Valpara\u00edso.<br \/>\n<strong>&#8211; \u00bfPor qu\u00e9 su visita y qu\u00e9 busca hacer su equipo de trabajo en El Asiento?<\/strong><br \/>\n&#8211; Mi visita a El Asiento responde a una solicitud directa de la Ministra de Bienes Nacionales Nivia Palma, quien vino y se reuni\u00f3 con el alcalde de San Felipe don Patricio Freire. Ella determin\u00f3 que ser\u00eda bueno conocer la realidad del sector El Asiento para verificar si es posible o no una regularizaci\u00f3n en el lugar. Por eso nosotros venimos a verificar la existencia, venimos a verificar las condiciones para despu\u00e9s levantar un informe y poder determinar la posibilidad de trabajar aqu\u00ed con los vecinos, tratando de que logren tener su T\u00edtulo de Dominio.<br \/>\n<strong>&#8211; \u00bfCu\u00e1l es la meta a llegar con este levantamiento de datos?<\/strong><br \/>\n&#8211; La meta a llegar con cualquier T\u00edtulo de Dominio es precisamente poner la inscripci\u00f3n en el Conservador de Bienes Ra\u00edces, de manera tal que las familias puedan tener prioridad sobre el lugar que habita, esa es la finalidad. En cuanto a estos expedientes, si va a ser posible hacerlo depender\u00e1 de la informaci\u00f3n que se logre recabar, y ese levantamiento nos indicar\u00e1 hasta d\u00f3nde podemos llegar.<br \/>\n<strong>&#8211; \u00bfPodemos decir entonces que ya arrancaron con el saneamiento?<\/strong><br \/>\n&#8211; Todav\u00eda no arrancamos. El expediente arranca una vez que se ingresa al Seremi de Bienes Nacionales, como as\u00ed en todos los tr\u00e1mites en todo el pa\u00eds, hasta que exista ese expediente con n\u00famero de Folio, desde ah\u00ed cuenta, en el caso de Valpara\u00edso este tr\u00e1mite dura alrededor de a\u00f1o y medio. Los vecinos que por alguna raz\u00f3n no logren acreditar su condici\u00f3n de propietarios en este proceso, simplemente quedar\u00e1n como est\u00e1n ahora.<\/p>\n<p><span style=\"color: #ff0000;\"><strong>MINISTRA CUMPLIDORA<\/strong><\/span><br \/>\nPor su parte don Luis Ortiz Velozo, presidente de la junta vecinal de El Asiento, nos inform\u00f3 su complacencia tras recibir al equipo de Bienes Nacionales, pues fue directamente la Ministra Palma quien le ofreci\u00f3 a \u00e9l y al Alcalde Freire enviarlo.<br \/>\n\u00abEl Seremi vino con su equipo de trabajo, un equipo t\u00e9cnico de Bienes Nacionales de Santiago enviado por la propia Ministra Nivia Palma, a quien le estoy muy agradecido por lo bien que nos ha atendido a fin de buscar sanear nuestras propiedades aqu\u00ed en El Asiento. Quiero explicar que inicialmente se hablaba de 120 familias las que estaban en un listado para sanear, sin embargo yo quiero aclarar que s\u00f3lo son unas 30 familias las que est\u00e1n en este proceso, familias de las que yo s\u00ed doy fe de que son los due\u00f1os de esos terrenos. Para lograr este saneamiento tendremos que seguir trabajando en esta mesa. Estas familias no pueden tener alg\u00fan adelanto por parte del Gobierno mientras no tengan su T\u00edtulo de Dominio, yo no voy a descansar hasta que no tengamos nuestro pueblo totalmente saneado, para que como tal podamos postular a proyectos de mejoras y pavimentos y todo lo que merecemos como pueblo organizado\u00bb, indic\u00f3 Ortiz.<\/p>\n<p><span style=\"color: #ff0000;\"><strong>VECINOS CONTENTOS<\/strong><\/span><br \/>\nDiario El Trabajo tambi\u00e9n habl\u00f3 con algunos vecinos, quienes se acercaron a la sede vecinal buscando orientaci\u00f3n a fin de poder presentar la documentaci\u00f3n correcta en los plazos que deban ser respetados.<br \/>\nCecilia \u00c1lvarez: \u00abVivo ac\u00e1 desde hace cinco a\u00f1os, tengo una propiedad en El Asiento, el problema que yo tengo al igual que otras m\u00e1s, es que no tenemos rol de propiedad; estamos ahora muy esperanzados, porque pronto seremos due\u00f1os legalmente de lo que tenemos\u00bb.<br \/>\nJaime Osorio: \u00abEs muy importante que las autoridades est\u00e9n atendiendo a los vecinos que no tenemos enrolamiento en este pueblo, yo tengo casa desde hace 17 a\u00f1os, pero vivo ac\u00e1 desde hace seis a\u00f1os, ojala tambi\u00e9n que pronto tengamos alumbrado p\u00fablico y otros beneficios\u00bb.<br \/>\nViene el progreso. Llega la esperanza. Este inicio de actividades en terreno por parte del Seremi Vergara entreabre muchas puertas para el desarrollo que estos vecinos sanfelipe\u00f1os por tantos a\u00f1os han esperado en su pueblo. Para verdades, El Tiempo.<br \/>\n<strong>Roberto Gonz\u00e1lez Short<\/strong><\/p>\n<figure id=\"attachment_79718\" aria-describedby=\"caption-attachment-79718\" style=\"width: 580px\" class=\"wp-caption alignnone\"><img data-recalc-dims=\"1\" loading=\"lazy\" decoding=\"async\" class=\"size-full wp-image-79718\" src=\"https:\/\/i0.wp.com\/www.eltrabajo.cl\/2017\/wp-content\/uploads\/2017\/06\/Asiento3.jpg?resize=580%2C348\" alt=\"DESDE ARRIBA.- Esta es una vista a\u00e9rea de El Asiento. La l\u00ednea roja se\u00f1ala el fin del pueblo y el l\u00edmite de los comuneros.\" width=\"580\" height=\"348\" srcset=\"https:\/\/i0.wp.com\/eltrabajo.cl\/portal\/wp-content\/uploads\/2017\/06\/Asiento3.jpg?w=580&amp;ssl=1 580w, https:\/\/i0.wp.com\/eltrabajo.cl\/portal\/wp-content\/uploads\/2017\/06\/Asiento3.jpg?resize=200%2C120&amp;ssl=1 200w, https:\/\/i0.wp.com\/eltrabajo.cl\/portal\/wp-content\/uploads\/2017\/06\/Asiento3.jpg?resize=300%2C180&amp;ssl=1 300w, https:\/\/i0.wp.com\/eltrabajo.cl\/portal\/wp-content\/uploads\/2017\/06\/Asiento3.jpg?resize=250%2C150&amp;ssl=1 250w, https:\/\/i0.wp.com\/eltrabajo.cl\/portal\/wp-content\/uploads\/2017\/06\/Asiento3.jpg?resize=400%2C240&amp;ssl=1 400w\" sizes=\"auto, (max-width: 580px) 100vw, 580px\" \/><figcaption id=\"caption-attachment-79718\" class=\"wp-caption-text\">DESDE ARRIBA.- Esta es una vista a\u00e9rea de El Asiento. La l\u00ednea roja se\u00f1ala el fin del pueblo y el l\u00edmite de los comuneros.<\/figcaption><\/figure>\n<figure id=\"attachment_79716\" aria-describedby=\"caption-attachment-79716\" style=\"width: 580px\" class=\"wp-caption alignnone\"><img data-recalc-dims=\"1\" loading=\"lazy\" decoding=\"async\" class=\"size-full wp-image-79716\" src=\"https:\/\/i0.wp.com\/www.eltrabajo.cl\/2017\/wp-content\/uploads\/2017\/06\/Asiento1.jpg?resize=580%2C348\" alt=\"DIGNOS ANHELOS.- Muchos vecinos esperaban desde hace mucho tiempo esta visita, no m\u00e1s llegando el Seremi Vergara, ellos se acercaron con su documentaci\u00f3n para recibir orientaci\u00f3n de los pasos a seguir.\" width=\"580\" height=\"348\" srcset=\"https:\/\/i0.wp.com\/eltrabajo.cl\/portal\/wp-content\/uploads\/2017\/06\/Asiento1.jpg?w=580&amp;ssl=1 580w, https:\/\/i0.wp.com\/eltrabajo.cl\/portal\/wp-content\/uploads\/2017\/06\/Asiento1.jpg?resize=200%2C120&amp;ssl=1 200w, https:\/\/i0.wp.com\/eltrabajo.cl\/portal\/wp-content\/uploads\/2017\/06\/Asiento1.jpg?resize=300%2C180&amp;ssl=1 300w, https:\/\/i0.wp.com\/eltrabajo.cl\/portal\/wp-content\/uploads\/2017\/06\/Asiento1.jpg?resize=250%2C150&amp;ssl=1 250w, https:\/\/i0.wp.com\/eltrabajo.cl\/portal\/wp-content\/uploads\/2017\/06\/Asiento1.jpg?resize=400%2C240&amp;ssl=1 400w\" sizes=\"auto, (max-width: 580px) 100vw, 580px\" \/><figcaption id=\"caption-attachment-79716\" class=\"wp-caption-text\">DIGNOS ANHELOS.- Muchos vecinos esperaban desde hace mucho tiempo esta visita, no m\u00e1s llegando el Seremi Vergara, ellos se acercaron con su documentaci\u00f3n para recibir orientaci\u00f3n de los pasos a seguir.<\/figcaption><\/figure>\n<figure id=\"attachment_79720\" aria-describedby=\"caption-attachment-79720\" style=\"width: 567px\" class=\"wp-caption alignnone\"><img data-recalc-dims=\"1\" loading=\"lazy\" decoding=\"async\" class=\"size-full wp-image-79720\" src=\"https:\/\/i0.wp.com\/www.eltrabajo.cl\/2017\/wp-content\/uploads\/2017\/06\/portada-Asiento4.jpg?resize=567%2C350\" alt=\"LARGO PROCESO.- Al menos unas 30 familias de El Asiento finalmente podr\u00e1n sanear sus propiedades, de salir todo bien, para 2018 ellos ser\u00e1n legalmente propietarios.\" width=\"567\" height=\"350\" srcset=\"https:\/\/i0.wp.com\/eltrabajo.cl\/portal\/wp-content\/uploads\/2017\/06\/portada-Asiento4.jpg?w=567&amp;ssl=1 567w, https:\/\/i0.wp.com\/eltrabajo.cl\/portal\/wp-content\/uploads\/2017\/06\/portada-Asiento4.jpg?resize=200%2C123&amp;ssl=1 200w, https:\/\/i0.wp.com\/eltrabajo.cl\/portal\/wp-content\/uploads\/2017\/06\/portada-Asiento4.jpg?resize=300%2C185&amp;ssl=1 300w, https:\/\/i0.wp.com\/eltrabajo.cl\/portal\/wp-content\/uploads\/2017\/06\/portada-Asiento4.jpg?resize=243%2C150&amp;ssl=1 243w, https:\/\/i0.wp.com\/eltrabajo.cl\/portal\/wp-content\/uploads\/2017\/06\/portada-Asiento4.jpg?resize=400%2C247&amp;ssl=1 400w\" sizes=\"auto, (max-width: 567px) 100vw, 567px\" \/><figcaption id=\"caption-attachment-79720\" class=\"wp-caption-text\">LARGO PROCESO.- Al menos unas 30 familias de El Asiento finalmente podr\u00e1n sanear sus propiedades, de salir todo bien, para 2018 ellos ser\u00e1n legalmente propietarios.<\/figcaption><\/figure>\n","protected":false},"excerpt":{"rendered":"<p>Seremi de Bienes Nacionales visit\u00f3 El Asiento en busca de sanear terrenos Una luz de esperanza es la que brilla ahora y con much\u00edsima m\u00e1s fuerza en el coraz\u00f3n de 30 familias&#8230;<\/p>\n","protected":false},"author":1,"featured_media":79720,"comment_status":"open","ping_status":"open","sticky":false,"template":"","format":"standard","meta":{"advanced_seo_description":"","jetpack_seo_html_title":"","jetpack_seo_noindex":false,"_jetpack_memberships_contains_paid_content":false,"footnotes":""},"categories":[15],"tags":[],"class_list":["post-79715","post","type-post","status-publish","format-standard","has-post-thumbnail","hentry","category-comunidad"],"jetpack_featured_media_url":"https:\/\/i0.wp.com\/eltrabajo.cl\/portal\/wp-content\/uploads\/2017\/06\/portada-Asiento4.jpg?fit=567%2C350&ssl=1","jetpack_sharing_enabled":true,"jetpack_likes_enabled":true,"jetpack-related-posts":[],"_links":{"self":[{"href":"https:\/\/eltrabajo.cl\/portal\/wp-json\/wp\/v2\/posts\/79715","targetHints":{"allow":["GET"]}}],"collection":[{"href":"https:\/\/eltrabajo.cl\/portal\/wp-json\/wp\/v2\/posts"}],"about":[{"href":"https:\/\/eltrabajo.cl\/portal\/wp-json\/wp\/v2\/types\/post"}],"author":[{"embeddable":true,"href":"https:\/\/eltrabajo.cl\/portal\/wp-json\/wp\/v2\/users\/1"}],"replies":[{"embeddable":true,"href":"https:\/\/eltrabajo.cl\/portal\/wp-json\/wp\/v2\/comments?post=79715"}],"version-history":[{"count":0,"href":"https:\/\/eltrabajo.cl\/portal\/wp-json\/wp\/v2\/posts\/79715\/revisions"}],"wp:featuredmedia":[{"embeddable":true,"href":"https:\/\/eltrabajo.cl\/portal\/wp-json\/wp\/v2\/media\/79720"}],"wp:attachment":[{"href":"https:\/\/eltrabajo.cl\/portal\/wp-json\/wp\/v2\/media?parent=79715"}],"wp:term":[{"taxonomy":"category","embeddable":true,"href":"https:\/\/eltrabajo.cl\/portal\/wp-json\/wp\/v2\/categories?post=79715"},{"taxonomy":"post_tag","embeddable":true,"href":"https:\/\/eltrabajo.cl\/portal\/wp-json\/wp\/v2\/tags?post=79715"}],"curies":[{"name":"wp","href":"https:\/\/api.w.org\/{rel}","templated":true}]}}