{"id":79722,"date":"2017-06-20T06:04:45","date_gmt":"2017-06-20T10:04:45","guid":{"rendered":"http:\/\/www.eltrabajo.cl\/2017\/?p=79722"},"modified":"2017-06-20T06:04:45","modified_gmt":"2017-06-20T10:04:45","slug":"seremi-de-salud-notifico-a-gea-cierre-definitivo-del-vertedero-la-hormiga","status":"publish","type":"post","link":"https:\/\/eltrabajo.cl\/portal\/seremi-de-salud-notifico-a-gea-cierre-definitivo-del-vertedero-la-hormiga\/","title":{"rendered":"Seremi de Salud notific\u00f3 a GEA cierre definitivo del Vertedero La Hormiga"},"content":{"rendered":"<figure id=\"attachment_79723\" aria-describedby=\"caption-attachment-79723\" style=\"width: 580px\" class=\"wp-caption alignnone\"><img data-recalc-dims=\"1\" loading=\"lazy\" decoding=\"async\" class=\"size-full wp-image-79723\" src=\"https:\/\/i0.wp.com\/www.eltrabajo.cl\/2017\/wp-content\/uploads\/2017\/06\/GEA.jpg?resize=580%2C350\" alt=\"Uno de los camiones de GEA descarga basura en el Vertedero La Hormiga. (Foto archivo).\" width=\"580\" height=\"350\" srcset=\"https:\/\/i0.wp.com\/eltrabajo.cl\/portal\/wp-content\/uploads\/2017\/06\/GEA.jpg?w=580&amp;ssl=1 580w, https:\/\/i0.wp.com\/eltrabajo.cl\/portal\/wp-content\/uploads\/2017\/06\/GEA.jpg?resize=200%2C121&amp;ssl=1 200w, https:\/\/i0.wp.com\/eltrabajo.cl\/portal\/wp-content\/uploads\/2017\/06\/GEA.jpg?resize=300%2C181&amp;ssl=1 300w, https:\/\/i0.wp.com\/eltrabajo.cl\/portal\/wp-content\/uploads\/2017\/06\/GEA.jpg?resize=249%2C150&amp;ssl=1 249w, https:\/\/i0.wp.com\/eltrabajo.cl\/portal\/wp-content\/uploads\/2017\/06\/GEA.jpg?resize=400%2C241&amp;ssl=1 400w\" sizes=\"auto, (max-width: 580px) 100vw, 580px\" \/><figcaption id=\"caption-attachment-79723\" class=\"wp-caption-text\">Uno de los camiones de GEA descarga basura en el Vertedero La Hormiga. (Foto archivo).<\/figcaption><\/figure>\n<p>La Seremi de Salud inform\u00f3 que ya notific\u00f3 a la empresa GEA que no pueden seguir utilizando el vertedero La Hormiga, es decir el plan de cierre que les permit\u00eda funcionar ya ces\u00f3 en su vigencia.<br \/>\n\u00abPor lo tanto se tom\u00f3 la determinaci\u00f3n de notificar a la empresa que ya no puede verter residuos s\u00f3lidos en ese dispositivo, el vertedero, sino que solamente en el Relleno Sanitario que se encuentra en el mismo predio\u00bb, sostuvo el M\u00e9dico Veterinario Mario M\u00e9ndez, Jefe de la Autoridad Sanitaria.<br \/>\nA\u00f1adi\u00f3 que en virtud de lo anterior realizaron una visita a terreno, notificando formalmente, por lo que de aqu\u00ed en adelante no pueden realizarse operaciones a la descarga de residuos s\u00f3lidos o basuras en el Vertedero La Hormiga.<br \/>\n<strong>&#8211; \u00bfC\u00f3mo se puede fiscalizar que se cumpla la notificaci\u00f3n de cierre, ustedes har\u00e1n fiscalizaciones?<\/strong><br \/>\n&#8211; La verdad que nosotros tenemos por marco general digamos, la fiscalizaci\u00f3n de dos veces al a\u00f1o de los vertederos, y nosotros al vertedero La Hormiga estamos asistiendo una vez al mes, tenemos un monitoreo permanente\u2026 regular y tambi\u00e9n por muchas denuncias que se han formulado por pocos sectores, son pocos, son los mismos siempre y que obviamente nosotros concurrimos a las fiscalizaciones tambi\u00e9n por estas denuncias de gente que est\u00e1 muy preocupada del medio ambiente en nuestro territorio, y que nos ha obligado a tener un plan especial de control de fiscalizaci\u00f3n de este dispositivo.<br \/>\nReiter\u00f3 que el Vertedero La Hormiga no tiene autorizaci\u00f3n de la Seremi de Salud para seguir disponiendo residuos s\u00f3lidos en ese lugar. Todo tiene que hacerse en el relleno sanitario que tiene autorizaci\u00f3n de la instituci\u00f3n ambiental.<br \/>\nLos vertederos son los sistemas m\u00e1s b\u00e1sicos de disposici\u00f3n de residuos que existieron hasta antes que la institucionalidad ambiental estableciera la obligatoriedad de que solamente los rellenos sanitarios pudieran recibir deshechos domiciliarios.<br \/>\nLos rellenos sanitarios son dispositivos m\u00e1s modernos, con mayor tecnolog\u00eda, que dan mayores garant\u00edas que va a ser un trabajo adecuado y as\u00ed prevenir problemas ambientales o sanitarios.<\/p>\n","protected":false},"excerpt":{"rendered":"<p>La Seremi de Salud inform\u00f3 que ya notific\u00f3 a la empresa GEA que no pueden seguir utilizando el vertedero La Hormiga, es decir el plan de cierre que les permit\u00eda funcionar ya&#8230;<\/p>\n","protected":false},"author":1,"featured_media":79723,"comment_status":"open","ping_status":"open","sticky":false,"template":"","format":"standard","meta":{"advanced_seo_description":"","jetpack_seo_html_title":"","jetpack_seo_noindex":false,"_jetpack_memberships_contains_paid_content":false,"footnotes":""},"categories":[1],"tags":[],"class_list":["post-79722","post","type-post","status-publish","format-standard","has-post-thumbnail","hentry","category-cronica"],"jetpack_featured_media_url":"https:\/\/i0.wp.com\/eltrabajo.cl\/portal\/wp-content\/uploads\/2017\/06\/GEA.jpg?fit=580%2C350&ssl=1","jetpack_sharing_enabled":true,"jetpack_likes_enabled":true,"jetpack-related-posts":[],"_links":{"self":[{"href":"https:\/\/eltrabajo.cl\/portal\/wp-json\/wp\/v2\/posts\/79722","targetHints":{"allow":["GET"]}}],"collection":[{"href":"https:\/\/eltrabajo.cl\/portal\/wp-json\/wp\/v2\/posts"}],"about":[{"href":"https:\/\/eltrabajo.cl\/portal\/wp-json\/wp\/v2\/types\/post"}],"author":[{"embeddable":true,"href":"https:\/\/eltrabajo.cl\/portal\/wp-json\/wp\/v2\/users\/1"}],"replies":[{"embeddable":true,"href":"https:\/\/eltrabajo.cl\/portal\/wp-json\/wp\/v2\/comments?post=79722"}],"version-history":[{"count":0,"href":"https:\/\/eltrabajo.cl\/portal\/wp-json\/wp\/v2\/posts\/79722\/revisions"}],"wp:featuredmedia":[{"embeddable":true,"href":"https:\/\/eltrabajo.cl\/portal\/wp-json\/wp\/v2\/media\/79723"}],"wp:attachment":[{"href":"https:\/\/eltrabajo.cl\/portal\/wp-json\/wp\/v2\/media?parent=79722"}],"wp:term":[{"taxonomy":"category","embeddable":true,"href":"https:\/\/eltrabajo.cl\/portal\/wp-json\/wp\/v2\/categories?post=79722"},{"taxonomy":"post_tag","embeddable":true,"href":"https:\/\/eltrabajo.cl\/portal\/wp-json\/wp\/v2\/tags?post=79722"}],"curies":[{"name":"wp","href":"https:\/\/api.w.org\/{rel}","templated":true}]}}