{"id":79725,"date":"2017-06-20T06:05:06","date_gmt":"2017-06-20T10:05:06","guid":{"rendered":"http:\/\/www.eltrabajo.cl\/2017\/?p=79725"},"modified":"2017-06-20T06:05:06","modified_gmt":"2017-06-20T10:05:06","slug":"minimas-subiran-a-7o-pero-el-agua-regresara-a-partir-del-jueves","status":"publish","type":"post","link":"https:\/\/eltrabajo.cl\/portal\/minimas-subiran-a-7o-pero-el-agua-regresara-a-partir-del-jueves\/","title":{"rendered":"M\u00ednimas subir\u00e1n a 7\u00ba, pero el agua regresar\u00e1 a partir del jueves"},"content":{"rendered":"<figure id=\"attachment_79730\" aria-describedby=\"caption-attachment-79730\" style=\"width: 580px\" class=\"wp-caption alignnone\"><img data-recalc-dims=\"1\" loading=\"lazy\" decoding=\"async\" class=\"size-full wp-image-79730\" src=\"https:\/\/i0.wp.com\/www.eltrabajo.cl\/2017\/wp-content\/uploads\/2017\/06\/Clima3.jpg?resize=580%2C349\" alt=\"S\u00d3LO LA MITAD.- Se hab\u00edan pronosticado unos 80 mm. de aguas lluvias, finalmente s\u00f3lo cayeron poco m\u00e1s de 40mm.\" width=\"580\" height=\"349\" srcset=\"https:\/\/i0.wp.com\/eltrabajo.cl\/portal\/wp-content\/uploads\/2017\/06\/Clima3.jpg?w=580&amp;ssl=1 580w, https:\/\/i0.wp.com\/eltrabajo.cl\/portal\/wp-content\/uploads\/2017\/06\/Clima3.jpg?resize=200%2C120&amp;ssl=1 200w, https:\/\/i0.wp.com\/eltrabajo.cl\/portal\/wp-content\/uploads\/2017\/06\/Clima3.jpg?resize=300%2C181&amp;ssl=1 300w, https:\/\/i0.wp.com\/eltrabajo.cl\/portal\/wp-content\/uploads\/2017\/06\/Clima3.jpg?resize=249%2C150&amp;ssl=1 249w, https:\/\/i0.wp.com\/eltrabajo.cl\/portal\/wp-content\/uploads\/2017\/06\/Clima3.jpg?resize=400%2C241&amp;ssl=1 400w\" sizes=\"auto, (max-width: 580px) 100vw, 580px\" \/><figcaption id=\"caption-attachment-79730\" class=\"wp-caption-text\">S\u00d3LO LA MITAD.- Se hab\u00edan pronosticado unos 80 mm. de aguas lluvias, finalmente s\u00f3lo cayeron poco m\u00e1s de 40mm.<\/figcaption><\/figure>\n<p>Luego que los expertos a nivel local y nacional pronosticaran la ca\u00edda de 80 mm. de aguas lluvias para el pasado fin de semana, muchos se sorprendieron porque s\u00f3lo fue la mitad de esa cantidad la que nos cay\u00f3 en todo el Valle de Aconcagua, lo que igualmente favorece nuestros cultivos, sin embargo han sido las bajas temperaturas en cambio las que de manera casi permanente nos acompa\u00f1aron todos estos d\u00edas hasta el d\u00eda de ayer lunes.<\/p>\n<p><span style=\"color: #ff0000;\"><strong>CUEVAS RESPONDE<\/strong><\/span><br \/>\nEs precisamente por esta diferencia entre las cifras pronosticadas y las que realmente se registraron en materia de lluvias, que Diario El Trabajo volvi\u00f3 a consultar a Miguel Cuevas, encargado de la estaci\u00f3n meteorol\u00f3gica de la Escuela Agr\u00edcola: \u00abA 41.5 mm. lleg\u00f3 el frente que afect\u00f3 al Valle y un total de 130.7 mm. (durante lo que va de 2017), quedando con un super\u00e1vit de 43.8 mm. con respecto a un a\u00f1o normal a la fecha. El a\u00f1o pasado a la fecha hab\u00edan precipitado 156 mm. Si bien es cierto se hab\u00edan pronosticado 80 mm., hay que aclarar que son pron\u00f3sticos y est\u00e1n sujetos a varias variantes, como desplazamiento y debilitamiento, entre otras. Debo agregar que lo importante es prevenir y tomar todas las medidas de mitigaci\u00f3n y que no afecten a la poblaci\u00f3n\u00bb, respondi\u00f3 Cuevas a Diario El Trabajo.<br \/>\nEn relaci\u00f3n a un posible frente lluvioso que se est\u00e1 anunciando, Cuevas confirm\u00f3 que \u00abse anuncia un nuevo frente que afectar\u00e1 al Valle de Aconcagua, el que estar\u00eda ingresando el d\u00eda jueves y se extender\u00eda hasta el d\u00eda lunes, con menor intensidad que el anterior. Las temperaturas m\u00ednimas tienden a subir a partir del mi\u00e9rcoles, estar\u00e1n entre 2 y 7 grados y las m\u00e1ximas entre 11 y 15 grados de aqu\u00ed al viernes\u00bb, asegur\u00f3 el funcionario.<br \/>\n<strong>Roberto Gonz\u00e1lez Short<\/strong><\/p>\n<figure id=\"attachment_79727\" aria-describedby=\"caption-attachment-79727\" style=\"width: 580px\" class=\"wp-caption alignnone\"><img data-recalc-dims=\"1\" loading=\"lazy\" decoding=\"async\" class=\"size-full wp-image-79727\" src=\"https:\/\/i0.wp.com\/www.eltrabajo.cl\/2017\/wp-content\/uploads\/2017\/06\/Clima2.jpg?resize=580%2C348\" alt=\"EN MONITOREO.- Diario El Trabajo monitore\u00f3 el comportamiento durante las noches del pasado fin de semana. S\u00f3lo se trat\u00f3 de lluvias algo intensas, pero no tan peligrosas como se anunciaban.\" width=\"580\" height=\"348\" srcset=\"https:\/\/i0.wp.com\/eltrabajo.cl\/portal\/wp-content\/uploads\/2017\/06\/Clima2.jpg?w=580&amp;ssl=1 580w, https:\/\/i0.wp.com\/eltrabajo.cl\/portal\/wp-content\/uploads\/2017\/06\/Clima2.jpg?resize=200%2C120&amp;ssl=1 200w, https:\/\/i0.wp.com\/eltrabajo.cl\/portal\/wp-content\/uploads\/2017\/06\/Clima2.jpg?resize=300%2C180&amp;ssl=1 300w, https:\/\/i0.wp.com\/eltrabajo.cl\/portal\/wp-content\/uploads\/2017\/06\/Clima2.jpg?resize=250%2C150&amp;ssl=1 250w, https:\/\/i0.wp.com\/eltrabajo.cl\/portal\/wp-content\/uploads\/2017\/06\/Clima2.jpg?resize=400%2C240&amp;ssl=1 400w\" sizes=\"auto, (max-width: 580px) 100vw, 580px\" \/><figcaption id=\"caption-attachment-79727\" class=\"wp-caption-text\">EN MONITOREO.- Diario El Trabajo monitore\u00f3 el comportamiento durante las noches del pasado fin de semana. S\u00f3lo se trat\u00f3 de lluvias algo intensas, pero no tan peligrosas como se anunciaban.<\/figcaption><\/figure>\n<figure id=\"attachment_79726\" aria-describedby=\"caption-attachment-79726\" style=\"width: 580px\" class=\"wp-caption alignnone\"><img data-recalc-dims=\"1\" loading=\"lazy\" decoding=\"async\" class=\"size-full wp-image-79726\" src=\"https:\/\/i0.wp.com\/www.eltrabajo.cl\/2017\/wp-content\/uploads\/2017\/06\/Clima-Miguel-Cuevas.jpg?resize=580%2C610\" alt=\"Miguel Cuevas, encargado de la estaci\u00f3n meteorol\u00f3gica de la Escuela Agr\u00edcola, revisaba ayer en la tarde sus apuntes y registros para explicar las cifras.\" width=\"580\" height=\"610\" srcset=\"https:\/\/i0.wp.com\/eltrabajo.cl\/portal\/wp-content\/uploads\/2017\/06\/Clima-Miguel-Cuevas.jpg?w=580&amp;ssl=1 580w, https:\/\/i0.wp.com\/eltrabajo.cl\/portal\/wp-content\/uploads\/2017\/06\/Clima-Miguel-Cuevas.jpg?resize=143%2C150&amp;ssl=1 143w, https:\/\/i0.wp.com\/eltrabajo.cl\/portal\/wp-content\/uploads\/2017\/06\/Clima-Miguel-Cuevas.jpg?resize=285%2C300&amp;ssl=1 285w, https:\/\/i0.wp.com\/eltrabajo.cl\/portal\/wp-content\/uploads\/2017\/06\/Clima-Miguel-Cuevas.jpg?resize=400%2C421&amp;ssl=1 400w\" sizes=\"auto, (max-width: 580px) 100vw, 580px\" \/><figcaption id=\"caption-attachment-79726\" class=\"wp-caption-text\">Miguel Cuevas, encargado de la estaci\u00f3n meteorol\u00f3gica de la Escuela Agr\u00edcola, revisaba ayer en la tarde sus apuntes y registros para explicar las cifras.<\/figcaption><\/figure>\n","protected":false},"excerpt":{"rendered":"<p>Luego que los expertos a nivel local y nacional pronosticaran la ca\u00edda de 80 mm. de aguas lluvias para el pasado fin de semana, muchos se sorprendieron porque s\u00f3lo fue la mitad&#8230;<\/p>\n","protected":false},"author":1,"featured_media":79727,"comment_status":"open","ping_status":"open","sticky":false,"template":"","format":"standard","meta":{"advanced_seo_description":"","jetpack_seo_html_title":"","jetpack_seo_noindex":false,"_jetpack_memberships_contains_paid_content":false,"footnotes":""},"categories":[1],"tags":[],"class_list":["post-79725","post","type-post","status-publish","format-standard","has-post-thumbnail","hentry","category-cronica"],"jetpack_featured_media_url":"https:\/\/i0.wp.com\/eltrabajo.cl\/portal\/wp-content\/uploads\/2017\/06\/Clima2.jpg?fit=580%2C348&ssl=1","jetpack_sharing_enabled":true,"jetpack_likes_enabled":true,"jetpack-related-posts":[],"_links":{"self":[{"href":"https:\/\/eltrabajo.cl\/portal\/wp-json\/wp\/v2\/posts\/79725","targetHints":{"allow":["GET"]}}],"collection":[{"href":"https:\/\/eltrabajo.cl\/portal\/wp-json\/wp\/v2\/posts"}],"about":[{"href":"https:\/\/eltrabajo.cl\/portal\/wp-json\/wp\/v2\/types\/post"}],"author":[{"embeddable":true,"href":"https:\/\/eltrabajo.cl\/portal\/wp-json\/wp\/v2\/users\/1"}],"replies":[{"embeddable":true,"href":"https:\/\/eltrabajo.cl\/portal\/wp-json\/wp\/v2\/comments?post=79725"}],"version-history":[{"count":0,"href":"https:\/\/eltrabajo.cl\/portal\/wp-json\/wp\/v2\/posts\/79725\/revisions"}],"wp:featuredmedia":[{"embeddable":true,"href":"https:\/\/eltrabajo.cl\/portal\/wp-json\/wp\/v2\/media\/79727"}],"wp:attachment":[{"href":"https:\/\/eltrabajo.cl\/portal\/wp-json\/wp\/v2\/media?parent=79725"}],"wp:term":[{"taxonomy":"category","embeddable":true,"href":"https:\/\/eltrabajo.cl\/portal\/wp-json\/wp\/v2\/categories?post=79725"},{"taxonomy":"post_tag","embeddable":true,"href":"https:\/\/eltrabajo.cl\/portal\/wp-json\/wp\/v2\/tags?post=79725"}],"curies":[{"name":"wp","href":"https:\/\/api.w.org\/{rel}","templated":true}]}}