{"id":79739,"date":"2017-06-21T06:00:04","date_gmt":"2017-06-21T10:00:04","guid":{"rendered":"http:\/\/www.eltrabajo.cl\/2017\/?p=79739"},"modified":"2017-06-21T06:00:04","modified_gmt":"2017-06-21T10:00:04","slug":"arfa-quinta-region-lanza-oficialmente-torneos-de-selecciones-u15","status":"publish","type":"post","link":"https:\/\/eltrabajo.cl\/portal\/arfa-quinta-region-lanza-oficialmente-torneos-de-selecciones-u15\/","title":{"rendered":"Arfa Quinta Regi\u00f3n lanza oficialmente torneos de selecciones U15"},"content":{"rendered":"<figure id=\"attachment_79740\" aria-describedby=\"caption-attachment-79740\" style=\"width: 580px\" class=\"wp-caption alignnone\"><img data-recalc-dims=\"1\" loading=\"lazy\" decoding=\"async\" class=\"size-full wp-image-79740\" src=\"https:\/\/i0.wp.com\/www.eltrabajo.cl\/2017\/wp-content\/uploads\/2017\/06\/reunion-arfa-1.jpg?resize=580%2C350\" alt=\"En la sede de la Universidad de Aconcagua San Felipe se efectu\u00f3 el consejo de Arfa Quinta Regi\u00f3n, oportunidad en la cual se lanzaron los torneos de selecciones U13 y U15.\" width=\"580\" height=\"350\" srcset=\"https:\/\/i0.wp.com\/eltrabajo.cl\/portal\/wp-content\/uploads\/2017\/06\/reunion-arfa-1.jpg?w=580&amp;ssl=1 580w, https:\/\/i0.wp.com\/eltrabajo.cl\/portal\/wp-content\/uploads\/2017\/06\/reunion-arfa-1.jpg?resize=200%2C121&amp;ssl=1 200w, https:\/\/i0.wp.com\/eltrabajo.cl\/portal\/wp-content\/uploads\/2017\/06\/reunion-arfa-1.jpg?resize=300%2C181&amp;ssl=1 300w, https:\/\/i0.wp.com\/eltrabajo.cl\/portal\/wp-content\/uploads\/2017\/06\/reunion-arfa-1.jpg?resize=249%2C150&amp;ssl=1 249w, https:\/\/i0.wp.com\/eltrabajo.cl\/portal\/wp-content\/uploads\/2017\/06\/reunion-arfa-1.jpg?resize=400%2C241&amp;ssl=1 400w\" sizes=\"auto, (max-width: 580px) 100vw, 580px\" \/><figcaption id=\"caption-attachment-79740\" class=\"wp-caption-text\">En la sede de la Universidad de Aconcagua San Felipe se efectu\u00f3 el consejo de Arfa Quinta Regi\u00f3n, oportunidad en la cual se lanzaron los torneos de selecciones U13 y U15.<\/figcaption><\/figure>\n<p>En la Sede San Felipe de la Universidad de Aconcagua y con la presencia de los representantes de las 50 asociaciones de la Regi\u00f3n de Valpara\u00edso, la Asociaci\u00f3n Regional de F\u00fatbol y la casa de estudios, se dio inicio al Torneo Sub 15 Copa Universidad de Aconcagua, destinado para ni\u00f1os nacidos en los a\u00f1os 2002 y 2003.<br \/>\nEn la oportunidad, el directorio encabezado por el presidente Cristian Ibaceta, destac\u00f3 el intenso trabajo colaborativo entre ambas entidades, el que ha permitido a una importante cantidad de j\u00f3venes acceder a un descuento en los aranceles universitarios. \u201cNosotros tenemos que avanzar en que lo \u00fanico amateur de nuestras competencias sea el esp\u00edritu de nuestros jugadores, porque hemos avanzado en la organizaci\u00f3n de la Arfa, en la profesionalizaci\u00f3n de nuestros torneos, en las ceremonias de apertura y desde hace un a\u00f1o en contar con m\u00e1s personas con estudios en los clubes, con el fin de que mejoren su administraci\u00f3n y gesti\u00f3n\u201d, sostuvo el dirigente regional.<br \/>\nEn tanto el director de la Sede San Felipe de la UAC, Javier Cerda, resalt\u00f3 en su intervenci\u00f3n que el trabajo con las organizaciones comunitarias es uno de los pilares del modelo de gesti\u00f3n de la casa de estudios. \u201cSomos una universidad con car\u00e1cter regionalista, que busca participar de las actividades del entorno con el que se relaciona y evidentemente la Arfa Quinta Regi\u00f3n, que tiene 50 asociaciones, 650 clubes, 200.000 jugadores federados y una enorme cantidad de dirigentes, es una de las organizaciones comunitarias m\u00e1s grandes y estamos muy felices de trabajar en conjunto con ellos y abrir nuestras puertas a que desarrollen sus actividades con nosotros\u201d, dijo el Directivo.<br \/>\nDurante el Consejo Regional, los dirigentes revisaron cada uno de los puntos de las bases, en los que se insisti\u00f3 en que los hechos de mala conducta ser\u00e1n duramente sancionados, ya que una de las caracter\u00edsticas de la gesti\u00f3n del Directorio ha sido erradicar las conductas violentas tanto en los torneos de clubes como en las competencias de selecciones.<br \/>\nAs\u00ed tambi\u00e9n se recalc\u00f3 que a la segunda ronda clasificar\u00e1n los dos primeros equipos de cada grupo y el orden de las parejas y local\u00eda en esta fase estar\u00e1 dado por la suma de puntajes entre ambas series (Sub 15 y Sub 13), con el fin de facilitar los desplazamientos de las delegaciones.<br \/>\nPara la zona de Aconcagua, los grupos quedaron definidos as\u00ed. En el Grupo 1 estar\u00e1n Rinconada, Calle Larga, San Esteban y San Felipe; en el Grupo 2 jugar\u00e1n Hijuelas, Panquehue, Catemu y Santa Mar\u00eda; y en la Zona 3 se medir\u00e1n Llay Llay Rural, Llay Llay Centro, Putaendo y Los Andes.<\/p>\n<figure id=\"attachment_79741\" aria-describedby=\"caption-attachment-79741\" style=\"width: 580px\" class=\"wp-caption alignnone\"><img data-recalc-dims=\"1\" loading=\"lazy\" decoding=\"async\" class=\"size-full wp-image-79741\" src=\"https:\/\/i0.wp.com\/www.eltrabajo.cl\/2017\/wp-content\/uploads\/2017\/06\/reunion-arfa.jpg?resize=580%2C349\" alt=\"En la sede de la Universidad de Aconcagua San Felipe se efectu\u00f3 el consejo de Arfa Quinta Regi\u00f3n, oportunidad en la cual se lanzaron los torneos de selecciones U13 y U15.\" width=\"580\" height=\"349\" srcset=\"https:\/\/i0.wp.com\/eltrabajo.cl\/portal\/wp-content\/uploads\/2017\/06\/reunion-arfa.jpg?w=580&amp;ssl=1 580w, https:\/\/i0.wp.com\/eltrabajo.cl\/portal\/wp-content\/uploads\/2017\/06\/reunion-arfa.jpg?resize=200%2C120&amp;ssl=1 200w, https:\/\/i0.wp.com\/eltrabajo.cl\/portal\/wp-content\/uploads\/2017\/06\/reunion-arfa.jpg?resize=300%2C181&amp;ssl=1 300w, https:\/\/i0.wp.com\/eltrabajo.cl\/portal\/wp-content\/uploads\/2017\/06\/reunion-arfa.jpg?resize=249%2C150&amp;ssl=1 249w, https:\/\/i0.wp.com\/eltrabajo.cl\/portal\/wp-content\/uploads\/2017\/06\/reunion-arfa.jpg?resize=400%2C241&amp;ssl=1 400w\" sizes=\"auto, (max-width: 580px) 100vw, 580px\" \/><figcaption id=\"caption-attachment-79741\" class=\"wp-caption-text\">En la sede de la Universidad de Aconcagua San Felipe se efectu\u00f3 el consejo de Arfa Quinta Regi\u00f3n, oportunidad en la cual se lanzaron los torneos de selecciones U13 y U15<\/figcaption><\/figure>\n","protected":false},"excerpt":{"rendered":"<p>En la Sede San Felipe de la Universidad de Aconcagua y con la presencia de los representantes de las 50 asociaciones de la Regi\u00f3n de Valpara\u00edso, la Asociaci\u00f3n Regional de F\u00fatbol y&#8230;<\/p>\n","protected":false},"author":1,"featured_media":79741,"comment_status":"open","ping_status":"open","sticky":false,"template":"","format":"standard","meta":{"advanced_seo_description":"","jetpack_seo_html_title":"","jetpack_seo_noindex":false,"_jetpack_memberships_contains_paid_content":false,"footnotes":""},"categories":[19],"tags":[],"class_list":["post-79739","post","type-post","status-publish","format-standard","has-post-thumbnail","hentry","category-deportes"],"jetpack_featured_media_url":"https:\/\/i0.wp.com\/eltrabajo.cl\/portal\/wp-content\/uploads\/2017\/06\/reunion-arfa.jpg?fit=580%2C349&ssl=1","jetpack_sharing_enabled":true,"jetpack_likes_enabled":true,"jetpack-related-posts":[],"_links":{"self":[{"href":"https:\/\/eltrabajo.cl\/portal\/wp-json\/wp\/v2\/posts\/79739","targetHints":{"allow":["GET"]}}],"collection":[{"href":"https:\/\/eltrabajo.cl\/portal\/wp-json\/wp\/v2\/posts"}],"about":[{"href":"https:\/\/eltrabajo.cl\/portal\/wp-json\/wp\/v2\/types\/post"}],"author":[{"embeddable":true,"href":"https:\/\/eltrabajo.cl\/portal\/wp-json\/wp\/v2\/users\/1"}],"replies":[{"embeddable":true,"href":"https:\/\/eltrabajo.cl\/portal\/wp-json\/wp\/v2\/comments?post=79739"}],"version-history":[{"count":0,"href":"https:\/\/eltrabajo.cl\/portal\/wp-json\/wp\/v2\/posts\/79739\/revisions"}],"wp:featuredmedia":[{"embeddable":true,"href":"https:\/\/eltrabajo.cl\/portal\/wp-json\/wp\/v2\/media\/79741"}],"wp:attachment":[{"href":"https:\/\/eltrabajo.cl\/portal\/wp-json\/wp\/v2\/media?parent=79739"}],"wp:term":[{"taxonomy":"category","embeddable":true,"href":"https:\/\/eltrabajo.cl\/portal\/wp-json\/wp\/v2\/categories?post=79739"},{"taxonomy":"post_tag","embeddable":true,"href":"https:\/\/eltrabajo.cl\/portal\/wp-json\/wp\/v2\/tags?post=79739"}],"curies":[{"name":"wp","href":"https:\/\/api.w.org\/{rel}","templated":true}]}}