{"id":79743,"date":"2017-06-21T06:01:11","date_gmt":"2017-06-21T10:01:11","guid":{"rendered":"http:\/\/www.eltrabajo.cl\/2017\/?p=79743"},"modified":"2017-06-21T06:01:11","modified_gmt":"2017-06-21T10:01:11","slug":"el-jueves-29-banda-la-cayetano-celebra-en-el-teatro-municipal-sus-7-anos","status":"publish","type":"post","link":"https:\/\/eltrabajo.cl\/portal\/el-jueves-29-banda-la-cayetano-celebra-en-el-teatro-municipal-sus-7-anos\/","title":{"rendered":"El jueves 29 banda La Cayetano celebra en el Teatro Municipal sus 7 a\u00f1os"},"content":{"rendered":"<figure id=\"attachment_79744\" aria-describedby=\"caption-attachment-79744\" style=\"width: 580px\" class=\"wp-caption alignnone\"><img data-recalc-dims=\"1\" loading=\"lazy\" decoding=\"async\" class=\"size-full wp-image-79744\" src=\"https:\/\/i0.wp.com\/www.eltrabajo.cl\/2017\/wp-content\/uploads\/2017\/06\/CAYETANO-2.jpg?resize=580%2C348\" alt=\"SIEMPRE ELVIS.- \u00c9l es Elvis Galdames, haciendo de las suyas en un concierto en vivo. Y hay m\u00e1s para el jueves 29.\" width=\"580\" height=\"348\" srcset=\"https:\/\/i0.wp.com\/eltrabajo.cl\/portal\/wp-content\/uploads\/2017\/06\/CAYETANO-2.jpg?w=580&amp;ssl=1 580w, https:\/\/i0.wp.com\/eltrabajo.cl\/portal\/wp-content\/uploads\/2017\/06\/CAYETANO-2.jpg?resize=200%2C120&amp;ssl=1 200w, https:\/\/i0.wp.com\/eltrabajo.cl\/portal\/wp-content\/uploads\/2017\/06\/CAYETANO-2.jpg?resize=300%2C180&amp;ssl=1 300w, https:\/\/i0.wp.com\/eltrabajo.cl\/portal\/wp-content\/uploads\/2017\/06\/CAYETANO-2.jpg?resize=250%2C150&amp;ssl=1 250w, https:\/\/i0.wp.com\/eltrabajo.cl\/portal\/wp-content\/uploads\/2017\/06\/CAYETANO-2.jpg?resize=400%2C240&amp;ssl=1 400w\" sizes=\"auto, (max-width: 580px) 100vw, 580px\" \/><figcaption id=\"caption-attachment-79744\" class=\"wp-caption-text\">SIEMPRE ELVIS.- \u00c9l es Elvis Galdames, haciendo de las suyas en un concierto en vivo. Y hay m\u00e1s para el jueves 29.<\/figcaption><\/figure>\n<ul>\n<li><span style=\"color: #ff0000;\"><strong>Ofrecer\u00e1 un concierto al lado de \u2018Andr\u00e9s y Los Avales\u2019:<\/strong><\/span><\/li>\n<\/ul>\n<p>Este 29 de junio se cumplir\u00e1n siete a\u00f1os desde que se fund\u00f3 la ya popular banda musical sanfelipe\u00f1a La Cayetano, propuesta art\u00edstica conformada por el baterista Luis Alberto Reinoso, el vocalista Ricardo Guti\u00e9rrez y el bajista Elvis Galdames. Diario El Trabajo habl\u00f3 con Gald\u00e1mes ayer martes en nuestra Sala de Redacci\u00f3n, \u00e9l quiso invitar a los lectores de nuestro medio para que juntos celebren en grande este aniversario en el Teatro Municipal de San Felipe, el jueves 29 de junio a las 19:30 horas, escenario que compartir\u00e1 con la agrupaci\u00f3n musical Andr\u00e9s y Los Avales.<br \/>\n\u00abEsta ser\u00e1 una gran oportunidad para reencontrarnos con nuestros fans, quiero tambi\u00e9n recordar que esa noche estaremos lanzando el tema Sexo, recordar tambi\u00e9n que es nuestro cuarto tema grabado de manera profesional, ya que hab\u00edamos ganado algunos concursos, y los premios eran eso, poder grabar nuestros temas. Este a\u00f1o terminaremos nuestro primer disco como banda, as\u00ed invitarlos a apoyar a las bandas locales\u00bb, dijo a Diario El Trabajo el bajista de La Cayetano, Elvis Galdames.<br \/>\nEfectivamente, ya estos m\u00fasicos aconcag\u00fcinos grabaron los temas 7.37, Apocalipsis y Te quiero. Seg\u00fan los datos suministrados por este integrante de la banda, Luis Alberto Reinoso trabaja en el campo de los paneles solares; Ricardo Guti\u00e9rrez en lo de la Construcci\u00f3n y \u00e9l es reponedor en la empresa Coca Cola. La Cayetano es una banda en pleno crecimiento, en 2012 gan\u00f3 el Festival Isla Fest, de Los Andes, lo cual les ha servido para proyectarse en varias ciudades de la Quinta Regi\u00f3n y en Valpara\u00edso centro.<br \/>\n<strong>Roberto Gonz\u00e1lez Short<\/strong><\/p>\n<figure id=\"attachment_79745\" aria-describedby=\"caption-attachment-79745\" style=\"width: 580px\" class=\"wp-caption alignnone\"><img data-recalc-dims=\"1\" loading=\"lazy\" decoding=\"async\" class=\"size-full wp-image-79745\" src=\"https:\/\/i0.wp.com\/www.eltrabajo.cl\/2017\/wp-content\/uploads\/2017\/06\/Cayetano1.jpg?resize=580%2C348\" alt=\"LLUEVEN \u00c9XITOS.- Aqu\u00ed tenemos a los chicos de La Cayetano, recibiendo uno de los premios tras una de sus presentaciones.\" width=\"580\" height=\"348\" srcset=\"https:\/\/i0.wp.com\/eltrabajo.cl\/portal\/wp-content\/uploads\/2017\/06\/Cayetano1.jpg?w=580&amp;ssl=1 580w, https:\/\/i0.wp.com\/eltrabajo.cl\/portal\/wp-content\/uploads\/2017\/06\/Cayetano1.jpg?resize=200%2C120&amp;ssl=1 200w, https:\/\/i0.wp.com\/eltrabajo.cl\/portal\/wp-content\/uploads\/2017\/06\/Cayetano1.jpg?resize=300%2C180&amp;ssl=1 300w, https:\/\/i0.wp.com\/eltrabajo.cl\/portal\/wp-content\/uploads\/2017\/06\/Cayetano1.jpg?resize=250%2C150&amp;ssl=1 250w, https:\/\/i0.wp.com\/eltrabajo.cl\/portal\/wp-content\/uploads\/2017\/06\/Cayetano1.jpg?resize=400%2C240&amp;ssl=1 400w\" sizes=\"auto, (max-width: 580px) 100vw, 580px\" \/><figcaption id=\"caption-attachment-79745\" class=\"wp-caption-text\">LLUEVEN \u00c9XITOS.- Aqu\u00ed tenemos a los chicos de La Cayetano, recibiendo uno de los premios tras una de sus presentaciones.<\/figcaption><\/figure>\n<figure id=\"attachment_79746\" aria-describedby=\"caption-attachment-79746\" style=\"width: 580px\" class=\"wp-caption alignnone\"><img data-recalc-dims=\"1\" loading=\"lazy\" decoding=\"async\" class=\"size-full wp-image-79746\" src=\"https:\/\/i0.wp.com\/www.eltrabajo.cl\/2017\/wp-content\/uploads\/2017\/06\/Cayetano3.jpg?resize=580%2C350\" alt=\"IMPERDIBLES.- Ya estos m\u00fasicos aconcag\u00fcinos grabaron los temas 7.37, Apocalipsis y Te quiero.\" width=\"580\" height=\"350\" srcset=\"https:\/\/i0.wp.com\/eltrabajo.cl\/portal\/wp-content\/uploads\/2017\/06\/Cayetano3.jpg?w=580&amp;ssl=1 580w, https:\/\/i0.wp.com\/eltrabajo.cl\/portal\/wp-content\/uploads\/2017\/06\/Cayetano3.jpg?resize=200%2C121&amp;ssl=1 200w, https:\/\/i0.wp.com\/eltrabajo.cl\/portal\/wp-content\/uploads\/2017\/06\/Cayetano3.jpg?resize=300%2C181&amp;ssl=1 300w, https:\/\/i0.wp.com\/eltrabajo.cl\/portal\/wp-content\/uploads\/2017\/06\/Cayetano3.jpg?resize=249%2C150&amp;ssl=1 249w, https:\/\/i0.wp.com\/eltrabajo.cl\/portal\/wp-content\/uploads\/2017\/06\/Cayetano3.jpg?resize=400%2C241&amp;ssl=1 400w\" sizes=\"auto, (max-width: 580px) 100vw, 580px\" \/><figcaption id=\"caption-attachment-79746\" class=\"wp-caption-text\">IMPERDIBLES.- Ya estos m\u00fasicos aconcag\u00fcinos grabaron los temas 7.37, Apocalipsis y Te quiero.<\/figcaption><\/figure>\n","protected":false},"excerpt":{"rendered":"<p>Ofrecer\u00e1 un concierto al lado de \u2018Andr\u00e9s y Los Avales\u2019: Este 29 de junio se cumplir\u00e1n siete a\u00f1os desde que se fund\u00f3 la ya popular banda musical sanfelipe\u00f1a La Cayetano, propuesta art\u00edstica&#8230;<\/p>\n","protected":false},"author":1,"featured_media":79745,"comment_status":"open","ping_status":"open","sticky":false,"template":"","format":"standard","meta":{"advanced_seo_description":"","jetpack_seo_html_title":"","jetpack_seo_noindex":false,"_jetpack_memberships_contains_paid_content":false,"footnotes":""},"categories":[20],"tags":[],"class_list":["post-79743","post","type-post","status-publish","format-standard","has-post-thumbnail","hentry","category-arte-y-cultura"],"jetpack_featured_media_url":"https:\/\/i0.wp.com\/eltrabajo.cl\/portal\/wp-content\/uploads\/2017\/06\/Cayetano1.jpg?fit=580%2C348&ssl=1","jetpack_sharing_enabled":true,"jetpack_likes_enabled":true,"jetpack-related-posts":[],"_links":{"self":[{"href":"https:\/\/eltrabajo.cl\/portal\/wp-json\/wp\/v2\/posts\/79743","targetHints":{"allow":["GET"]}}],"collection":[{"href":"https:\/\/eltrabajo.cl\/portal\/wp-json\/wp\/v2\/posts"}],"about":[{"href":"https:\/\/eltrabajo.cl\/portal\/wp-json\/wp\/v2\/types\/post"}],"author":[{"embeddable":true,"href":"https:\/\/eltrabajo.cl\/portal\/wp-json\/wp\/v2\/users\/1"}],"replies":[{"embeddable":true,"href":"https:\/\/eltrabajo.cl\/portal\/wp-json\/wp\/v2\/comments?post=79743"}],"version-history":[{"count":0,"href":"https:\/\/eltrabajo.cl\/portal\/wp-json\/wp\/v2\/posts\/79743\/revisions"}],"wp:featuredmedia":[{"embeddable":true,"href":"https:\/\/eltrabajo.cl\/portal\/wp-json\/wp\/v2\/media\/79745"}],"wp:attachment":[{"href":"https:\/\/eltrabajo.cl\/portal\/wp-json\/wp\/v2\/media?parent=79743"}],"wp:term":[{"taxonomy":"category","embeddable":true,"href":"https:\/\/eltrabajo.cl\/portal\/wp-json\/wp\/v2\/categories?post=79743"},{"taxonomy":"post_tag","embeddable":true,"href":"https:\/\/eltrabajo.cl\/portal\/wp-json\/wp\/v2\/tags?post=79743"}],"curies":[{"name":"wp","href":"https:\/\/api.w.org\/{rel}","templated":true}]}}