{"id":79748,"date":"2017-06-21T06:02:17","date_gmt":"2017-06-21T10:02:17","guid":{"rendered":"http:\/\/www.eltrabajo.cl\/2017\/?p=79748"},"modified":"2017-06-21T06:02:17","modified_gmt":"2017-06-21T10:02:17","slug":"con-daniel-vilches-y-cia-celebraran-dia-del-padre-en-san-esteban","status":"publish","type":"post","link":"https:\/\/eltrabajo.cl\/portal\/con-daniel-vilches-y-cia-celebraran-dia-del-padre-en-san-esteban\/","title":{"rendered":"Con \u2018Daniel V\u00edlches y C\u00eda.\u2019 celebrar\u00e1n D\u00eda del Padre en San Esteban"},"content":{"rendered":"<figure id=\"attachment_79749\" aria-describedby=\"caption-attachment-79749\" style=\"width: 580px\" class=\"wp-caption alignnone\"><img data-recalc-dims=\"1\" loading=\"lazy\" decoding=\"async\" class=\"size-full wp-image-79749\" src=\"https:\/\/i0.wp.com\/www.eltrabajo.cl\/2017\/wp-content\/uploads\/2017\/06\/daniel-vilches-dia-papa-san-esteban.jpg?resize=580%2C349\" alt=\"A partir de las 19 horas de ma\u00f1ana jueves, en la Sala M\u00faltile de San Esteban, los pap\u00e1s tendr\u00e1n la oportunidad de re\u00edr y disfrutar con el \u2018acad\u00e9mico de la lengua\u2019 Daniel Vilches y la vedette argentina Beatriz Alegret.\" width=\"580\" height=\"349\" srcset=\"https:\/\/i0.wp.com\/eltrabajo.cl\/portal\/wp-content\/uploads\/2017\/06\/daniel-vilches-dia-papa-san-esteban.jpg?w=580&amp;ssl=1 580w, https:\/\/i0.wp.com\/eltrabajo.cl\/portal\/wp-content\/uploads\/2017\/06\/daniel-vilches-dia-papa-san-esteban.jpg?resize=200%2C120&amp;ssl=1 200w, https:\/\/i0.wp.com\/eltrabajo.cl\/portal\/wp-content\/uploads\/2017\/06\/daniel-vilches-dia-papa-san-esteban.jpg?resize=300%2C181&amp;ssl=1 300w, https:\/\/i0.wp.com\/eltrabajo.cl\/portal\/wp-content\/uploads\/2017\/06\/daniel-vilches-dia-papa-san-esteban.jpg?resize=249%2C150&amp;ssl=1 249w, https:\/\/i0.wp.com\/eltrabajo.cl\/portal\/wp-content\/uploads\/2017\/06\/daniel-vilches-dia-papa-san-esteban.jpg?resize=400%2C241&amp;ssl=1 400w\" sizes=\"auto, (max-width: 580px) 100vw, 580px\" \/><figcaption id=\"caption-attachment-79749\" class=\"wp-caption-text\">A partir de las 19 horas de ma\u00f1ana jueves, en la Sala M\u00faltile de San Esteban, los pap\u00e1s tendr\u00e1n la oportunidad de re\u00edr y disfrutar con el \u2018acad\u00e9mico de la lengua\u2019 Daniel Vilches y la vedette argentina Beatriz Alegret.<\/figcaption><\/figure>\n<ul>\n<li><span style=\"color: #ff0000;\"><strong>Este jueves 22 de junio, a partir de las 19 horas, todo el humor y simpat\u00eda de Daniel Vilches podr\u00e1 ser presenciado por padres y familias en la celebraci\u00f3n oficial del D\u00eda del Padre que la Municipalidad de San Esteban organiza tradicionalmente.<\/strong><\/span><\/li>\n<\/ul>\n<p><strong>SAN ESTEBAN.-<\/strong> El pasado domingo, la familia y el f\u00fatbol reuni\u00f3 a muchos padres para celebrar su d\u00eda en todo el pa\u00eds. Esta vez, y como ha sido tradicional, el Municipio de San Esteban espera celebrar a sus vecinos con un show art\u00edstico humor\u00edstico y musical en la Sala M\u00faltiple de San Esteban, ma\u00f1ana jueves 22 de junio.<br \/>\nEn esta oportunidad, disfrutar\u00e1n con el comediante nacional Daniel Vilches y Compa\u00f1\u00eda, elenco compuesto adem\u00e1s por la vedette argentina Beatriz Alegret.<br \/>\n\u201cInvitamos a nuestros vecinos, en especial a los pap\u00e1s de San Esteban y Aconcagua, a pasar un buen momento, con un show con este gran humorista como es Daniel Vilches. Habr\u00e1 varias sorpresas para quienes asistan a nuestro gimnasio ubicado frente a la Plaza de Armas de San Esteban\u201d, asever\u00f3 el alcalde Ren\u00e9 Mardones.<br \/>\nSan Esteban ya tiene lista y preparada la Sala M\u00faltiple donde actuar\u00e1n los artistas que acompa\u00f1an al \u2018acad\u00e9mico de la lengua\u2019. A partir de las 19:00, los pap\u00e1s podr\u00e1n presenciar un espect\u00e1culo de calidad y gratuito, a cargo de un artista de larga trayectoria como es Daniel V\u00edlches.<\/p>\n","protected":false},"excerpt":{"rendered":"<p>Este jueves 22 de junio, a partir de las 19 horas, todo el humor y simpat\u00eda de Daniel Vilches podr\u00e1 ser presenciado por padres y familias en la celebraci\u00f3n oficial del D\u00eda&#8230;<\/p>\n","protected":false},"author":1,"featured_media":79749,"comment_status":"open","ping_status":"open","sticky":false,"template":"","format":"standard","meta":{"advanced_seo_description":"","jetpack_seo_html_title":"","jetpack_seo_noindex":false,"_jetpack_memberships_contains_paid_content":false,"footnotes":""},"categories":[1],"tags":[],"class_list":["post-79748","post","type-post","status-publish","format-standard","has-post-thumbnail","hentry","category-cronica"],"jetpack_featured_media_url":"https:\/\/i0.wp.com\/eltrabajo.cl\/portal\/wp-content\/uploads\/2017\/06\/daniel-vilches-dia-papa-san-esteban.jpg?fit=580%2C349&ssl=1","jetpack_sharing_enabled":true,"jetpack_likes_enabled":true,"jetpack-related-posts":[],"_links":{"self":[{"href":"https:\/\/eltrabajo.cl\/portal\/wp-json\/wp\/v2\/posts\/79748","targetHints":{"allow":["GET"]}}],"collection":[{"href":"https:\/\/eltrabajo.cl\/portal\/wp-json\/wp\/v2\/posts"}],"about":[{"href":"https:\/\/eltrabajo.cl\/portal\/wp-json\/wp\/v2\/types\/post"}],"author":[{"embeddable":true,"href":"https:\/\/eltrabajo.cl\/portal\/wp-json\/wp\/v2\/users\/1"}],"replies":[{"embeddable":true,"href":"https:\/\/eltrabajo.cl\/portal\/wp-json\/wp\/v2\/comments?post=79748"}],"version-history":[{"count":0,"href":"https:\/\/eltrabajo.cl\/portal\/wp-json\/wp\/v2\/posts\/79748\/revisions"}],"wp:featuredmedia":[{"embeddable":true,"href":"https:\/\/eltrabajo.cl\/portal\/wp-json\/wp\/v2\/media\/79749"}],"wp:attachment":[{"href":"https:\/\/eltrabajo.cl\/portal\/wp-json\/wp\/v2\/media?parent=79748"}],"wp:term":[{"taxonomy":"category","embeddable":true,"href":"https:\/\/eltrabajo.cl\/portal\/wp-json\/wp\/v2\/categories?post=79748"},{"taxonomy":"post_tag","embeddable":true,"href":"https:\/\/eltrabajo.cl\/portal\/wp-json\/wp\/v2\/tags?post=79748"}],"curies":[{"name":"wp","href":"https:\/\/api.w.org\/{rel}","templated":true}]}}