{"id":79751,"date":"2017-06-21T06:03:03","date_gmt":"2017-06-21T10:03:03","guid":{"rendered":"http:\/\/www.eltrabajo.cl\/2017\/?p=79751"},"modified":"2017-06-21T06:03:03","modified_gmt":"2017-06-21T10:03:03","slug":"la-ultima-del-uni-dt-confirma-que-los-partidos-de-local-seran-en-quillota","status":"publish","type":"post","link":"https:\/\/eltrabajo.cl\/portal\/la-ultima-del-uni-dt-confirma-que-los-partidos-de-local-seran-en-quillota\/","title":{"rendered":"La \u00faltima del Un\u00ed: DT confirma que los partidos de local ser\u00e1n en Quillota"},"content":{"rendered":"<figure id=\"attachment_79752\" aria-describedby=\"caption-attachment-79752\" style=\"width: 580px\" class=\"wp-caption alignnone\"><img data-recalc-dims=\"1\" loading=\"lazy\" decoding=\"async\" class=\"size-full wp-image-79752\" src=\"https:\/\/i0.wp.com\/www.eltrabajo.cl\/2017\/wp-content\/uploads\/2017\/06\/boris-perez.jpg?resize=580%2C881\" alt=\"Boris P\u00e9rez, quien fue elegido el mejor arquero de la Segunda Divisi\u00f3n, se convirti\u00f3 en el nuevo arquero de Uni\u00f3n San Felipe.\" width=\"580\" height=\"881\" srcset=\"https:\/\/i0.wp.com\/eltrabajo.cl\/portal\/wp-content\/uploads\/2017\/06\/boris-perez.jpg?w=580&amp;ssl=1 580w, https:\/\/i0.wp.com\/eltrabajo.cl\/portal\/wp-content\/uploads\/2017\/06\/boris-perez.jpg?resize=99%2C150&amp;ssl=1 99w, https:\/\/i0.wp.com\/eltrabajo.cl\/portal\/wp-content\/uploads\/2017\/06\/boris-perez.jpg?resize=198%2C300&amp;ssl=1 198w, https:\/\/i0.wp.com\/eltrabajo.cl\/portal\/wp-content\/uploads\/2017\/06\/boris-perez.jpg?resize=400%2C608&amp;ssl=1 400w\" sizes=\"auto, (max-width: 580px) 100vw, 580px\" \/><figcaption id=\"caption-attachment-79752\" class=\"wp-caption-text\">Boris P\u00e9rez, quien fue elegido el mejor arquero de la Segunda Divisi\u00f3n, se convirti\u00f3 en el nuevo arquero de Uni\u00f3n San Felipe.<\/figcaption><\/figure>\n<p>El entrenador de Uni\u00f3n San Felipe, Hern\u00e1n Madrid, confirm\u00f3 que la escuadra albirroja utilizar\u00e1 el estadio Lucio Fari\u00f1a de Quillota cuando le toque actuar como local, a ra\u00edz que seg\u00fan el estratego, el recinto quillotano cumple con todos los requisitos para que su escuadra pueda desenvolverse de buena manera. \u201cSer\u00e1 (Quillota) nuestro escenario como local ya que se acomoda perfectamente a nuestros jugadores, por eso determinamos que ese estadio es el ideal para nuestro equipo, porque al ser una cancha grande y en buenas condiciones permite tener muchos espacios\u201d, inform\u00f3 el estratego.<br \/>\nSobre el hecho que deber\u00e1 jugarse en piso artificial, Madrid explic\u00f3: \u201cSi bien es cierto no es el mejor sint\u00e9tico, los jugadores pueden jugar bastante bien y de manera r\u00e1pida, por eso no tengo dudas que podremos sacar ventajas en ese estadio\u201d.<\/p>\n<p><span style=\"color: #ff0000;\"><strong>SE VA JERALDINO<\/strong><\/span><br \/>\nBastante movidas en materia de contrataciones han sido las \u00faltimas horas en el Un\u00ed Un\u00ed, porque a la partida de Jonathan Salvador, se sum\u00f3 el delantero Ignacio Jeraldino, quien jugar\u00e1 la pr\u00f3xima temporada en Audax Italiano.<br \/>\nEsto oblig\u00f3 a la dirigencia albirroja a trabajar para encontrar los sustitutos del golero y delantero; as\u00ed Boris P\u00e9rez (Melipilla) se convertir\u00e1 en el nuevo portero, mientras que H\u00e9ctor Vega llegar\u00e1 a cubrir la plaza que dej\u00f3 vacante el \u2018Nacho\u2019.<\/p>\n<figure id=\"attachment_79753\" aria-describedby=\"caption-attachment-79753\" style=\"width: 580px\" class=\"wp-caption alignnone\"><img data-recalc-dims=\"1\" loading=\"lazy\" decoding=\"async\" class=\"size-full wp-image-79753\" src=\"https:\/\/i0.wp.com\/www.eltrabajo.cl\/2017\/wp-content\/uploads\/2017\/06\/madrid.jpg?resize=580%2C349\" alt=\"El t\u00e9cnico de Uni\u00f3n San Felipe confirm\u00f3 que el Un\u00ed jugar\u00e1 como local en Quillota.\" width=\"580\" height=\"349\" srcset=\"https:\/\/i0.wp.com\/eltrabajo.cl\/portal\/wp-content\/uploads\/2017\/06\/madrid.jpg?w=580&amp;ssl=1 580w, https:\/\/i0.wp.com\/eltrabajo.cl\/portal\/wp-content\/uploads\/2017\/06\/madrid.jpg?resize=200%2C120&amp;ssl=1 200w, https:\/\/i0.wp.com\/eltrabajo.cl\/portal\/wp-content\/uploads\/2017\/06\/madrid.jpg?resize=300%2C181&amp;ssl=1 300w, https:\/\/i0.wp.com\/eltrabajo.cl\/portal\/wp-content\/uploads\/2017\/06\/madrid.jpg?resize=249%2C150&amp;ssl=1 249w, https:\/\/i0.wp.com\/eltrabajo.cl\/portal\/wp-content\/uploads\/2017\/06\/madrid.jpg?resize=400%2C241&amp;ssl=1 400w\" sizes=\"auto, (max-width: 580px) 100vw, 580px\" \/><figcaption id=\"caption-attachment-79753\" class=\"wp-caption-text\">El t\u00e9cnico de Uni\u00f3n San Felipe confirm\u00f3 que el Un\u00ed jugar\u00e1 como local en Quillota.<\/figcaption><\/figure>\n","protected":false},"excerpt":{"rendered":"<p>El entrenador de Uni\u00f3n San Felipe, Hern\u00e1n Madrid, confirm\u00f3 que la escuadra albirroja utilizar\u00e1 el estadio Lucio Fari\u00f1a de Quillota cuando le toque actuar como local, a ra\u00edz que seg\u00fan el estratego,&#8230;<\/p>\n","protected":false},"author":1,"featured_media":79753,"comment_status":"open","ping_status":"open","sticky":false,"template":"","format":"standard","meta":{"advanced_seo_description":"","jetpack_seo_html_title":"","jetpack_seo_noindex":false,"_jetpack_memberships_contains_paid_content":false,"footnotes":""},"categories":[19],"tags":[],"class_list":["post-79751","post","type-post","status-publish","format-standard","has-post-thumbnail","hentry","category-deportes"],"jetpack_featured_media_url":"https:\/\/i0.wp.com\/eltrabajo.cl\/portal\/wp-content\/uploads\/2017\/06\/madrid.jpg?fit=580%2C349&ssl=1","jetpack_sharing_enabled":true,"jetpack_likes_enabled":true,"jetpack-related-posts":[],"_links":{"self":[{"href":"https:\/\/eltrabajo.cl\/portal\/wp-json\/wp\/v2\/posts\/79751","targetHints":{"allow":["GET"]}}],"collection":[{"href":"https:\/\/eltrabajo.cl\/portal\/wp-json\/wp\/v2\/posts"}],"about":[{"href":"https:\/\/eltrabajo.cl\/portal\/wp-json\/wp\/v2\/types\/post"}],"author":[{"embeddable":true,"href":"https:\/\/eltrabajo.cl\/portal\/wp-json\/wp\/v2\/users\/1"}],"replies":[{"embeddable":true,"href":"https:\/\/eltrabajo.cl\/portal\/wp-json\/wp\/v2\/comments?post=79751"}],"version-history":[{"count":0,"href":"https:\/\/eltrabajo.cl\/portal\/wp-json\/wp\/v2\/posts\/79751\/revisions"}],"wp:featuredmedia":[{"embeddable":true,"href":"https:\/\/eltrabajo.cl\/portal\/wp-json\/wp\/v2\/media\/79753"}],"wp:attachment":[{"href":"https:\/\/eltrabajo.cl\/portal\/wp-json\/wp\/v2\/media?parent=79751"}],"wp:term":[{"taxonomy":"category","embeddable":true,"href":"https:\/\/eltrabajo.cl\/portal\/wp-json\/wp\/v2\/categories?post=79751"},{"taxonomy":"post_tag","embeddable":true,"href":"https:\/\/eltrabajo.cl\/portal\/wp-json\/wp\/v2\/tags?post=79751"}],"curies":[{"name":"wp","href":"https:\/\/api.w.org\/{rel}","templated":true}]}}