{"id":79768,"date":"2017-06-22T06:00:15","date_gmt":"2017-06-22T10:00:15","guid":{"rendered":"http:\/\/www.eltrabajo.cl\/2017\/?p=79768"},"modified":"2017-06-22T06:00:15","modified_gmt":"2017-06-22T10:00:15","slug":"con-brigadas-caninas-efectuaron-charlas-del-sag-en-colegios-de-la-provincia","status":"publish","type":"post","link":"https:\/\/eltrabajo.cl\/portal\/con-brigadas-caninas-efectuaron-charlas-del-sag-en-colegios-de-la-provincia\/","title":{"rendered":"Con brigadas caninas efectuaron charlas del SAG en colegios de la provincia"},"content":{"rendered":"<figure id=\"attachment_79769\" aria-describedby=\"caption-attachment-79769\" style=\"width: 580px\" class=\"wp-caption alignnone\"><img data-recalc-dims=\"1\" loading=\"lazy\" decoding=\"async\" class=\"size-full wp-image-79769\" src=\"https:\/\/i0.wp.com\/www.eltrabajo.cl\/2017\/wp-content\/uploads\/2017\/06\/sag-brigadas-caninas.jpg?resize=580%2C350\" alt=\"Equipos de las Brigadas Caninas de la Regi\u00f3n de Valpara\u00edso se ganaron el coraz\u00f3n y los aplausos de los peque\u00f1os que pudieron compartir con los canes cuyo olfato especialmente trabajado les permite detectar la presencia de frutas.\" width=\"580\" height=\"350\" srcset=\"https:\/\/i0.wp.com\/eltrabajo.cl\/portal\/wp-content\/uploads\/2017\/06\/sag-brigadas-caninas.jpg?w=580&amp;ssl=1 580w, https:\/\/i0.wp.com\/eltrabajo.cl\/portal\/wp-content\/uploads\/2017\/06\/sag-brigadas-caninas.jpg?resize=200%2C121&amp;ssl=1 200w, https:\/\/i0.wp.com\/eltrabajo.cl\/portal\/wp-content\/uploads\/2017\/06\/sag-brigadas-caninas.jpg?resize=300%2C181&amp;ssl=1 300w, https:\/\/i0.wp.com\/eltrabajo.cl\/portal\/wp-content\/uploads\/2017\/06\/sag-brigadas-caninas.jpg?resize=249%2C150&amp;ssl=1 249w, https:\/\/i0.wp.com\/eltrabajo.cl\/portal\/wp-content\/uploads\/2017\/06\/sag-brigadas-caninas.jpg?resize=400%2C241&amp;ssl=1 400w\" sizes=\"auto, (max-width: 580px) 100vw, 580px\" \/><figcaption id=\"caption-attachment-79769\" class=\"wp-caption-text\">Equipos de las Brigadas Caninas de la Regi\u00f3n de Valpara\u00edso se ganaron el coraz\u00f3n y los aplausos de los peque\u00f1os que pudieron compartir con los canes cuyo olfato especialmente trabajado les permite detectar la presencia de frutas.<\/figcaption><\/figure>\n<ul>\n<li><span style=\"color: #ff0000;\"><strong>Funcionarios del Servicio Agr\u00edcola y Ganadero participaron en actividades de difusi\u00f3n en Llay Llay, Santa Mar\u00eda y San Felipe.<\/strong><\/span><\/li>\n<\/ul>\n<p>En el marco del mes del Medio Ambiente, la Oficina SAG San Felipe organiz\u00f3 did\u00e1cticas charlas de difusi\u00f3n para alumnos de tres establecimientos de la provincia: la Escuela H\u00e9roes de Iquique, de Llay Llay; Escuela Luis Tejedor, de Santa Mar\u00eda, y el Colegio Buen Pastor de San Felipe.<br \/>\nEn la oportunidad, personal de la oficina provincial San Felipe dio a conocer a los alumnos una muestra de fauna silvestre nativa, cuyo origen son las intercepciones producidas en los controles fronterizos. Al respecto, el Jefe de la Oficina SAG San Felipe, Alfredo Cruz Vald\u00e9s, dio a conocer que \u00abun rol importante de nuestra instituci\u00f3n es difundir nuestro quehacer y para ello, qu\u00e9 mejor que hacerlo a nivel de escuelas y colegios, dando a conocer las acciones que permitan que las especies puedan perdurar en el tiempo, contribuyendo as\u00ed al equilibrio de los ecosistemas naturales y a la actividad silvoagropecuaria\u00bb.<br \/>\nEs importante mencionar que la muestra cont\u00f3 con el apoyo del Museo de Historia Natural de Valpara\u00edso, que colabor\u00f3 con una muestra de fauna embalsamada de la colecci\u00f3n mediterr\u00e1nea, que incluy\u00f3 especies tales como aves rapaces como tuc\u00faqueres, cern\u00edcalos, halc\u00f3n peregrino, adem\u00e1s de mam\u00edferos como zorros, quiques, todos de gran impacto y curiosidad en los ni\u00f1os.<\/p>\n<p><strong><span style=\"color: #ff0000;\">BRIGADAS CANINAS<\/span><\/strong><br \/>\nEn esta actividad tambi\u00e9n participaron equipos de las Brigadas Caninas de la Regi\u00f3n de Valpara\u00edso, quienes se ganaron el coraz\u00f3n de los alumnos y tambi\u00e9n los aplausos de los peque\u00f1os que pudieron compartir con los canes de las brigadas caninas de El Sauce y Quillota, que trabajan habitualmente en la revisi\u00f3n de equipaje de los distintos puntos de ingreso de pasajeros en la Regi\u00f3n de Valpara\u00edso, demostrando un olfato especialmente trabajado para detectar la presencia de frutas.<br \/>\nFinalmente, el Director Regional del SAG Regi\u00f3n de Valpara\u00edso, Marco Tapia Velgar, dio a conocer que \u00abnuestra instituci\u00f3n est\u00e1 permanentemente participando en distintas actividades de este tipo en diferentes establecimientos educacionales de la regi\u00f3n. Tenemos un compromiso de difundir nuestra misi\u00f3n institucional, dado que sabemos que ser\u00e1n los alumnos (as), quienes nos ayudar\u00e1n en el presente y en el futuro para cumplir este hermoso deber de proteger nuestra vida silvestre y nuestra agricultura en general\u00bb.<\/p>\n","protected":false},"excerpt":{"rendered":"<p>Funcionarios del Servicio Agr\u00edcola y Ganadero participaron en actividades de difusi\u00f3n en Llay Llay, Santa Mar\u00eda y San Felipe. En el marco del mes del Medio Ambiente, la Oficina SAG San Felipe&#8230;<\/p>\n","protected":false},"author":1,"featured_media":79769,"comment_status":"open","ping_status":"open","sticky":false,"template":"","format":"standard","meta":{"advanced_seo_description":"","jetpack_seo_html_title":"","jetpack_seo_noindex":false,"_jetpack_memberships_contains_paid_content":false,"footnotes":""},"categories":[1],"tags":[],"class_list":["post-79768","post","type-post","status-publish","format-standard","has-post-thumbnail","hentry","category-cronica"],"jetpack_featured_media_url":"https:\/\/i0.wp.com\/eltrabajo.cl\/portal\/wp-content\/uploads\/2017\/06\/sag-brigadas-caninas.jpg?fit=580%2C350&ssl=1","jetpack_sharing_enabled":true,"jetpack_likes_enabled":true,"jetpack-related-posts":[],"_links":{"self":[{"href":"https:\/\/eltrabajo.cl\/portal\/wp-json\/wp\/v2\/posts\/79768","targetHints":{"allow":["GET"]}}],"collection":[{"href":"https:\/\/eltrabajo.cl\/portal\/wp-json\/wp\/v2\/posts"}],"about":[{"href":"https:\/\/eltrabajo.cl\/portal\/wp-json\/wp\/v2\/types\/post"}],"author":[{"embeddable":true,"href":"https:\/\/eltrabajo.cl\/portal\/wp-json\/wp\/v2\/users\/1"}],"replies":[{"embeddable":true,"href":"https:\/\/eltrabajo.cl\/portal\/wp-json\/wp\/v2\/comments?post=79768"}],"version-history":[{"count":0,"href":"https:\/\/eltrabajo.cl\/portal\/wp-json\/wp\/v2\/posts\/79768\/revisions"}],"wp:featuredmedia":[{"embeddable":true,"href":"https:\/\/eltrabajo.cl\/portal\/wp-json\/wp\/v2\/media\/79769"}],"wp:attachment":[{"href":"https:\/\/eltrabajo.cl\/portal\/wp-json\/wp\/v2\/media?parent=79768"}],"wp:term":[{"taxonomy":"category","embeddable":true,"href":"https:\/\/eltrabajo.cl\/portal\/wp-json\/wp\/v2\/categories?post=79768"},{"taxonomy":"post_tag","embeddable":true,"href":"https:\/\/eltrabajo.cl\/portal\/wp-json\/wp\/v2\/tags?post=79768"}],"curies":[{"name":"wp","href":"https:\/\/api.w.org\/{rel}","templated":true}]}}