{"id":79771,"date":"2017-06-22T06:01:39","date_gmt":"2017-06-22T10:01:39","guid":{"rendered":"http:\/\/www.eltrabajo.cl\/2017\/?p=79771"},"modified":"2017-06-22T06:01:39","modified_gmt":"2017-06-22T10:01:39","slug":"vecina-de-los-patos-beneficiada-con-programa-ventilacion-mecanica-domiciliaria","status":"publish","type":"post","link":"https:\/\/eltrabajo.cl\/portal\/vecina-de-los-patos-beneficiada-con-programa-ventilacion-mecanica-domiciliaria\/","title":{"rendered":"Vecina de Los Patos beneficiada con programa Ventilaci\u00f3n Mec\u00e1nica Domiciliaria"},"content":{"rendered":"<figure id=\"attachment_79772\" aria-describedby=\"caption-attachment-79772\" style=\"width: 580px\" class=\"wp-caption alignnone\"><img data-recalc-dims=\"1\" loading=\"lazy\" decoding=\"async\" class=\"size-full wp-image-79772\" src=\"https:\/\/i0.wp.com\/www.eltrabajo.cl\/2017\/wp-content\/uploads\/2017\/06\/vilma-olave-con-maria-vergara-gallardo.jpg?resize=580%2C348\" alt=\"Directora del Servicio de Salud Aconcagua, Dra. Vilma Olave, junto a Mar\u00eda Vergara Gallardo (49) y familiares, quien recibi\u00f3 equipo de ventilaci\u00f3n mec\u00e1nica en su domicilio ubicado en Los Patos, Putaendo.\" width=\"580\" height=\"348\" srcset=\"https:\/\/i0.wp.com\/eltrabajo.cl\/portal\/wp-content\/uploads\/2017\/06\/vilma-olave-con-maria-vergara-gallardo.jpg?w=580&amp;ssl=1 580w, https:\/\/i0.wp.com\/eltrabajo.cl\/portal\/wp-content\/uploads\/2017\/06\/vilma-olave-con-maria-vergara-gallardo.jpg?resize=200%2C120&amp;ssl=1 200w, https:\/\/i0.wp.com\/eltrabajo.cl\/portal\/wp-content\/uploads\/2017\/06\/vilma-olave-con-maria-vergara-gallardo.jpg?resize=300%2C180&amp;ssl=1 300w, https:\/\/i0.wp.com\/eltrabajo.cl\/portal\/wp-content\/uploads\/2017\/06\/vilma-olave-con-maria-vergara-gallardo.jpg?resize=250%2C150&amp;ssl=1 250w, https:\/\/i0.wp.com\/eltrabajo.cl\/portal\/wp-content\/uploads\/2017\/06\/vilma-olave-con-maria-vergara-gallardo.jpg?resize=400%2C240&amp;ssl=1 400w\" sizes=\"auto, (max-width: 580px) 100vw, 580px\" \/><figcaption id=\"caption-attachment-79772\" class=\"wp-caption-text\">Directora del Servicio de Salud Aconcagua, Dra. Vilma Olave, junto a Mar\u00eda Vergara Gallardo (49) y familiares, quien recibi\u00f3 equipo de ventilaci\u00f3n mec\u00e1nica en su domicilio ubicado en Los Patos, Putaendo.<\/figcaption><\/figure>\n<ul>\n<li><strong><span style=\"color: #ff0000;\">Podr\u00e1 tratar su Insuficiencia Respiratoria Global sin salir de su casa:\u00a0<\/span>Desde que fue diagnosticada de su enfermedad en el a\u00f1o 2013, su condici\u00f3n se ha visto deteriorada, siendo hospitalizada en m\u00faltiples ocasiones en San Felipe y Putaendo.<\/strong><\/li>\n<\/ul>\n<p>\u201cMe cambi\u00f3 la vida, estoy muy feliz, porque sin esta m\u00e1quina habr\u00eda pasado m\u00e1s en el hospital que en mi casa\u2026 no habr\u00eda aprovechado a mi familia y mis nietos\u201d. El testimonio corresponde a la se\u00f1ora Mar\u00eda Vergara Gallardo, vecina del sector de Los Patos en la comuna de Putaendo, quien padece de una insuficiencia respiratoria severa y que gracias al Programa Nacional de Ventilaci\u00f3n no invasiva Domiciliaria, podr\u00e1 contar en su propia casa con el ventilador que le permite obtener la oxigenaci\u00f3n necesaria para vivir.<br \/>\nEl a\u00f1o 2013, la se\u00f1ora Mar\u00eda fue diagnosticada de una \u2018limitaci\u00f3n cr\u00f3nica del flujo a\u00e9reo\u2019, y a partir de ah\u00ed, no s\u00f3lo su vida, sino que tambi\u00e9n la de toda su familia, comenz\u00f3 a dar un giro. A sus 49 a\u00f1os, las crisis respiratorias no le permit\u00edan desarrollar con normalidad sus actividades diarias y en algunas oportunidades provocaban largos desvelos, cuando sus seres queridos deb\u00edan trasladarla en mitad de la noche al Hospital en busca de ox\u00edgeno.<br \/>\n\u201cHace como 15 d\u00edas que tengo la m\u00e1quina y me he sentido mucho mejor\u2026 tengo que aceptar mi enfermedad, antes yo la rechazaba y me preguntaba por qu\u00e9 a m\u00ed me toc\u00f3 esto, pero hab\u00eda que aceptarlo\u201d, asumi\u00f3 la se\u00f1ora Mar\u00eda.<br \/>\nEsta putaendina es uno de los seis pacientes adultos que en el Valle de Aconcagua ser\u00e1n beneficiados durante el 2017 con este tratamiento (2 pacientes m\u00e1s aprobados para tratamiento de las comunas de San Felipe y Los Andes, y otros 3 para entrega de equipamiento durante la pr\u00f3xima semana en San Felipe, Santa Mar\u00eda y Catemu).<br \/>\nEsta iniciativa del Gobierno de la Presidenta Michelle Bachelet, representa una inversi\u00f3n cercana a los 33 millones de pesos cada a\u00f1o; recursos utilizados en equipamiento, insumos y visitas peri\u00f3dicas de una enfermera y un kinesi\u00f3logo; profesionales que monitorean el sistema de ventilaci\u00f3n mec\u00e1nica y educan al paciente y su familia respecto del funcionamiento del mismo.<br \/>\nAs\u00ed lo dio a conocer la directora del Servicio de Salud Aconcagua, SSA, Dra. Vilma Olave, quien destac\u00f3 la posibilidad que tienen algunos pacientes de acceder de forma gratuita a tratamientos complejos, manifestando que \u201cprogramas como \u00e9stos son los que nos demuestran que cuando la Presidenta Bachelet nos dice que la salud es un derecho, la cara humana de este derecho a la salud es la de la se\u00f1ora Mar\u00eda y de tantos otros pacientes que est\u00e1n recibiendo tratamientos de alto costo\u2026 con una gran tecnolog\u00eda que se pone al servicio de las personas, sin considerar el precio que esto tiene\u201d, valor\u00f3 Olave.<br \/>\nAdem\u00e1s del mejoramiento de la calidad de vida de estos pacientes, quienes se hospitalizan menos y por menos tiempo, la aplicaci\u00f3n de estos tratamientos domiciliarios permite la disminuci\u00f3n de d\u00edas camas, egresando a los pacientes de las unidades de cuidados intensivos y\/o evitando su ingreso a ellas gracias a una mejora de las capacidades resolutivas de la red asistencial.<\/p>\n","protected":false},"excerpt":{"rendered":"<p>Podr\u00e1 tratar su Insuficiencia Respiratoria Global sin salir de su casa:\u00a0Desde que fue diagnosticada de su enfermedad en el a\u00f1o 2013, su condici\u00f3n se ha visto deteriorada, siendo hospitalizada en m\u00faltiples ocasiones&#8230;<\/p>\n","protected":false},"author":1,"featured_media":79772,"comment_status":"open","ping_status":"open","sticky":false,"template":"","format":"standard","meta":{"advanced_seo_description":"","jetpack_seo_html_title":"","jetpack_seo_noindex":false,"_jetpack_memberships_contains_paid_content":false,"footnotes":""},"categories":[1],"tags":[],"class_list":["post-79771","post","type-post","status-publish","format-standard","has-post-thumbnail","hentry","category-cronica"],"jetpack_featured_media_url":"https:\/\/i0.wp.com\/eltrabajo.cl\/portal\/wp-content\/uploads\/2017\/06\/vilma-olave-con-maria-vergara-gallardo.jpg?fit=580%2C348&ssl=1","jetpack_sharing_enabled":true,"jetpack_likes_enabled":true,"jetpack-related-posts":[],"_links":{"self":[{"href":"https:\/\/eltrabajo.cl\/portal\/wp-json\/wp\/v2\/posts\/79771","targetHints":{"allow":["GET"]}}],"collection":[{"href":"https:\/\/eltrabajo.cl\/portal\/wp-json\/wp\/v2\/posts"}],"about":[{"href":"https:\/\/eltrabajo.cl\/portal\/wp-json\/wp\/v2\/types\/post"}],"author":[{"embeddable":true,"href":"https:\/\/eltrabajo.cl\/portal\/wp-json\/wp\/v2\/users\/1"}],"replies":[{"embeddable":true,"href":"https:\/\/eltrabajo.cl\/portal\/wp-json\/wp\/v2\/comments?post=79771"}],"version-history":[{"count":0,"href":"https:\/\/eltrabajo.cl\/portal\/wp-json\/wp\/v2\/posts\/79771\/revisions"}],"wp:featuredmedia":[{"embeddable":true,"href":"https:\/\/eltrabajo.cl\/portal\/wp-json\/wp\/v2\/media\/79772"}],"wp:attachment":[{"href":"https:\/\/eltrabajo.cl\/portal\/wp-json\/wp\/v2\/media?parent=79771"}],"wp:term":[{"taxonomy":"category","embeddable":true,"href":"https:\/\/eltrabajo.cl\/portal\/wp-json\/wp\/v2\/categories?post=79771"},{"taxonomy":"post_tag","embeddable":true,"href":"https:\/\/eltrabajo.cl\/portal\/wp-json\/wp\/v2\/tags?post=79771"}],"curies":[{"name":"wp","href":"https:\/\/api.w.org\/{rel}","templated":true}]}}