{"id":79792,"date":"2017-06-22T06:06:38","date_gmt":"2017-06-22T10:06:38","guid":{"rendered":"http:\/\/www.eltrabajo.cl\/2017\/?p=79792"},"modified":"2017-06-22T06:06:38","modified_gmt":"2017-06-22T10:06:38","slug":"victor-gonzalez-figari-cumple-medio-siglo-frente-al-microfono","status":"publish","type":"post","link":"https:\/\/eltrabajo.cl\/portal\/victor-gonzalez-figari-cumple-medio-siglo-frente-al-microfono\/","title":{"rendered":"V\u00edctor Gonz\u00e1lez Figari cumple medio siglo frente al micr\u00f3fono"},"content":{"rendered":"<figure id=\"attachment_79793\" aria-describedby=\"caption-attachment-79793\" style=\"width: 580px\" class=\"wp-caption alignnone\"><img data-recalc-dims=\"1\" loading=\"lazy\" decoding=\"async\" class=\"size-full wp-image-79793\" src=\"https:\/\/i0.wp.com\/www.eltrabajo.cl\/2017\/wp-content\/uploads\/2017\/06\/FOTO-DEL-RECUERDO.jpg?resize=580%2C348\" alt=\"Una imagen que tiene d\u00e9cadas de historia y en la cual V\u00edctor Gonz\u00e1lez aparece junto a varios referentes hist\u00f3ricos de las comunicaciones radiales del valle de Aconcagua, como Miguel Ricardo Juri, Manuel Valdez y Carlos Paredes, entre otros.\" width=\"580\" height=\"348\" srcset=\"https:\/\/i0.wp.com\/eltrabajo.cl\/portal\/wp-content\/uploads\/2017\/06\/FOTO-DEL-RECUERDO.jpg?w=580&amp;ssl=1 580w, https:\/\/i0.wp.com\/eltrabajo.cl\/portal\/wp-content\/uploads\/2017\/06\/FOTO-DEL-RECUERDO.jpg?resize=200%2C120&amp;ssl=1 200w, https:\/\/i0.wp.com\/eltrabajo.cl\/portal\/wp-content\/uploads\/2017\/06\/FOTO-DEL-RECUERDO.jpg?resize=300%2C180&amp;ssl=1 300w, https:\/\/i0.wp.com\/eltrabajo.cl\/portal\/wp-content\/uploads\/2017\/06\/FOTO-DEL-RECUERDO.jpg?resize=250%2C150&amp;ssl=1 250w, https:\/\/i0.wp.com\/eltrabajo.cl\/portal\/wp-content\/uploads\/2017\/06\/FOTO-DEL-RECUERDO.jpg?resize=400%2C240&amp;ssl=1 400w\" sizes=\"auto, (max-width: 580px) 100vw, 580px\" \/><figcaption id=\"caption-attachment-79793\" class=\"wp-caption-text\">Una imagen que tiene d\u00e9cadas de historia y en la cual V\u00edctor Gonz\u00e1lez aparece junto a varios referentes hist\u00f3ricos de las comunicaciones radiales del valle de Aconcagua, como Miguel Ricardo Juri, Manuel Valdez y Carlos Paredes, entre otros.<\/figcaption><\/figure>\n<p>Hoy se cumplen 50 a\u00f1os exactos desde que nuestro desaparecido Director Miguel Ricardo Juri, por ese entonces un pilar fundamental del programa radial Deportes en Aconcagua, le diera la oportunidad a V\u00edctor Gonz\u00e1lez Figari, quien desde ese momento nunca m\u00e1s se alej\u00f3 del micr\u00f3fono, donde su voz se ha convertido en una de las m\u00e1s caracter\u00edsticas de la radiodifusi\u00f3n en todo el valle de Aconcagua.<br \/>\nV\u00edctor Gonz\u00e1lez, m\u00e1s conocido como \u2018El Flaco\u2019, fue funcionario de Correos de Chile, labor que fue complementando con su gran pasi\u00f3n que es la radio. El Trabajo Deportivo tuvo la oportunidad de conversar con este destacado comunicador, precisamente en Radio Aconcagua, que representa para Gonz\u00e1lez su segundo hogar.<br \/>\n<strong>&#8211; V\u00edctor, pocos pueden decir que llegan a 50 a\u00f1os ininterrumpidos frente al micr\u00f3fono.<\/strong><br \/>\n&#8211; Lo tomo con mucha humildad y cari\u00f1o, porque para m\u00ed la radio Aconcagua lo ha sido todo, casi toda mi vida.<br \/>\n<strong>&#8211; \u00bfC\u00f3mo y cu\u00e1les fueron sus inicios?<\/strong><br \/>\n&#8211; En esos a\u00f1os vine trayendo informaciones de las series infantiles de la Asociaci\u00f3n de F\u00fatbol Amateur de San Felipe, donde yo era presidente de la rama infantil; hab\u00edan pasado tres meses desde que hac\u00eda eso hasta que el 22 de junio del a\u00f1o 1967, le ped\u00ed a Miguel Juri que me saludara por mi cumplea\u00f1os. Me salud\u00f3 y me dijo \u2018aproveche de dar usted mismo la informaci\u00f3n\u2019. As\u00ed comenz\u00f3 todo.<br \/>\n<strong>&#8211; \u00bfFue evolucionando?<\/strong><br \/>\n&#8211; Claro, despu\u00e9s ya no me hac\u00eda cargo solo de la informaci\u00f3n de infantiles, si no que de todo lo relativo al deporte.<br \/>\n<strong>&#8211; \u00bfConsidera que lo que usted hace la gente lo valora?<\/strong><br \/>\n&#8211; S\u00ed, porque me lo dicen y me piden que entregue las programaciones y los resultados. Una cosa tan simple como mencionar a un club causa que sus integrantes sientan felicidad y orgullo.<br \/>\n<strong>&#8211; \u00bfCu\u00e1l ha sido la clave para estar tantos a\u00f1os en radio?<\/strong><br \/>\n&#8211; Quiz\u00e1s el contar con la tranquilidad de haber tenido otro trabajo y sentirme muy bien en este lugar.<br \/>\n<strong>&#8211; \u00bfEl trabajo se ha simplificado ahora?<\/strong><br \/>\n&#8211; Claro, y es que la tecnolog\u00eda ayuda mucho; antes hab\u00eda que trabajar y recorrer mucho para conseguir programaciones y resultados; ahora solo es necesario apretar un bot\u00f3n en el tel\u00e9fono y se consigue, pero yo mantengo el contacto con todos; si todav\u00eda voy a las reuniones de dirigentes y partidos amateurs.<br \/>\n<strong>&#8211; \u00bfGente o colegas que recuerde con cari\u00f1o?<\/strong><br \/>\n&#8211; Miguel Juri, porque fue el que me abri\u00f3 las puertas en la radio, tampoco puedo dejar fuera a don Ra\u00fal Grez y despu\u00e9s su hijo Carlos; ahora Eugenio Cornejo por el habernos dado la posibilidad de continuar en Radio Aconcagua.<br \/>\n<strong>&#8211; \u00bfPor qu\u00e9 cree usted Deportes en Aconcagua siempre est\u00e1 arriba, liderando?<\/strong><br \/>\n&#8211; Porque existe mucha amistad y cari\u00f1o entre todos quienes hacemos el programa y los dem\u00e1s colegas de la radio en general; esa ha sido la clave, y la verdad siempre fue as\u00ed.<br \/>\n<strong>&#8211; \u00bfC\u00f3mo define el momento actual de su programa?<\/strong><br \/>\n&#8211; Cuando se nos fueron muchos integrantes de la radio y el programa, ah\u00ed junto a Manuel Valdez (su amigo radial de toda la vida) dijimos y pensamos qu\u00e9 va a pasar con nosotros, pero lleg\u00f3 gente nueva, con mucho esp\u00edritu de superaci\u00f3n que le ha hecho bastante bien al programa y la radio en general, por algo somos los n\u00famero uno.<\/p>\n<figure id=\"attachment_79794\" aria-describedby=\"caption-attachment-79794\" style=\"width: 580px\" class=\"wp-caption alignnone\"><img data-recalc-dims=\"1\" loading=\"lazy\" decoding=\"async\" class=\"size-full wp-image-79794\" src=\"https:\/\/i0.wp.com\/www.eltrabajo.cl\/2017\/wp-content\/uploads\/2017\/06\/VICTOR-GONZALEZ.jpg?resize=580%2C349\" alt=\"V\u00edctor \u2018El Flaco\u2019 Gonz\u00e1lez es el comunicador con m\u00e1s a\u00f1os en el dial aconcag\u00fcino, hoy cumple 50 a\u00f1os frente al micr\u00f3fono.\" width=\"580\" height=\"349\" srcset=\"https:\/\/i0.wp.com\/eltrabajo.cl\/portal\/wp-content\/uploads\/2017\/06\/VICTOR-GONZALEZ.jpg?w=580&amp;ssl=1 580w, https:\/\/i0.wp.com\/eltrabajo.cl\/portal\/wp-content\/uploads\/2017\/06\/VICTOR-GONZALEZ.jpg?resize=200%2C120&amp;ssl=1 200w, https:\/\/i0.wp.com\/eltrabajo.cl\/portal\/wp-content\/uploads\/2017\/06\/VICTOR-GONZALEZ.jpg?resize=300%2C181&amp;ssl=1 300w, https:\/\/i0.wp.com\/eltrabajo.cl\/portal\/wp-content\/uploads\/2017\/06\/VICTOR-GONZALEZ.jpg?resize=249%2C150&amp;ssl=1 249w, https:\/\/i0.wp.com\/eltrabajo.cl\/portal\/wp-content\/uploads\/2017\/06\/VICTOR-GONZALEZ.jpg?resize=400%2C241&amp;ssl=1 400w\" sizes=\"auto, (max-width: 580px) 100vw, 580px\" \/><figcaption id=\"caption-attachment-79794\" class=\"wp-caption-text\">V\u00edctor \u2018El Flaco\u2019 Gonz\u00e1lez es el comunicador con m\u00e1s a\u00f1os en el dial aconcag\u00fcino, hoy cumple 50 a\u00f1os frente al micr\u00f3fono.<\/figcaption><\/figure>\n","protected":false},"excerpt":{"rendered":"<p>Hoy se cumplen 50 a\u00f1os exactos desde que nuestro desaparecido Director Miguel Ricardo Juri, por ese entonces un pilar fundamental del programa radial Deportes en Aconcagua, le diera la oportunidad a V\u00edctor&#8230;<\/p>\n","protected":false},"author":1,"featured_media":79794,"comment_status":"open","ping_status":"open","sticky":false,"template":"","format":"standard","meta":{"advanced_seo_description":"","jetpack_seo_html_title":"","jetpack_seo_noindex":false,"_jetpack_memberships_contains_paid_content":false,"footnotes":""},"categories":[15],"tags":[],"class_list":["post-79792","post","type-post","status-publish","format-standard","has-post-thumbnail","hentry","category-comunidad"],"jetpack_featured_media_url":"https:\/\/i0.wp.com\/eltrabajo.cl\/portal\/wp-content\/uploads\/2017\/06\/VICTOR-GONZALEZ.jpg?fit=580%2C349&ssl=1","jetpack_sharing_enabled":true,"jetpack_likes_enabled":true,"jetpack-related-posts":[],"_links":{"self":[{"href":"https:\/\/eltrabajo.cl\/portal\/wp-json\/wp\/v2\/posts\/79792","targetHints":{"allow":["GET"]}}],"collection":[{"href":"https:\/\/eltrabajo.cl\/portal\/wp-json\/wp\/v2\/posts"}],"about":[{"href":"https:\/\/eltrabajo.cl\/portal\/wp-json\/wp\/v2\/types\/post"}],"author":[{"embeddable":true,"href":"https:\/\/eltrabajo.cl\/portal\/wp-json\/wp\/v2\/users\/1"}],"replies":[{"embeddable":true,"href":"https:\/\/eltrabajo.cl\/portal\/wp-json\/wp\/v2\/comments?post=79792"}],"version-history":[{"count":0,"href":"https:\/\/eltrabajo.cl\/portal\/wp-json\/wp\/v2\/posts\/79792\/revisions"}],"wp:featuredmedia":[{"embeddable":true,"href":"https:\/\/eltrabajo.cl\/portal\/wp-json\/wp\/v2\/media\/79794"}],"wp:attachment":[{"href":"https:\/\/eltrabajo.cl\/portal\/wp-json\/wp\/v2\/media?parent=79792"}],"wp:term":[{"taxonomy":"category","embeddable":true,"href":"https:\/\/eltrabajo.cl\/portal\/wp-json\/wp\/v2\/categories?post=79792"},{"taxonomy":"post_tag","embeddable":true,"href":"https:\/\/eltrabajo.cl\/portal\/wp-json\/wp\/v2\/tags?post=79792"}],"curies":[{"name":"wp","href":"https:\/\/api.w.org\/{rel}","templated":true}]}}