{"id":79796,"date":"2017-06-22T06:07:53","date_gmt":"2017-06-22T10:07:53","guid":{"rendered":"http:\/\/www.eltrabajo.cl\/2017\/?p=79796"},"modified":"2017-06-22T06:07:53","modified_gmt":"2017-06-22T10:07:53","slug":"escuela-intercultural-de-la-higuera-conmemora-ano-nuevo-mapuche","status":"publish","type":"post","link":"https:\/\/eltrabajo.cl\/portal\/escuela-intercultural-de-la-higuera-conmemora-ano-nuevo-mapuche\/","title":{"rendered":"Escuela Intercultural de La Higuera conmemora A\u00f1o Nuevo Mapuche"},"content":{"rendered":"<figure id=\"attachment_79797\" aria-describedby=\"caption-attachment-79797\" style=\"width: 580px\" class=\"wp-caption alignnone\"><img data-recalc-dims=\"1\" loading=\"lazy\" decoding=\"async\" class=\"size-full wp-image-79797\" src=\"https:\/\/i0.wp.com\/www.eltrabajo.cl\/2017\/wp-content\/uploads\/2017\/06\/Wetripantu_2.jpg?resize=580%2C349\" alt=\"La comunidad educativa de la Escuela Intercultural de La Higuera junto al Gobernador Eduardo Le\u00f3n y a los coordinadores t\u00e9cnicos de los DAEM  de San Felipe y Los Andes. \" width=\"580\" height=\"349\" srcset=\"https:\/\/i0.wp.com\/eltrabajo.cl\/portal\/wp-content\/uploads\/2017\/06\/Wetripantu_2.jpg?w=580&amp;ssl=1 580w, https:\/\/i0.wp.com\/eltrabajo.cl\/portal\/wp-content\/uploads\/2017\/06\/Wetripantu_2.jpg?resize=200%2C120&amp;ssl=1 200w, https:\/\/i0.wp.com\/eltrabajo.cl\/portal\/wp-content\/uploads\/2017\/06\/Wetripantu_2.jpg?resize=300%2C181&amp;ssl=1 300w, https:\/\/i0.wp.com\/eltrabajo.cl\/portal\/wp-content\/uploads\/2017\/06\/Wetripantu_2.jpg?resize=249%2C150&amp;ssl=1 249w, https:\/\/i0.wp.com\/eltrabajo.cl\/portal\/wp-content\/uploads\/2017\/06\/Wetripantu_2.jpg?resize=400%2C241&amp;ssl=1 400w\" sizes=\"auto, (max-width: 580px) 100vw, 580px\" \/><figcaption id=\"caption-attachment-79797\" class=\"wp-caption-text\">La comunidad educativa de la Escuela Intercultural de La Higuera junto al Gobernador Eduardo Le\u00f3n y a los coordinadores t\u00e9cnicos de los DAEM de San Felipe y Los Andes.<\/figcaption><\/figure>\n<ul>\n<li><span style=\"color: #ff0000;\"><strong>Alumnos del primer establecimiento intercultural de Santa Mar\u00eda y de la Provincia se lucieron en un acto conmemorativo del Wetripant\u00fc, o a\u00f1o nuevo Mapuche, frente al Gobernador Eduardo Le\u00f3n y a los coordinadores t\u00e9cnicos de los DAEM de San Felipe y Los Andes.<\/strong><\/span><\/li>\n<\/ul>\n<p>Desde hace tres a\u00f1os que la Escuela de La Higuera, localidad de Santa Mar\u00eda, posee el sello intercultural dado por el Ministerio de Educaci\u00f3n, con el fin de reconocer el potente trabajo que realizan a trav\u00e9s de la cultura Mapuche con sus 62 alumnos de pre-kinder a sexto b\u00e1sico, y este 21 de junio, d\u00eda del Wetripant\u00fc, no se quedaron atr\u00e1s.<br \/>\nPresentando un cuadro pl\u00e1stico frente al Gobernador Provincial y los encargados de los Departamentos de Educaci\u00f3n Municipal (DAEM) de San Felipe y Los Andes, diez alumnos de la Escuela, liderados por su profesor Walter Currilem, quisieron recalcar y poner en valor lo que esta fecha representa para la etnia Mapuche, cuya presencia en La Higuera es considerable.<br \/>\n\u00abEl Wetripantu es importante porque es donde nosotros como pueblo mapuche nos purificamos, as\u00ed como tambi\u00e9n la tierra se renueva. Es darle un agradecimiento a nuestra \u00d1uke Mapu (Madre Tierra) por su renovaci\u00f3n, porque en este tiempo ella est\u00e1 en un per\u00edodo de descanso, est\u00e1 durmiendo, y se refleja en los \u00e1rboles con la ca\u00edda de las hojas. Luego cuando entramos en primavera los \u00e1rboles empiezan a brotar, entonces ah\u00ed ella (la Madre Tierra) hace todo el esfuerzo para brindarnos alimentos y la nueva vida a todos nosotros\u00bb, indic\u00f3 el docente, quien se desempe\u00f1a hace cuatro a\u00f1os como \u2018Profesor Tradicional\u2019.<br \/>\nSu labor es ense\u00f1ar a los peque\u00f1os la cosmovisi\u00f3n, o forma de ver la vida, que posee la etnia Mapuche, inculcando respeto, inclusi\u00f3n y aceptaci\u00f3n desde una temprana edad, lo que ha sido valorado por la comunidad escolar, y vali\u00e9ndole el reconocimiento local y regional a la Escuela de La Higuera.<br \/>\n\u00abAl principio era un poco desconocido para ellos. Exist\u00eda tambi\u00e9n el racismo, entre ellos mismos se molestaban. Hab\u00edan ni\u00f1os que son Mapuche y estando en la escuela les dec\u00edan \u2018indios\u2019, entonces cuando llegu\u00e9 a trabajar me percat\u00e9 de esto y fue lo primero que cambi\u00e9. Ahora ellos comparten, no distinguen y son todos iguales, y eso es lo que se trata de conseguir: ense\u00f1arles respeto, ense\u00f1arles que somos Mapuche y somos personas\u00bb, precis\u00f3 el educador Walter Currilem.<br \/>\nGran parte de esta labor, adem\u00e1s, se debe al trabajo realizado con el resto del cuerpo docente de la Escuela, incluyendo adem\u00e1s a los hogares de los ni\u00f1os y ni\u00f1as puesto que \u00abes un trabajo que se ha hecho con ni\u00f1os y apoderados, con los mismos profesores tambi\u00e9n porque esto empez\u00f3 con una concientizaci\u00f3n de toda la comunidad educativa, primero para hacer este cambio y tener este sello de interculturalidad. Esto va muy de la mano con la inclusi\u00f3n\u00bb, se\u00f1al\u00f3 la directora del establecimiento, Nelia Antiman.<br \/>\nLa Escuela asimismo recibe aportes del Instituto Nacional del Deporte (IND), organismo que apoya al equipo de Pal\u00edn o Chueca conformado por los alumnos de sexto b\u00e1sico, lo que adem\u00e1s se complementa con la ense\u00f1anza en todos los niveles del idioma mapudungun, \u00abentreg\u00e1ndole a los ni\u00f1os el lenguaje a trav\u00e9s de leyendas, cuentas, entonces los ni\u00f1os van adquiriendo el conocimiento a trav\u00e9s de la cultura y el idioma\u00bb, precis\u00f3 la directora Antiman.<br \/>\nEl Gobernador de San Felipe, Eduardo Le\u00f3n, valor\u00f3 la labor realizada por el establecimiento, quienes se presentaron ante los coordinadores DAEM del Valle de Aconcagua, que se reunieron como todos los meses para aunar formas de trabajo en los colegios y escuelas de ambas provincias.<br \/>\n\u00abEn el contexto de la cuarta reuni\u00f3n de los equipos t\u00e9cnicos DAEM de las provincias de San Felipe y Los Andes, es decir, de la educaci\u00f3n p\u00fablica del Valle de Aconcagua, estamos celebrando el Wetripant\u00fc, hoy es el a\u00f1o nuevo Mapuche, el solsticio de invierno y qu\u00e9 mejor que con estos ni\u00f1os y ni\u00f1as de la Escuela de La Higuera que es un establecimiento intercultural, as\u00ed que le damos un \u2018feliz Wetripant\u00fc\u2019 a todas las personas de San Felipe y Los Andes\u00bb, sentenci\u00f3 la m\u00e1xima autoridad provincial.<\/p>\n<figure id=\"attachment_79798\" aria-describedby=\"caption-attachment-79798\" style=\"width: 580px\" class=\"wp-caption alignnone\"><img data-recalc-dims=\"1\" loading=\"lazy\" decoding=\"async\" class=\"size-full wp-image-79798\" src=\"https:\/\/i0.wp.com\/www.eltrabajo.cl\/2017\/wp-content\/uploads\/2017\/06\/Wetripantu_3.jpg?resize=580%2C349\" alt=\"Alumnos de sexto b\u00e1sico, integrantes del equipo de Pal\u00edn o Chueca del establecimiento, recibiendo incluso aportes del Instituto Nacional del Deporte para la pr\u00e1ctica de este deporte.\" width=\"580\" height=\"349\" srcset=\"https:\/\/i0.wp.com\/eltrabajo.cl\/portal\/wp-content\/uploads\/2017\/06\/Wetripantu_3.jpg?w=580&amp;ssl=1 580w, https:\/\/i0.wp.com\/eltrabajo.cl\/portal\/wp-content\/uploads\/2017\/06\/Wetripantu_3.jpg?resize=200%2C120&amp;ssl=1 200w, https:\/\/i0.wp.com\/eltrabajo.cl\/portal\/wp-content\/uploads\/2017\/06\/Wetripantu_3.jpg?resize=300%2C181&amp;ssl=1 300w, https:\/\/i0.wp.com\/eltrabajo.cl\/portal\/wp-content\/uploads\/2017\/06\/Wetripantu_3.jpg?resize=249%2C150&amp;ssl=1 249w, https:\/\/i0.wp.com\/eltrabajo.cl\/portal\/wp-content\/uploads\/2017\/06\/Wetripantu_3.jpg?resize=400%2C241&amp;ssl=1 400w\" sizes=\"auto, (max-width: 580px) 100vw, 580px\" \/><figcaption id=\"caption-attachment-79798\" class=\"wp-caption-text\">Alumnos de sexto b\u00e1sico, integrantes del equipo de Pal\u00edn o Chueca del establecimiento, recibiendo incluso aportes del Instituto Nacional del Deporte para la pr\u00e1ctica de este deporte.<\/figcaption><\/figure>\n","protected":false},"excerpt":{"rendered":"<p>Alumnos del primer establecimiento intercultural de Santa Mar\u00eda y de la Provincia se lucieron en un acto conmemorativo del Wetripant\u00fc, o a\u00f1o nuevo Mapuche, frente al Gobernador Eduardo Le\u00f3n y a los&#8230;<\/p>\n","protected":false},"author":1,"featured_media":79798,"comment_status":"open","ping_status":"open","sticky":false,"template":"","format":"standard","meta":{"advanced_seo_description":"","jetpack_seo_html_title":"","jetpack_seo_noindex":false,"_jetpack_memberships_contains_paid_content":false,"footnotes":""},"categories":[15],"tags":[],"class_list":["post-79796","post","type-post","status-publish","format-standard","has-post-thumbnail","hentry","category-comunidad"],"jetpack_featured_media_url":"https:\/\/i0.wp.com\/eltrabajo.cl\/portal\/wp-content\/uploads\/2017\/06\/Wetripantu_3.jpg?fit=580%2C349&ssl=1","jetpack_sharing_enabled":true,"jetpack_likes_enabled":true,"jetpack-related-posts":[],"_links":{"self":[{"href":"https:\/\/eltrabajo.cl\/portal\/wp-json\/wp\/v2\/posts\/79796","targetHints":{"allow":["GET"]}}],"collection":[{"href":"https:\/\/eltrabajo.cl\/portal\/wp-json\/wp\/v2\/posts"}],"about":[{"href":"https:\/\/eltrabajo.cl\/portal\/wp-json\/wp\/v2\/types\/post"}],"author":[{"embeddable":true,"href":"https:\/\/eltrabajo.cl\/portal\/wp-json\/wp\/v2\/users\/1"}],"replies":[{"embeddable":true,"href":"https:\/\/eltrabajo.cl\/portal\/wp-json\/wp\/v2\/comments?post=79796"}],"version-history":[{"count":0,"href":"https:\/\/eltrabajo.cl\/portal\/wp-json\/wp\/v2\/posts\/79796\/revisions"}],"wp:featuredmedia":[{"embeddable":true,"href":"https:\/\/eltrabajo.cl\/portal\/wp-json\/wp\/v2\/media\/79798"}],"wp:attachment":[{"href":"https:\/\/eltrabajo.cl\/portal\/wp-json\/wp\/v2\/media?parent=79796"}],"wp:term":[{"taxonomy":"category","embeddable":true,"href":"https:\/\/eltrabajo.cl\/portal\/wp-json\/wp\/v2\/categories?post=79796"},{"taxonomy":"post_tag","embeddable":true,"href":"https:\/\/eltrabajo.cl\/portal\/wp-json\/wp\/v2\/tags?post=79796"}],"curies":[{"name":"wp","href":"https:\/\/api.w.org\/{rel}","templated":true}]}}