{"id":79804,"date":"2017-06-23T06:00:47","date_gmt":"2017-06-23T10:00:47","guid":{"rendered":"http:\/\/www.eltrabajo.cl\/2017\/?p=79804"},"modified":"2017-06-23T06:00:47","modified_gmt":"2017-06-23T10:00:47","slug":"sanfelipena-viajo-a-italia-para-jugar-en-el-mundial-de-maxi-basquetbol","status":"publish","type":"post","link":"https:\/\/eltrabajo.cl\/portal\/sanfelipena-viajo-a-italia-para-jugar-en-el-mundial-de-maxi-basquetbol\/","title":{"rendered":"Sanfelipe\u00f1a viaj\u00f3 a Italia para jugar en el Mundial de Maxi b\u00e1squetbol"},"content":{"rendered":"<figure id=\"attachment_79805\" aria-describedby=\"caption-attachment-79805\" style=\"width: 580px\" class=\"wp-caption alignnone\"><img data-recalc-dims=\"1\" loading=\"lazy\" decoding=\"async\" class=\"size-full wp-image-79805\" src=\"https:\/\/i0.wp.com\/www.eltrabajo.cl\/2017\/wp-content\/uploads\/2017\/06\/gabriela-en-orlando.jpg?resize=580%2C349\" alt=\"Gabriela Botta integrar\u00e1 el combinado nacional mayor de 30 a\u00f1os, mismo que en Orlando fue segundo.\" width=\"580\" height=\"349\" srcset=\"https:\/\/i0.wp.com\/eltrabajo.cl\/portal\/wp-content\/uploads\/2017\/06\/gabriela-en-orlando.jpg?w=580&amp;ssl=1 580w, https:\/\/i0.wp.com\/eltrabajo.cl\/portal\/wp-content\/uploads\/2017\/06\/gabriela-en-orlando.jpg?resize=200%2C120&amp;ssl=1 200w, https:\/\/i0.wp.com\/eltrabajo.cl\/portal\/wp-content\/uploads\/2017\/06\/gabriela-en-orlando.jpg?resize=300%2C181&amp;ssl=1 300w, https:\/\/i0.wp.com\/eltrabajo.cl\/portal\/wp-content\/uploads\/2017\/06\/gabriela-en-orlando.jpg?resize=249%2C150&amp;ssl=1 249w, https:\/\/i0.wp.com\/eltrabajo.cl\/portal\/wp-content\/uploads\/2017\/06\/gabriela-en-orlando.jpg?resize=400%2C241&amp;ssl=1 400w\" sizes=\"auto, (max-width: 580px) 100vw, 580px\" \/><figcaption id=\"caption-attachment-79805\" class=\"wp-caption-text\">Gabriela Botta integrar\u00e1 el combinado nacional mayor de 30 a\u00f1os, mismo que en Orlando fue segundo.<\/figcaption><\/figure>\n<p>La deportista aconcag\u00fcina, Gabriela Botta, a mitad de semana emprendi\u00f3 rumbo hasta la regi\u00f3n de la Toscana en Italia, pa\u00eds sede del Mundial de Maxi b\u00e1squetbol que arrancar\u00e1 el pr\u00f3ximo viernes 30 del presente mes.<br \/>\nGabriela integrar\u00e1 la selecci\u00f3n chilena mayor de 30 a\u00f1os, mismo equipo que en el Mundial del 2015, en Orlando, fue vice campe\u00f3n, por lo que el nivel de exigencia ser\u00e1 muy alto, ya que entre otros estar\u00e1n combinados de Finlandia, Alemania, Estonia e Italia.<br \/>\nA ra\u00edz que en la actualidad es casi nula la actividad cestera a nivel femenino en la ciudad, la jugadora debi\u00f3 entrenar durante un buen tiempo con hombres. \u201cAgradezco la ayuda que me brindaron, me sirvi\u00f3 de mucho\u201d, declar\u00f3 a El Trabajo Deportivo, pocas horas antes de subir al avi\u00f3n Latam con destino a Europa, donde viaja junto sus hijos de 3 a\u00f1os y de 8 meses de edad.<\/p>\n","protected":false},"excerpt":{"rendered":"<p>La deportista aconcag\u00fcina, Gabriela Botta, a mitad de semana emprendi\u00f3 rumbo hasta la regi\u00f3n de la Toscana en Italia, pa\u00eds sede del Mundial de Maxi b\u00e1squetbol que arrancar\u00e1 el pr\u00f3ximo viernes 30&#8230;<\/p>\n","protected":false},"author":1,"featured_media":79805,"comment_status":"open","ping_status":"open","sticky":false,"template":"","format":"standard","meta":{"advanced_seo_description":"","jetpack_seo_html_title":"","jetpack_seo_noindex":false,"_jetpack_memberships_contains_paid_content":false,"footnotes":""},"categories":[19],"tags":[],"class_list":["post-79804","post","type-post","status-publish","format-standard","has-post-thumbnail","hentry","category-deportes"],"jetpack_featured_media_url":"https:\/\/i0.wp.com\/eltrabajo.cl\/portal\/wp-content\/uploads\/2017\/06\/gabriela-en-orlando.jpg?fit=580%2C349&ssl=1","jetpack_sharing_enabled":true,"jetpack_likes_enabled":true,"jetpack-related-posts":[],"_links":{"self":[{"href":"https:\/\/eltrabajo.cl\/portal\/wp-json\/wp\/v2\/posts\/79804","targetHints":{"allow":["GET"]}}],"collection":[{"href":"https:\/\/eltrabajo.cl\/portal\/wp-json\/wp\/v2\/posts"}],"about":[{"href":"https:\/\/eltrabajo.cl\/portal\/wp-json\/wp\/v2\/types\/post"}],"author":[{"embeddable":true,"href":"https:\/\/eltrabajo.cl\/portal\/wp-json\/wp\/v2\/users\/1"}],"replies":[{"embeddable":true,"href":"https:\/\/eltrabajo.cl\/portal\/wp-json\/wp\/v2\/comments?post=79804"}],"version-history":[{"count":0,"href":"https:\/\/eltrabajo.cl\/portal\/wp-json\/wp\/v2\/posts\/79804\/revisions"}],"wp:featuredmedia":[{"embeddable":true,"href":"https:\/\/eltrabajo.cl\/portal\/wp-json\/wp\/v2\/media\/79805"}],"wp:attachment":[{"href":"https:\/\/eltrabajo.cl\/portal\/wp-json\/wp\/v2\/media?parent=79804"}],"wp:term":[{"taxonomy":"category","embeddable":true,"href":"https:\/\/eltrabajo.cl\/portal\/wp-json\/wp\/v2\/categories?post=79804"},{"taxonomy":"post_tag","embeddable":true,"href":"https:\/\/eltrabajo.cl\/portal\/wp-json\/wp\/v2\/tags?post=79804"}],"curies":[{"name":"wp","href":"https:\/\/api.w.org\/{rel}","templated":true}]}}