{"id":79807,"date":"2017-06-23T06:01:45","date_gmt":"2017-06-23T10:01:45","guid":{"rendered":"http:\/\/www.eltrabajo.cl\/2017\/?p=79807"},"modified":"2017-06-23T06:01:45","modified_gmt":"2017-06-23T10:01:45","slug":"alumnos-de-escuela-de-algarrobal-destacan-en-taller-de-karate-entretenido","status":"publish","type":"post","link":"https:\/\/eltrabajo.cl\/portal\/alumnos-de-escuela-de-algarrobal-destacan-en-taller-de-karate-entretenido\/","title":{"rendered":"Alumnos de Escuela de Algarrobal destacan en taller de Karate Entretenido"},"content":{"rendered":"<figure id=\"attachment_79809\" aria-describedby=\"caption-attachment-79809\" style=\"width: 580px\" class=\"wp-caption alignnone\"><img data-recalc-dims=\"1\" loading=\"lazy\" decoding=\"async\" class=\"size-full wp-image-79809\" src=\"https:\/\/i0.wp.com\/www.eltrabajo.cl\/2017\/wp-content\/uploads\/2017\/06\/Taller-de-Karate.jpg?resize=580%2C348\" alt=\"Los alumnos ya han participado y destacado en algunas competencias.\" width=\"580\" height=\"348\" srcset=\"https:\/\/i0.wp.com\/eltrabajo.cl\/portal\/wp-content\/uploads\/2017\/06\/Taller-de-Karate.jpg?w=580&amp;ssl=1 580w, https:\/\/i0.wp.com\/eltrabajo.cl\/portal\/wp-content\/uploads\/2017\/06\/Taller-de-Karate.jpg?resize=200%2C120&amp;ssl=1 200w, https:\/\/i0.wp.com\/eltrabajo.cl\/portal\/wp-content\/uploads\/2017\/06\/Taller-de-Karate.jpg?resize=300%2C180&amp;ssl=1 300w, https:\/\/i0.wp.com\/eltrabajo.cl\/portal\/wp-content\/uploads\/2017\/06\/Taller-de-Karate.jpg?resize=250%2C150&amp;ssl=1 250w, https:\/\/i0.wp.com\/eltrabajo.cl\/portal\/wp-content\/uploads\/2017\/06\/Taller-de-Karate.jpg?resize=400%2C240&amp;ssl=1 400w\" sizes=\"auto, (max-width: 580px) 100vw, 580px\" \/><figcaption id=\"caption-attachment-79809\" class=\"wp-caption-text\">Los alumnos ya han participado y destacado en algunas competencias.<\/figcaption><\/figure>\n<p>Con enorme entusiasmo est\u00e1n participando los alumnos de la Escuela Heriberto Berm\u00fadez Cruz del sector Algarrobal, en el Taller de Karate Deportivo Entretenido coordinado por el departamento de Deportes y Actividad F\u00edsica de la Municipalidad de San Felipe, que est\u00e1 a cargo del maestro V\u00edctor Caballero.<br \/>\nSe trata de una iniciativa deportiva-recreativa que ha despertado el inter\u00e9s de los estudiantes, quienes cada semana acuden a las clases que dicta el experimentado profesor, en una instancia que adem\u00e1s de tener un car\u00e1cter recreativo, tambi\u00e9n considera elementos relacionados con la disciplina y la concentraci\u00f3n.<br \/>\nDanilo Pe\u00f1a, coordinador del departamento de Deportes de la Municipalidad de San Felipe, resalt\u00f3 el desarrollo de este tipo de actividades, explicando que son numerosos los talleres que se est\u00e1n dictando en distintos puntos de la comuna.<br \/>\n\u201cHay que agradecer a la gesti\u00f3n del Alcalde Patricio Freire porque hemos diversificado y hemos salido de los deportes habituales, los m\u00e1s comunes, y es as\u00ed como en la Escuela Heriberto Berm\u00fadez tenemos k\u00e1rate con el sensei V\u00edctor Caballero. Nos hemos abocado a llevar el deporte a todos los rincones, a la Escuela de El Tambo, El Asiento, 21 de Mayo, Almendral. Agradecemos a los directores porque nos permiten estar presentes en toda la comuna con actividad f\u00edsica y deporte\u201d, se\u00f1al\u00f3 Danilo Pe\u00f1a.<br \/>\nSeg\u00fan destac\u00f3 el profesional, se trata de iniciativas donde toda la comunidad puede participar, favoreciendo una pol\u00edtica de puertas abiertas en los establecimientos, para beneficio de todas y todos.<br \/>\n\u201cEs parte de la pol\u00edtica municipal de nuestro alcalde, pero adem\u00e1s en un tema que tiene que ver con la apertura de las escuelas y colegios a toda la comunidad. Estos no son talleres que se imparten solo a los alumnos de las escuelas y liceos, sino que para todos los vecinos. Tenemos la posibilidad a trav\u00e9s de las escuelas y liceos de llegar con actividad f\u00edsica a toda la comunidad\u201d, puntualiz\u00f3.<br \/>\nEn el caso del taller de karate en la Escuela de Algarrobal, los alumnos y alumnas ya han tenido la posibilidad de participar en algunas instancias competitivas, logrando destacarse y por cierto, demostrar que se han tomado muy en serio esta iniciativa que impulsa el departamento de Deportes y Actividad F\u00edsica de la municipalidad, en conjunto con su establecimiento educacional.<\/p>\n<figure id=\"attachment_79808\" aria-describedby=\"caption-attachment-79808\" style=\"width: 580px\" class=\"wp-caption alignnone\"><img data-recalc-dims=\"1\" loading=\"lazy\" decoding=\"async\" class=\"size-full wp-image-79808\" src=\"https:\/\/i0.wp.com\/www.eltrabajo.cl\/2017\/wp-content\/uploads\/2017\/06\/Taller-de-Karate-2.jpg?resize=580%2C350\" alt=\"Los peque\u00f1os alumnos de la Escuela Heriberto Berm\u00fadez de Algarrobal se han tomado muy en serio el taller de karate entretenido.\" width=\"580\" height=\"350\" srcset=\"https:\/\/i0.wp.com\/eltrabajo.cl\/portal\/wp-content\/uploads\/2017\/06\/Taller-de-Karate-2.jpg?w=580&amp;ssl=1 580w, https:\/\/i0.wp.com\/eltrabajo.cl\/portal\/wp-content\/uploads\/2017\/06\/Taller-de-Karate-2.jpg?resize=200%2C121&amp;ssl=1 200w, https:\/\/i0.wp.com\/eltrabajo.cl\/portal\/wp-content\/uploads\/2017\/06\/Taller-de-Karate-2.jpg?resize=300%2C181&amp;ssl=1 300w, https:\/\/i0.wp.com\/eltrabajo.cl\/portal\/wp-content\/uploads\/2017\/06\/Taller-de-Karate-2.jpg?resize=249%2C150&amp;ssl=1 249w, https:\/\/i0.wp.com\/eltrabajo.cl\/portal\/wp-content\/uploads\/2017\/06\/Taller-de-Karate-2.jpg?resize=400%2C241&amp;ssl=1 400w\" sizes=\"auto, (max-width: 580px) 100vw, 580px\" \/><figcaption id=\"caption-attachment-79808\" class=\"wp-caption-text\">Los peque\u00f1os alumnos de la Escuela Heriberto Berm\u00fadez de Algarrobal se han tomado muy en serio el taller de karate entretenido.<\/figcaption><\/figure>\n","protected":false},"excerpt":{"rendered":"<p>Con enorme entusiasmo est\u00e1n participando los alumnos de la Escuela Heriberto Berm\u00fadez Cruz del sector Algarrobal, en el Taller de Karate Deportivo Entretenido coordinado por el departamento de Deportes y Actividad F\u00edsica&#8230;<\/p>\n","protected":false},"author":1,"featured_media":79808,"comment_status":"open","ping_status":"open","sticky":false,"template":"","format":"standard","meta":{"advanced_seo_description":"","jetpack_seo_html_title":"","jetpack_seo_noindex":false,"_jetpack_memberships_contains_paid_content":false,"footnotes":""},"categories":[19],"tags":[],"class_list":["post-79807","post","type-post","status-publish","format-standard","has-post-thumbnail","hentry","category-deportes"],"jetpack_featured_media_url":"https:\/\/i0.wp.com\/eltrabajo.cl\/portal\/wp-content\/uploads\/2017\/06\/Taller-de-Karate-2.jpg?fit=580%2C350&ssl=1","jetpack_sharing_enabled":true,"jetpack_likes_enabled":true,"jetpack-related-posts":[],"_links":{"self":[{"href":"https:\/\/eltrabajo.cl\/portal\/wp-json\/wp\/v2\/posts\/79807","targetHints":{"allow":["GET"]}}],"collection":[{"href":"https:\/\/eltrabajo.cl\/portal\/wp-json\/wp\/v2\/posts"}],"about":[{"href":"https:\/\/eltrabajo.cl\/portal\/wp-json\/wp\/v2\/types\/post"}],"author":[{"embeddable":true,"href":"https:\/\/eltrabajo.cl\/portal\/wp-json\/wp\/v2\/users\/1"}],"replies":[{"embeddable":true,"href":"https:\/\/eltrabajo.cl\/portal\/wp-json\/wp\/v2\/comments?post=79807"}],"version-history":[{"count":0,"href":"https:\/\/eltrabajo.cl\/portal\/wp-json\/wp\/v2\/posts\/79807\/revisions"}],"wp:featuredmedia":[{"embeddable":true,"href":"https:\/\/eltrabajo.cl\/portal\/wp-json\/wp\/v2\/media\/79808"}],"wp:attachment":[{"href":"https:\/\/eltrabajo.cl\/portal\/wp-json\/wp\/v2\/media?parent=79807"}],"wp:term":[{"taxonomy":"category","embeddable":true,"href":"https:\/\/eltrabajo.cl\/portal\/wp-json\/wp\/v2\/categories?post=79807"},{"taxonomy":"post_tag","embeddable":true,"href":"https:\/\/eltrabajo.cl\/portal\/wp-json\/wp\/v2\/tags?post=79807"}],"curies":[{"name":"wp","href":"https:\/\/api.w.org\/{rel}","templated":true}]}}