{"id":79811,"date":"2017-06-23T06:02:49","date_gmt":"2017-06-23T10:02:49","guid":{"rendered":"http:\/\/www.eltrabajo.cl\/2017\/?p=79811"},"modified":"2017-06-23T06:02:49","modified_gmt":"2017-06-23T10:02:49","slug":"desde-rancheras-hasta-tangos-competiran-en-festival-canta-mujer-2017","status":"publish","type":"post","link":"https:\/\/eltrabajo.cl\/portal\/desde-rancheras-hasta-tangos-competiran-en-festival-canta-mujer-2017\/","title":{"rendered":"Desde rancheras hasta tangos competir\u00e1n en festival \u2018Canta Mujer 2017\u2019"},"content":{"rendered":"<figure id=\"attachment_79812\" aria-describedby=\"caption-attachment-79812\" style=\"width: 580px\" class=\"wp-caption alignnone\"><img data-recalc-dims=\"1\" loading=\"lazy\" decoding=\"async\" class=\"size-full wp-image-79812\" src=\"https:\/\/i0.wp.com\/www.eltrabajo.cl\/2017\/wp-content\/uploads\/2017\/06\/afiche-festival-de-la-voz.jpg?resize=580%2C348\" alt=\"El afiche del evento que se realizar\u00e1 ma\u00f1ana s\u00e1bado, totalmente gratuito y abierto a la comunidad en general.\" width=\"580\" height=\"348\" srcset=\"https:\/\/i0.wp.com\/eltrabajo.cl\/portal\/wp-content\/uploads\/2017\/06\/afiche-festival-de-la-voz.jpg?w=580&amp;ssl=1 580w, https:\/\/i0.wp.com\/eltrabajo.cl\/portal\/wp-content\/uploads\/2017\/06\/afiche-festival-de-la-voz.jpg?resize=200%2C120&amp;ssl=1 200w, https:\/\/i0.wp.com\/eltrabajo.cl\/portal\/wp-content\/uploads\/2017\/06\/afiche-festival-de-la-voz.jpg?resize=300%2C180&amp;ssl=1 300w, https:\/\/i0.wp.com\/eltrabajo.cl\/portal\/wp-content\/uploads\/2017\/06\/afiche-festival-de-la-voz.jpg?resize=250%2C150&amp;ssl=1 250w, https:\/\/i0.wp.com\/eltrabajo.cl\/portal\/wp-content\/uploads\/2017\/06\/afiche-festival-de-la-voz.jpg?resize=400%2C240&amp;ssl=1 400w\" sizes=\"auto, (max-width: 580px) 100vw, 580px\" \/><figcaption id=\"caption-attachment-79812\" class=\"wp-caption-text\">El afiche del evento que se realizar\u00e1 ma\u00f1ana s\u00e1bado, totalmente gratuito y abierto a la comunidad en general.<\/figcaption><\/figure>\n<ul>\n<li><span style=\"color: #ff0000;\"><strong>Evento se organiza por primera vez y se realizar\u00e1 este s\u00e1bado en dependencias de la Ex Escuela Hogar en el barrio Las 4 Villas<\/strong><\/span><\/li>\n<\/ul>\n<p>Nerviosas y dedicadas a preparar la mejor de sus presentaciones, se encuentran las ocho participantes que competir\u00e1n en el Primer Festival de la Voz \u2018Canta Mujer 2017\u2019, evento que se realizar\u00e1 a partir de las 16.00 horas de este s\u00e1bado 24 de junio en dependencias de la Ex Escuela Hogar, en el barrio Las 4 Villas de la comuna de San Felipe.<br \/>\nAs\u00ed lo dio a conocer Albert Lobos, coordinador comunal de Senda-Previene San Felipe, entidad que organiza este encuentro art\u00edstico en conjunto con el Programa Quiero Mi Barrio, del Ministerio de Vivienda y Urbanismo; adem\u00e1s del Hogar de Cristo, Centro de la Mujer, la Oficina Municipal de la Mujer y el Departamento de Cultura.<br \/>\n\u201cEste festival se organiza por primera vez en la comuna de San Felipe y busca apoyar el desarrollo de la mujer en los m\u00e1s diversos \u00e1mbitos, en este caso, a trav\u00e9s de la m\u00fasica, las concursantes y el p\u00fablico se reunir\u00e1n en torno a la m\u00fasica y la cultura en una fiesta familiar\u201d, destac\u00f3 Lobos.<br \/>\nEs as\u00ed como en este encuentro art\u00edstico inicial participar\u00e1n s\u00f3lo competidoras del barrio Las 4 Villas, las que interpretar\u00e1n ritmos tan variados como rancheras, tangos y boleros, s\u00f3lo por nombrar algunos.<br \/>\nLas concursantes ya han ensayado con apoyo de un \u2018coaching\u2019 (entrenador) para prepararse de la mejor manera y as\u00ed optar a uno de los premios, los que contemplan 100 mil pesos para la ganadora, 60 mil pesos para el segundo lugar y 40 mil pesos para la tercera participante.<br \/>\nEn este sentido, Lobos hizo extensiva una invitaci\u00f3n a participar de este encuentro, para que no s\u00f3lo la comunidad de Las 4 Villas acompa\u00f1en a sus vecinas en este encuentro art\u00edstico, sino tambi\u00e9n toda la comunidad local.<br \/>\n\u201cEst\u00e1n todos invitados a este primer festival \u2018Canta Mujer\u2019, el que a partir de esta experiencia estamos pensando extender y realizar en otros sectores de la comuna de San Felipe. El festival es gratuito y se realizar\u00e1 incluso si llueve en la ex Escuela Hogar, ubicada en calle Duco 1.050\u201d, precis\u00f3 el coordinador de Senda-Previene.<\/p>\n","protected":false},"excerpt":{"rendered":"<p>Evento se organiza por primera vez y se realizar\u00e1 este s\u00e1bado en dependencias de la Ex Escuela Hogar en el barrio Las 4 Villas Nerviosas y dedicadas a preparar la mejor de&#8230;<\/p>\n","protected":false},"author":1,"featured_media":79812,"comment_status":"open","ping_status":"open","sticky":false,"template":"","format":"standard","meta":{"advanced_seo_description":"","jetpack_seo_html_title":"","jetpack_seo_noindex":false,"_jetpack_memberships_contains_paid_content":false,"footnotes":""},"categories":[20],"tags":[],"class_list":["post-79811","post","type-post","status-publish","format-standard","has-post-thumbnail","hentry","category-arte-y-cultura"],"jetpack_featured_media_url":"https:\/\/i0.wp.com\/eltrabajo.cl\/portal\/wp-content\/uploads\/2017\/06\/afiche-festival-de-la-voz.jpg?fit=580%2C348&ssl=1","jetpack_sharing_enabled":true,"jetpack_likes_enabled":true,"jetpack-related-posts":[],"_links":{"self":[{"href":"https:\/\/eltrabajo.cl\/portal\/wp-json\/wp\/v2\/posts\/79811","targetHints":{"allow":["GET"]}}],"collection":[{"href":"https:\/\/eltrabajo.cl\/portal\/wp-json\/wp\/v2\/posts"}],"about":[{"href":"https:\/\/eltrabajo.cl\/portal\/wp-json\/wp\/v2\/types\/post"}],"author":[{"embeddable":true,"href":"https:\/\/eltrabajo.cl\/portal\/wp-json\/wp\/v2\/users\/1"}],"replies":[{"embeddable":true,"href":"https:\/\/eltrabajo.cl\/portal\/wp-json\/wp\/v2\/comments?post=79811"}],"version-history":[{"count":0,"href":"https:\/\/eltrabajo.cl\/portal\/wp-json\/wp\/v2\/posts\/79811\/revisions"}],"wp:featuredmedia":[{"embeddable":true,"href":"https:\/\/eltrabajo.cl\/portal\/wp-json\/wp\/v2\/media\/79812"}],"wp:attachment":[{"href":"https:\/\/eltrabajo.cl\/portal\/wp-json\/wp\/v2\/media?parent=79811"}],"wp:term":[{"taxonomy":"category","embeddable":true,"href":"https:\/\/eltrabajo.cl\/portal\/wp-json\/wp\/v2\/categories?post=79811"},{"taxonomy":"post_tag","embeddable":true,"href":"https:\/\/eltrabajo.cl\/portal\/wp-json\/wp\/v2\/tags?post=79811"}],"curies":[{"name":"wp","href":"https:\/\/api.w.org\/{rel}","templated":true}]}}