{"id":79817,"date":"2017-06-23T06:04:34","date_gmt":"2017-06-23T10:04:34","guid":{"rendered":"http:\/\/www.eltrabajo.cl\/2017\/?p=79817"},"modified":"2017-06-23T06:04:34","modified_gmt":"2017-06-23T10:04:34","slug":"del-martes-27-al-jueves-29-estara-cerrado-acceso-a-san-felipe-por-puente-el-rey","status":"publish","type":"post","link":"https:\/\/eltrabajo.cl\/portal\/del-martes-27-al-jueves-29-estara-cerrado-acceso-a-san-felipe-por-puente-el-rey\/","title":{"rendered":"Del martes 27 al jueves 29 estar\u00e1 cerrado acceso a San Felipe por puente El Rey"},"content":{"rendered":"<figure id=\"attachment_79818\" aria-describedby=\"caption-attachment-79818\" style=\"width: 580px\" class=\"wp-caption alignnone\"><img data-recalc-dims=\"1\" loading=\"lazy\" decoding=\"async\" class=\"size-full wp-image-79818\" src=\"https:\/\/i0.wp.com\/www.eltrabajo.cl\/2017\/wp-content\/uploads\/2017\/06\/claudio-paredes-1.jpg?resize=580%2C349\" alt=\"Claudio Paredes, Secplac Municipalidad de San Felipe.\" width=\"580\" height=\"349\" srcset=\"https:\/\/i0.wp.com\/eltrabajo.cl\/portal\/wp-content\/uploads\/2017\/06\/claudio-paredes-1.jpg?w=580&amp;ssl=1 580w, https:\/\/i0.wp.com\/eltrabajo.cl\/portal\/wp-content\/uploads\/2017\/06\/claudio-paredes-1.jpg?resize=200%2C120&amp;ssl=1 200w, https:\/\/i0.wp.com\/eltrabajo.cl\/portal\/wp-content\/uploads\/2017\/06\/claudio-paredes-1.jpg?resize=300%2C181&amp;ssl=1 300w, https:\/\/i0.wp.com\/eltrabajo.cl\/portal\/wp-content\/uploads\/2017\/06\/claudio-paredes-1.jpg?resize=249%2C150&amp;ssl=1 249w, https:\/\/i0.wp.com\/eltrabajo.cl\/portal\/wp-content\/uploads\/2017\/06\/claudio-paredes-1.jpg?resize=400%2C241&amp;ssl=1 400w\" sizes=\"auto, (max-width: 580px) 100vw, 580px\" \/><figcaption id=\"caption-attachment-79818\" class=\"wp-caption-text\">Claudio Paredes, Secplac Municipalidad de San Felipe.<\/figcaption><\/figure>\n<ul>\n<li><strong><span style=\"color: #ff0000;\">Entre las 09,00 y las 18 horas:<\/span>\u00a0Empresa OHL solicit\u00f3 al Ministerio de Transportes reprogramar el cierre del acceso sur-poniente a San Felipe, para instalar las tres vigas que sostendr\u00e1n ese tramo de la nueva CH 60.<\/strong><\/li>\n<\/ul>\n<p>Razones clim\u00e1ticas y t\u00e9cnicas fundamentar\u00edan el cambio de fecha que sufri\u00f3 la programaci\u00f3n de cortes de tr\u00e1nsito que ten\u00eda presupuestada la Seremi de Transportes de Valpara\u00edso, para que la empresa OHL pudiera instalar sobre el Puente El Rey, las tres gigantescas vigas que sostendr\u00e1n ese tramo de la nueva autopista 60 CH.<br \/>\nEn un principio, los d\u00edas definidos para la realizaci\u00f3n de estos trabajos eran este domingo 25, el mi\u00e9rcoles 28 de junio y el martes 4 de julio, sin embargo, la obra ser\u00e1 ejecutada en tres d\u00edas consecutivos; el martes 27, mi\u00e9rcoles 28 y jueves 29 de junio; desde las 9 de la ma\u00f1ana hasta las 18 horas.<br \/>\nAs\u00ed lo confirm\u00f3 el Secretario de Planificaci\u00f3n Comunal de la Municipalidad de San Felipe, Secplac, Claudio Paredes, quien detall\u00f3 que \u201cel procedimiento es que la empresa OHL, que est\u00e1 encargada de las obras, solicit\u00f3 de manera directa al Ministerio de Transportes, la autorizaci\u00f3n para reprogramar el cierre de la calle Manso de Velasco, en el sector del Puente El Rey\u201d, afirm\u00f3 el Secplac.<br \/>\nSeg\u00fan Paredes, y de acuerdo a lo informado por OHL al Ministerio de Transportes y posteriormente a la Municipalidad de San Felipe, las razones para modificar los d\u00edas, se sustentan en \u201cel pron\u00f3stico de lluvia para el d\u00eda 25\u201d y adem\u00e1s con \u201calg\u00fan retraso de los camiones pluma, que son los que levantan las vigas met\u00e1licas del viaducto y tuvieron que reprogramar ese trabajo porque aparentemente no estaban con todos los camiones necesarios\u201d, argument\u00f3 el personero del municipio sanfelipe\u00f1o.<br \/>\nRespecto del impacto vial que significar\u00e1 realizar la instalaci\u00f3n de las vigas en d\u00edas laborales, Paredes manifest\u00f3 que \u201cnosotros siempre hemos solicitado que, en general, este tipo de obras se traten de realizar los fines de semana, principalmente por el transporte p\u00fablico, esa es nuestra mirada, pero en este tema esto fue autorizado directamente por el Seremi de Transportes (de Valpara\u00edso, Mauricio Candia), no por el alcalde Patricio Freire y por normativa nos corresponde acatar la decisi\u00f3n que se indica v\u00eda correo electr\u00f3nico a nuestro Director de Tr\u00e1nsito\u201d, concluy\u00f3 el profesional.<\/p>\n<figure id=\"attachment_79819\" aria-describedby=\"caption-attachment-79819\" style=\"width: 580px\" class=\"wp-caption alignnone\"><img data-recalc-dims=\"1\" loading=\"lazy\" decoding=\"async\" class=\"size-full wp-image-79819\" src=\"https:\/\/i0.wp.com\/www.eltrabajo.cl\/2017\/wp-content\/uploads\/2017\/06\/Inspeccion-Ruta-CH60_4-1.jpg?resize=580%2C350\" alt=\"Finalmente los cortes se realizar\u00e1n durante tres d\u00edas seguidos, desde este martes 27 al jueves 29 de junio.\" width=\"580\" height=\"350\" srcset=\"https:\/\/i0.wp.com\/eltrabajo.cl\/portal\/wp-content\/uploads\/2017\/06\/Inspeccion-Ruta-CH60_4-1.jpg?w=580&amp;ssl=1 580w, https:\/\/i0.wp.com\/eltrabajo.cl\/portal\/wp-content\/uploads\/2017\/06\/Inspeccion-Ruta-CH60_4-1.jpg?resize=200%2C121&amp;ssl=1 200w, https:\/\/i0.wp.com\/eltrabajo.cl\/portal\/wp-content\/uploads\/2017\/06\/Inspeccion-Ruta-CH60_4-1.jpg?resize=300%2C181&amp;ssl=1 300w, https:\/\/i0.wp.com\/eltrabajo.cl\/portal\/wp-content\/uploads\/2017\/06\/Inspeccion-Ruta-CH60_4-1.jpg?resize=249%2C150&amp;ssl=1 249w, https:\/\/i0.wp.com\/eltrabajo.cl\/portal\/wp-content\/uploads\/2017\/06\/Inspeccion-Ruta-CH60_4-1.jpg?resize=400%2C241&amp;ssl=1 400w\" sizes=\"auto, (max-width: 580px) 100vw, 580px\" \/><figcaption id=\"caption-attachment-79819\" class=\"wp-caption-text\">Finalmente los cortes se realizar\u00e1n durante tres d\u00edas seguidos, desde este martes 27 al jueves 29 de junio.<\/figcaption><\/figure>\n","protected":false},"excerpt":{"rendered":"<p>Entre las 09,00 y las 18 horas:\u00a0Empresa OHL solicit\u00f3 al Ministerio de Transportes reprogramar el cierre del acceso sur-poniente a San Felipe, para instalar las tres vigas que sostendr\u00e1n ese tramo de&#8230;<\/p>\n","protected":false},"author":1,"featured_media":79819,"comment_status":"open","ping_status":"open","sticky":false,"template":"","format":"standard","meta":{"advanced_seo_description":"","jetpack_seo_html_title":"","jetpack_seo_noindex":false,"_jetpack_memberships_contains_paid_content":false,"footnotes":""},"categories":[1],"tags":[],"class_list":["post-79817","post","type-post","status-publish","format-standard","has-post-thumbnail","hentry","category-cronica"],"jetpack_featured_media_url":"https:\/\/i0.wp.com\/eltrabajo.cl\/portal\/wp-content\/uploads\/2017\/06\/Inspeccion-Ruta-CH60_4-1.jpg?fit=580%2C350&ssl=1","jetpack_sharing_enabled":true,"jetpack_likes_enabled":true,"jetpack-related-posts":[],"_links":{"self":[{"href":"https:\/\/eltrabajo.cl\/portal\/wp-json\/wp\/v2\/posts\/79817","targetHints":{"allow":["GET"]}}],"collection":[{"href":"https:\/\/eltrabajo.cl\/portal\/wp-json\/wp\/v2\/posts"}],"about":[{"href":"https:\/\/eltrabajo.cl\/portal\/wp-json\/wp\/v2\/types\/post"}],"author":[{"embeddable":true,"href":"https:\/\/eltrabajo.cl\/portal\/wp-json\/wp\/v2\/users\/1"}],"replies":[{"embeddable":true,"href":"https:\/\/eltrabajo.cl\/portal\/wp-json\/wp\/v2\/comments?post=79817"}],"version-history":[{"count":0,"href":"https:\/\/eltrabajo.cl\/portal\/wp-json\/wp\/v2\/posts\/79817\/revisions"}],"wp:featuredmedia":[{"embeddable":true,"href":"https:\/\/eltrabajo.cl\/portal\/wp-json\/wp\/v2\/media\/79819"}],"wp:attachment":[{"href":"https:\/\/eltrabajo.cl\/portal\/wp-json\/wp\/v2\/media?parent=79817"}],"wp:term":[{"taxonomy":"category","embeddable":true,"href":"https:\/\/eltrabajo.cl\/portal\/wp-json\/wp\/v2\/categories?post=79817"},{"taxonomy":"post_tag","embeddable":true,"href":"https:\/\/eltrabajo.cl\/portal\/wp-json\/wp\/v2\/tags?post=79817"}],"curies":[{"name":"wp","href":"https:\/\/api.w.org\/{rel}","templated":true}]}}