{"id":79821,"date":"2017-06-23T06:05:56","date_gmt":"2017-06-23T10:05:56","guid":{"rendered":"http:\/\/www.eltrabajo.cl\/2017\/?p=79821"},"modified":"2017-06-23T06:05:56","modified_gmt":"2017-06-23T10:05:56","slug":"un-mes-pago-28-000-y-al-siguiente-chilquinta-le-cobro-413-536","status":"publish","type":"post","link":"https:\/\/eltrabajo.cl\/portal\/un-mes-pago-28-000-y-al-siguiente-chilquinta-le-cobro-413-536\/","title":{"rendered":"Un mes pag\u00f3 $28.000 y al siguiente Chilquinta le cobr\u00f3 $413.536"},"content":{"rendered":"<figure id=\"attachment_79824\" aria-describedby=\"caption-attachment-79824\" style=\"width: 580px\" class=\"wp-caption alignnone\"><img data-recalc-dims=\"1\" loading=\"lazy\" decoding=\"async\" class=\"size-full wp-image-79824\" src=\"https:\/\/i0.wp.com\/www.eltrabajo.cl\/2017\/wp-content\/uploads\/2017\/06\/Reclamo2.jpg?resize=580%2C349\" alt=\"MUY EXTRA\u00d1O.- Estos dos recibos demuestran una gran diferencia entre lo que Chilquinta cobr\u00f3 en un mes, y lo que pretende cobrar ahora.\" width=\"580\" height=\"349\" srcset=\"https:\/\/i0.wp.com\/eltrabajo.cl\/portal\/wp-content\/uploads\/2017\/06\/Reclamo2.jpg?w=580&amp;ssl=1 580w, https:\/\/i0.wp.com\/eltrabajo.cl\/portal\/wp-content\/uploads\/2017\/06\/Reclamo2.jpg?resize=200%2C120&amp;ssl=1 200w, https:\/\/i0.wp.com\/eltrabajo.cl\/portal\/wp-content\/uploads\/2017\/06\/Reclamo2.jpg?resize=300%2C181&amp;ssl=1 300w, https:\/\/i0.wp.com\/eltrabajo.cl\/portal\/wp-content\/uploads\/2017\/06\/Reclamo2.jpg?resize=249%2C150&amp;ssl=1 249w, https:\/\/i0.wp.com\/eltrabajo.cl\/portal\/wp-content\/uploads\/2017\/06\/Reclamo2.jpg?resize=400%2C241&amp;ssl=1 400w\" sizes=\"auto, (max-width: 580px) 100vw, 580px\" \/><figcaption id=\"caption-attachment-79824\" class=\"wp-caption-text\">MUY EXTRA\u00d1O.- Estos dos recibos demuestran una gran diferencia entre lo que Chilquinta cobr\u00f3 en un mes, y lo que pretende cobrar ahora.<\/figcaption><\/figure>\n<ul>\n<li><span style=\"color: #ff0000;\"><strong>Cliente espera respuestas del Sernac y de la empresa:<\/strong><\/span><\/li>\n<\/ul>\n<p>Una compleja situaci\u00f3n es la que est\u00e1 viviendo un vecino de Villa Conjunto Almendral, don Patricio Barraza Ibacache, quien cuenta con un peque\u00f1o negocio en donde vende verduras y productos menores para el hogar desde hace bastante tiempo. La situaci\u00f3n que enfrenta este vecino la sufre \u00e9l y su hija, a quienes la empresa Chilquinta les est\u00e1 cobrando la suma de $413.536, siendo lo com\u00fan de sus recibos por gasto de electricidad sumas de $28.000 hasta $55.000.<br \/>\n\u00abNo lo puedo creer. Vengo pagando no m\u00e1s de $60.000 por mes, hasta pagos m\u00ednimos de $10.000, y de pronto me llegan estos recibos de casi medio mill\u00f3n de pesos. Ya interpuse mi reclamo en Sernac, ellos me respondieron formalmente por escrito, en el documento don Vladimir Tapia, de Sernac, \u00e9l me respondi\u00f3 que muy pronto resolver\u00e1n este tema. Aqu\u00ed lo raro, es que el joven que toma las lecturas de medidores, \u00e9l siempre llega a mi negocio, se toma una gaseosa y apunta las cifras, ahora Chilquinta me asegura que durante varios meses la empresa no cobr\u00f3 lo que correspond\u00eda, y que por eso el cobro tan excesivo\u00bb, dijo Barraza a Diario El Trabajo.<\/p>\n<p><span style=\"color: #ff0000;\"><strong>CHILQUINTA RESPONDE<\/strong><\/span><br \/>\nNuestro medio habl\u00f3 con el jefe zonal de Chilquinta, Manuel Delgado, quien nos respondi\u00f3 que \u00abhemos recibido el reclamo de don Patricio Barraza, de inmediato estamos investigando qu\u00e9 es lo que pas\u00f3, hace unos minutos tomamos contacto con este cliente, y este viernes temprano estaremos sosteniendo una reuni\u00f3n en San Felipe con \u00e9l y con su hija, la titular de la cuenta. Aprovecho para recordar a nuestros usuarios, que nuestra empresa siempre est\u00e1 llana en atender diligentemente las consultas o reclamos que ellos puedan tener\u00bb, dijo el funcionario.<br \/>\n<strong>Roberto Gonz\u00e1lez Short<\/strong><\/p>\n<figure id=\"attachment_79822\" aria-describedby=\"caption-attachment-79822\" style=\"width: 580px\" class=\"wp-caption alignnone\"><img data-recalc-dims=\"1\" loading=\"lazy\" decoding=\"async\" class=\"size-full wp-image-79822\" src=\"https:\/\/i0.wp.com\/www.eltrabajo.cl\/2017\/wp-content\/uploads\/2017\/06\/Reclamo_Manuel-Delgado.jpg?resize=580%2C348\" alt=\"Jefe zonal de Chilquinta, Manuel Delgado.\" width=\"580\" height=\"348\" srcset=\"https:\/\/i0.wp.com\/eltrabajo.cl\/portal\/wp-content\/uploads\/2017\/06\/Reclamo_Manuel-Delgado.jpg?w=580&amp;ssl=1 580w, https:\/\/i0.wp.com\/eltrabajo.cl\/portal\/wp-content\/uploads\/2017\/06\/Reclamo_Manuel-Delgado.jpg?resize=200%2C120&amp;ssl=1 200w, https:\/\/i0.wp.com\/eltrabajo.cl\/portal\/wp-content\/uploads\/2017\/06\/Reclamo_Manuel-Delgado.jpg?resize=300%2C180&amp;ssl=1 300w, https:\/\/i0.wp.com\/eltrabajo.cl\/portal\/wp-content\/uploads\/2017\/06\/Reclamo_Manuel-Delgado.jpg?resize=250%2C150&amp;ssl=1 250w, https:\/\/i0.wp.com\/eltrabajo.cl\/portal\/wp-content\/uploads\/2017\/06\/Reclamo_Manuel-Delgado.jpg?resize=400%2C240&amp;ssl=1 400w\" sizes=\"auto, (max-width: 580px) 100vw, 580px\" \/><figcaption id=\"caption-attachment-79822\" class=\"wp-caption-text\">Jefe zonal de Chilquinta, Manuel Delgado.<\/figcaption><\/figure>\n<figure id=\"attachment_79823\" aria-describedby=\"caption-attachment-79823\" style=\"width: 580px\" class=\"wp-caption alignnone\"><img data-recalc-dims=\"1\" loading=\"lazy\" decoding=\"async\" class=\"size-full wp-image-79823\" src=\"https:\/\/i0.wp.com\/www.eltrabajo.cl\/2017\/wp-content\/uploads\/2017\/06\/Reclamo1.jpg?resize=580%2C348\" alt=\"CASI MEDIO MILL\u00d3N DE PESOS.- Don Patricio Barraza reclama a Chilquinta lo que \u00e9l considera un excesivo cobro por el servicio de electricidad.\" width=\"580\" height=\"348\" srcset=\"https:\/\/i0.wp.com\/eltrabajo.cl\/portal\/wp-content\/uploads\/2017\/06\/Reclamo1.jpg?w=580&amp;ssl=1 580w, https:\/\/i0.wp.com\/eltrabajo.cl\/portal\/wp-content\/uploads\/2017\/06\/Reclamo1.jpg?resize=200%2C120&amp;ssl=1 200w, https:\/\/i0.wp.com\/eltrabajo.cl\/portal\/wp-content\/uploads\/2017\/06\/Reclamo1.jpg?resize=300%2C180&amp;ssl=1 300w, https:\/\/i0.wp.com\/eltrabajo.cl\/portal\/wp-content\/uploads\/2017\/06\/Reclamo1.jpg?resize=250%2C150&amp;ssl=1 250w, https:\/\/i0.wp.com\/eltrabajo.cl\/portal\/wp-content\/uploads\/2017\/06\/Reclamo1.jpg?resize=400%2C240&amp;ssl=1 400w\" sizes=\"auto, (max-width: 580px) 100vw, 580px\" \/><figcaption id=\"caption-attachment-79823\" class=\"wp-caption-text\">CASI MEDIO MILL\u00d3N DE PESOS.- Don Patricio Barraza reclama a Chilquinta lo que \u00e9l considera un excesivo cobro por el servicio de electricidad.<\/figcaption><\/figure>\n<figure id=\"attachment_79825\" aria-describedby=\"caption-attachment-79825\" style=\"width: 580px\" class=\"wp-caption alignnone\"><img data-recalc-dims=\"1\" loading=\"lazy\" decoding=\"async\" class=\"size-full wp-image-79825\" src=\"https:\/\/i0.wp.com\/www.eltrabajo.cl\/2017\/wp-content\/uploads\/2017\/06\/Reclamo3.jpg?resize=580%2C348\" alt=\"EN INVESTIGACI\u00d3N.- Sernac de San Felipe ya est\u00e1 investigando este caso, a tal punto que ya fue remitido a la Superintendencia de Electricidad y Combustible (SEC).\" width=\"580\" height=\"348\" srcset=\"https:\/\/i0.wp.com\/eltrabajo.cl\/portal\/wp-content\/uploads\/2017\/06\/Reclamo3.jpg?w=580&amp;ssl=1 580w, https:\/\/i0.wp.com\/eltrabajo.cl\/portal\/wp-content\/uploads\/2017\/06\/Reclamo3.jpg?resize=200%2C120&amp;ssl=1 200w, https:\/\/i0.wp.com\/eltrabajo.cl\/portal\/wp-content\/uploads\/2017\/06\/Reclamo3.jpg?resize=300%2C180&amp;ssl=1 300w, https:\/\/i0.wp.com\/eltrabajo.cl\/portal\/wp-content\/uploads\/2017\/06\/Reclamo3.jpg?resize=250%2C150&amp;ssl=1 250w, https:\/\/i0.wp.com\/eltrabajo.cl\/portal\/wp-content\/uploads\/2017\/06\/Reclamo3.jpg?resize=400%2C240&amp;ssl=1 400w\" sizes=\"auto, (max-width: 580px) 100vw, 580px\" \/><figcaption id=\"caption-attachment-79825\" class=\"wp-caption-text\">EN INVESTIGACI\u00d3N.- Sernac de San Felipe ya est\u00e1 investigando este caso, a tal punto que ya fue remitido a la Superintendencia de Electricidad y Combustible (SEC).<\/figcaption><\/figure>\n","protected":false},"excerpt":{"rendered":"<p>Cliente espera respuestas del Sernac y de la empresa: Una compleja situaci\u00f3n es la que est\u00e1 viviendo un vecino de Villa Conjunto Almendral, don Patricio Barraza Ibacache, quien cuenta con un peque\u00f1o&#8230;<\/p>\n","protected":false},"author":1,"featured_media":79823,"comment_status":"open","ping_status":"open","sticky":false,"template":"","format":"standard","meta":{"advanced_seo_description":"","jetpack_seo_html_title":"","jetpack_seo_noindex":false,"_jetpack_memberships_contains_paid_content":false,"footnotes":""},"categories":[15],"tags":[],"class_list":["post-79821","post","type-post","status-publish","format-standard","has-post-thumbnail","hentry","category-comunidad"],"jetpack_featured_media_url":"https:\/\/i0.wp.com\/eltrabajo.cl\/portal\/wp-content\/uploads\/2017\/06\/Reclamo1.jpg?fit=580%2C348&ssl=1","jetpack_sharing_enabled":true,"jetpack_likes_enabled":true,"jetpack-related-posts":[],"_links":{"self":[{"href":"https:\/\/eltrabajo.cl\/portal\/wp-json\/wp\/v2\/posts\/79821","targetHints":{"allow":["GET"]}}],"collection":[{"href":"https:\/\/eltrabajo.cl\/portal\/wp-json\/wp\/v2\/posts"}],"about":[{"href":"https:\/\/eltrabajo.cl\/portal\/wp-json\/wp\/v2\/types\/post"}],"author":[{"embeddable":true,"href":"https:\/\/eltrabajo.cl\/portal\/wp-json\/wp\/v2\/users\/1"}],"replies":[{"embeddable":true,"href":"https:\/\/eltrabajo.cl\/portal\/wp-json\/wp\/v2\/comments?post=79821"}],"version-history":[{"count":0,"href":"https:\/\/eltrabajo.cl\/portal\/wp-json\/wp\/v2\/posts\/79821\/revisions"}],"wp:featuredmedia":[{"embeddable":true,"href":"https:\/\/eltrabajo.cl\/portal\/wp-json\/wp\/v2\/media\/79823"}],"wp:attachment":[{"href":"https:\/\/eltrabajo.cl\/portal\/wp-json\/wp\/v2\/media?parent=79821"}],"wp:term":[{"taxonomy":"category","embeddable":true,"href":"https:\/\/eltrabajo.cl\/portal\/wp-json\/wp\/v2\/categories?post=79821"},{"taxonomy":"post_tag","embeddable":true,"href":"https:\/\/eltrabajo.cl\/portal\/wp-json\/wp\/v2\/tags?post=79821"}],"curies":[{"name":"wp","href":"https:\/\/api.w.org\/{rel}","templated":true}]}}