{"id":79830,"date":"2017-06-27T06:00:24","date_gmt":"2017-06-27T10:00:24","guid":{"rendered":"http:\/\/www.eltrabajo.cl\/2017\/?p=79830"},"modified":"2017-06-27T06:00:24","modified_gmt":"2017-06-27T10:00:24","slug":"junaeb-entrego-532-computadores-a-estudiantes-de-san-felipe","status":"publish","type":"post","link":"https:\/\/eltrabajo.cl\/portal\/junaeb-entrego-532-computadores-a-estudiantes-de-san-felipe\/","title":{"rendered":"Junaeb entreg\u00f3 532 computadores a estudiantes de San Felipe"},"content":{"rendered":"<figure id=\"attachment_79831\" aria-describedby=\"caption-attachment-79831\" style=\"width: 580px\" class=\"wp-caption alignnone\"><img data-recalc-dims=\"1\" loading=\"lazy\" decoding=\"async\" class=\"size-full wp-image-79831\" src=\"https:\/\/i0.wp.com\/www.eltrabajo.cl\/2017\/wp-content\/uploads\/2017\/06\/Conecto.jpg?resize=580%2C666\" alt=\"El gobernador Eduardo Le\u00f3n entreg\u00f3 personalmente algunas de las computadoras y pulseras inteligentes, a estudiantes de nuestra comuna.\" width=\"580\" height=\"666\" srcset=\"https:\/\/i0.wp.com\/eltrabajo.cl\/portal\/wp-content\/uploads\/2017\/06\/Conecto.jpg?w=580&amp;ssl=1 580w, https:\/\/i0.wp.com\/eltrabajo.cl\/portal\/wp-content\/uploads\/2017\/06\/Conecto.jpg?resize=131%2C150&amp;ssl=1 131w, https:\/\/i0.wp.com\/eltrabajo.cl\/portal\/wp-content\/uploads\/2017\/06\/Conecto.jpg?resize=261%2C300&amp;ssl=1 261w, https:\/\/i0.wp.com\/eltrabajo.cl\/portal\/wp-content\/uploads\/2017\/06\/Conecto.jpg?resize=400%2C459&amp;ssl=1 400w\" sizes=\"auto, (max-width: 580px) 100vw, 580px\" \/><figcaption id=\"caption-attachment-79831\" class=\"wp-caption-text\">El gobernador Eduardo Le\u00f3n entreg\u00f3 personalmente algunas de las computadoras y pulseras inteligentes, a estudiantes de nuestra comuna.<\/figcaption><\/figure>\n<ul>\n<li><span style=\"color: #ff0000;\"><strong>Tambi\u00e9n la Pulsera Inteligente contra la obesidad:<\/strong><\/span><\/li>\n<\/ul>\n<p>Con una inversi\u00f3n superior a los 2.600 millones de pesos, el programa busca beneficiar a m\u00e1s de 8.000 alumnos de la regi\u00f3n. Por primera vez incluye la entrega a los estudiantes de una pulsera-reloj digital que les permitir\u00e1 monitorear su actividad f\u00edsica y consumo de calor\u00edas, como parte del Plan Contra la Obesidad Infantil, \u2018Contrapeso\u2019, que impulsa el gobierno para contribuir a reducir los alarmantes niveles de sobrepeso y obesidad que presenta nuestra poblaci\u00f3n escolar.<br \/>\nLa ceremonia de entrega de computadores se llev\u00f3 a cabo en el gimnasio del Liceo Doctor Roberto Humeres Oyaneder de la comuna de San Felipe, en donde se distribuyeron 532 computadores port\u00e1tiles, adem\u00e1s de la pulsera digital y una banda ancha m\u00f3vil gratuita por un a\u00f1o a los alumnos de s\u00e9ptimo b\u00e1sico, procedentes de establecimientos educacionales municipales de la comuna de San Felipe.<br \/>\n\u2018Me Conecto para aprender\u2019 es una iniciativa presidencial cuyo objetivo es acortar la brecha de acceso y uso de las Tecnolog\u00edas de la Informaci\u00f3n y Comunicaci\u00f3n (TIC) de los y las estudiantes de 7\u00ba b\u00e1sico de la educaci\u00f3n p\u00fablica, y de este modo apoyar los aprendizajes de las y los estudiantes de la educaci\u00f3n p\u00fablica.<br \/>\nDe esta manera, el director regional de Junaeb, Marcelo G\u00f3ngora, se refiri\u00f3 a la importancia de este programa, se\u00f1alando que la entrega de los computadores \u00abes uno de los programas m\u00e1s ic\u00f3nicos del gobierno (\u2026) el que consiste en la entrega de computadores a todos los estudiantes de s\u00e9ptimo a\u00f1o de la educaci\u00f3n municipalizada sin excepci\u00f3n de alta tecnolog\u00eda con Internet gratis, con garant\u00edas y software educativo\u00bb.<br \/>\nMientras que el gobernador de San Felipe, Eduardo Le\u00f3n, coment\u00f3 que \u00abuno de los ejes del gobierno es la reforma a la educaci\u00f3n para generar un desarrollo equitativo en todo Chile, esto se enmarca en eso. Los m\u00e1s de 1.300 computadores que se est\u00e1n entregando en la provincia de San Felipe a ni\u00f1os de la educaci\u00f3n p\u00fablica con conexi\u00f3n a Internet apuntan a \u00e9so. Pero no solamente se conectan los ni\u00f1os en su proceso educativo, tambi\u00e9n lo hacen sus familias que pueden acceder a declaraciones de impuestos, a proyectos de Sercotec, certificados del registro civil. Hoy d\u00eda el gobierno est\u00e1 avanzando muy fuerte en la agenda digital. Esto es lo que queremos: emparejar la cancha para que todas y todos avancen de igual manera y no dejar a nadie atr\u00e1s\u00bb.<\/p>\n<p><span style=\"color: #ff0000;\"><strong>PULSERA INTELIGENTE<\/strong><\/span><br \/>\nEn el contexto de la reforma educacional, Junaeb busca avanzar un paso m\u00e1s en el sistema de protecci\u00f3n social hacia los estudiantes con la puesta en marcha del Plan Contra la Obesidad Estudiantil, \u2018Contrapeso\u2019, que busca disminuir los altos \u00edndices de obesidad entre los estudiantes del pa\u00eds. Es por ello que junto a los equipos computacionales se entregar\u00e1 una pulsera-reloj que monitorea la actividad f\u00edsica contando las calor\u00edas quemadas con el ejercicio que realizan los estudiantes, cuenta los pasos recorridos, monitorea el sue\u00f1o y adem\u00e1s se puede enlazar con el celular.<br \/>\nEl alcalde de San Felipe, Patricio Freire, especific\u00f3 que \u00abagradecer al Ministerio de Educaci\u00f3n lo que ha significado esta reforma educacional donde se empareja la cancha y estos computadores llegan a la educaci\u00f3n p\u00fablica lo que es important\u00edsimo. Los s\u00e9ptimos a\u00f1os recibir\u00e1n computadores a t\u00edtulo gratuito es decir no solo le va a servir a los alumnos sino a las familias. Va a ser un instrumento de aprendizaje para los alumnos y les permitir\u00e1 por medio de internet fortalecer la conectividad\u00bb.<\/p>\n<figure id=\"attachment_79832\" aria-describedby=\"caption-attachment-79832\" style=\"width: 580px\" class=\"wp-caption alignnone\"><img data-recalc-dims=\"1\" loading=\"lazy\" decoding=\"async\" class=\"size-full wp-image-79832\" src=\"https:\/\/i0.wp.com\/www.eltrabajo.cl\/2017\/wp-content\/uploads\/2017\/06\/Conecto2.jpg?resize=580%2C349\" alt=\"La inversi\u00f3n regional del programa \u2018Me Conecto para aprender\u2019 es de $2.653.231.733, de los cuales $168.178.158 est\u00e1n destinados para la comuna de San Felipe.\" width=\"580\" height=\"349\" srcset=\"https:\/\/i0.wp.com\/eltrabajo.cl\/portal\/wp-content\/uploads\/2017\/06\/Conecto2.jpg?w=580&amp;ssl=1 580w, https:\/\/i0.wp.com\/eltrabajo.cl\/portal\/wp-content\/uploads\/2017\/06\/Conecto2.jpg?resize=200%2C120&amp;ssl=1 200w, https:\/\/i0.wp.com\/eltrabajo.cl\/portal\/wp-content\/uploads\/2017\/06\/Conecto2.jpg?resize=300%2C181&amp;ssl=1 300w, https:\/\/i0.wp.com\/eltrabajo.cl\/portal\/wp-content\/uploads\/2017\/06\/Conecto2.jpg?resize=249%2C150&amp;ssl=1 249w, https:\/\/i0.wp.com\/eltrabajo.cl\/portal\/wp-content\/uploads\/2017\/06\/Conecto2.jpg?resize=400%2C241&amp;ssl=1 400w\" sizes=\"auto, (max-width: 580px) 100vw, 580px\" \/><figcaption id=\"caption-attachment-79832\" class=\"wp-caption-text\">La inversi\u00f3n regional del programa \u2018Me Conecto para aprender\u2019 es de $2.653.231.733, de los cuales $168.178.158 est\u00e1n destinados para la comuna de San Felipe.<\/figcaption><\/figure>\n<p>&nbsp;<\/p>\n","protected":false},"excerpt":{"rendered":"<p>Tambi\u00e9n la Pulsera Inteligente contra la obesidad: Con una inversi\u00f3n superior a los 2.600 millones de pesos, el programa busca beneficiar a m\u00e1s de 8.000 alumnos de la regi\u00f3n. Por primera vez&#8230;<\/p>\n","protected":false},"author":1,"featured_media":79832,"comment_status":"open","ping_status":"open","sticky":false,"template":"","format":"standard","meta":{"advanced_seo_description":"","jetpack_seo_html_title":"","jetpack_seo_noindex":false,"_jetpack_memberships_contains_paid_content":false,"footnotes":""},"categories":[1],"tags":[],"class_list":["post-79830","post","type-post","status-publish","format-standard","has-post-thumbnail","hentry","category-cronica"],"jetpack_featured_media_url":"https:\/\/i0.wp.com\/eltrabajo.cl\/portal\/wp-content\/uploads\/2017\/06\/Conecto2.jpg?fit=580%2C349&ssl=1","jetpack_sharing_enabled":true,"jetpack_likes_enabled":true,"jetpack-related-posts":[],"_links":{"self":[{"href":"https:\/\/eltrabajo.cl\/portal\/wp-json\/wp\/v2\/posts\/79830","targetHints":{"allow":["GET"]}}],"collection":[{"href":"https:\/\/eltrabajo.cl\/portal\/wp-json\/wp\/v2\/posts"}],"about":[{"href":"https:\/\/eltrabajo.cl\/portal\/wp-json\/wp\/v2\/types\/post"}],"author":[{"embeddable":true,"href":"https:\/\/eltrabajo.cl\/portal\/wp-json\/wp\/v2\/users\/1"}],"replies":[{"embeddable":true,"href":"https:\/\/eltrabajo.cl\/portal\/wp-json\/wp\/v2\/comments?post=79830"}],"version-history":[{"count":0,"href":"https:\/\/eltrabajo.cl\/portal\/wp-json\/wp\/v2\/posts\/79830\/revisions"}],"wp:featuredmedia":[{"embeddable":true,"href":"https:\/\/eltrabajo.cl\/portal\/wp-json\/wp\/v2\/media\/79832"}],"wp:attachment":[{"href":"https:\/\/eltrabajo.cl\/portal\/wp-json\/wp\/v2\/media?parent=79830"}],"wp:term":[{"taxonomy":"category","embeddable":true,"href":"https:\/\/eltrabajo.cl\/portal\/wp-json\/wp\/v2\/categories?post=79830"},{"taxonomy":"post_tag","embeddable":true,"href":"https:\/\/eltrabajo.cl\/portal\/wp-json\/wp\/v2\/tags?post=79830"}],"curies":[{"name":"wp","href":"https:\/\/api.w.org\/{rel}","templated":true}]}}