{"id":79838,"date":"2017-06-27T06:02:14","date_gmt":"2017-06-27T10:02:14","guid":{"rendered":"http:\/\/www.eltrabajo.cl\/2017\/?p=79838"},"modified":"2017-06-27T06:02:14","modified_gmt":"2017-06-27T10:02:14","slug":"junto-a-amigos-el-flaco-gonzalez-festejo-sus-50-anos-radiales","status":"publish","type":"post","link":"https:\/\/eltrabajo.cl\/portal\/junto-a-amigos-el-flaco-gonzalez-festejo-sus-50-anos-radiales\/","title":{"rendered":"Junto a amigos \u2018El Flaco\u2019 Gonz\u00e1lez festej\u00f3 sus 50 a\u00f1os radiales"},"content":{"rendered":"<figure id=\"attachment_79839\" aria-describedby=\"caption-attachment-79839\" style=\"width: 580px\" class=\"wp-caption alignnone\"><img data-recalc-dims=\"1\" loading=\"lazy\" decoding=\"async\" class=\"size-full wp-image-79839\" src=\"https:\/\/i0.wp.com\/www.eltrabajo.cl\/2017\/wp-content\/uploads\/2017\/06\/Victor-con-amigos.jpg?resize=580%2C350\" alt=\"En la ceremonia V\u00edctor Gonz\u00e1lez fue acompa\u00f1ado por baluartes de Deportes Aconcagua como: Luis fara, Reinard Montejo, Manuel Valdez y Eugenio Cornejo.\" width=\"580\" height=\"350\" srcset=\"https:\/\/i0.wp.com\/eltrabajo.cl\/portal\/wp-content\/uploads\/2017\/06\/Victor-con-amigos.jpg?w=580&amp;ssl=1 580w, https:\/\/i0.wp.com\/eltrabajo.cl\/portal\/wp-content\/uploads\/2017\/06\/Victor-con-amigos.jpg?resize=200%2C121&amp;ssl=1 200w, https:\/\/i0.wp.com\/eltrabajo.cl\/portal\/wp-content\/uploads\/2017\/06\/Victor-con-amigos.jpg?resize=300%2C181&amp;ssl=1 300w, https:\/\/i0.wp.com\/eltrabajo.cl\/portal\/wp-content\/uploads\/2017\/06\/Victor-con-amigos.jpg?resize=249%2C150&amp;ssl=1 249w, https:\/\/i0.wp.com\/eltrabajo.cl\/portal\/wp-content\/uploads\/2017\/06\/Victor-con-amigos.jpg?resize=400%2C241&amp;ssl=1 400w\" sizes=\"auto, (max-width: 580px) 100vw, 580px\" \/><figcaption id=\"caption-attachment-79839\" class=\"wp-caption-text\">En la ceremonia V\u00edctor Gonz\u00e1lez fue acompa\u00f1ado por baluartes de Deportes Aconcagua como: Luis fara, Reinard Montejo, Manuel Valdez y Eugenio Cornejo.<\/figcaption><\/figure>\n<p>Con una cena cargada de emotividad, donde estuvieron presentes autoridades pol\u00edticas, amigos y antiguos y nuevos compa\u00f1eros de micr\u00f3fono, el destacado comunicador radial V\u00edctor Gonz\u00e1lez Figari, celebr\u00f3 su medio siglo frente al micr\u00f3fono. \u00abMiro hacia atr\u00e1s y parece que el tiempo ha pasado muy r\u00e1pido, porque recuerdo como si hubiera sido ayer que Miguel Ricardo Jury me dio la oportunidad de hablar; agradezco a todos quienes durante este tiempo han estado a mi lado, especialmente a mi familia\u00bb. Fueron parte de las emotivas palabras del querido \u2018Flaco\u2019 a una audiencia que lo escuchaba atentamente.<br \/>\nEn la ceremonia que se llev\u00f3 a cabo en un c\u00e9ntrico restor\u00e1n sanfelipe\u00f1o, V\u00edctor Gonz\u00e1lez tambi\u00e9n estuvo acompa\u00f1ado por su se\u00f1ora esposa, Rosa Madrid quien ha sido su gran apoyo durante estos 50 a\u00f1os en los que de manera ininterrumpida Gonz\u00e1lez ha entregado programaciones y resultados del deporte profesional y amateur de todo el valle de Aconcagua.<\/p>\n","protected":false},"excerpt":{"rendered":"<p>Con una cena cargada de emotividad, donde estuvieron presentes autoridades pol\u00edticas, amigos y antiguos y nuevos compa\u00f1eros de micr\u00f3fono, el destacado comunicador radial V\u00edctor Gonz\u00e1lez Figari, celebr\u00f3 su medio siglo frente al&#8230;<\/p>\n","protected":false},"author":1,"featured_media":79839,"comment_status":"open","ping_status":"open","sticky":false,"template":"","format":"standard","meta":{"advanced_seo_description":"","jetpack_seo_html_title":"","jetpack_seo_noindex":false,"_jetpack_memberships_contains_paid_content":false,"footnotes":""},"categories":[19],"tags":[],"class_list":["post-79838","post","type-post","status-publish","format-standard","has-post-thumbnail","hentry","category-deportes"],"jetpack_featured_media_url":"https:\/\/i0.wp.com\/eltrabajo.cl\/portal\/wp-content\/uploads\/2017\/06\/Victor-con-amigos.jpg?fit=580%2C350&ssl=1","jetpack_sharing_enabled":true,"jetpack_likes_enabled":true,"jetpack-related-posts":[],"_links":{"self":[{"href":"https:\/\/eltrabajo.cl\/portal\/wp-json\/wp\/v2\/posts\/79838","targetHints":{"allow":["GET"]}}],"collection":[{"href":"https:\/\/eltrabajo.cl\/portal\/wp-json\/wp\/v2\/posts"}],"about":[{"href":"https:\/\/eltrabajo.cl\/portal\/wp-json\/wp\/v2\/types\/post"}],"author":[{"embeddable":true,"href":"https:\/\/eltrabajo.cl\/portal\/wp-json\/wp\/v2\/users\/1"}],"replies":[{"embeddable":true,"href":"https:\/\/eltrabajo.cl\/portal\/wp-json\/wp\/v2\/comments?post=79838"}],"version-history":[{"count":0,"href":"https:\/\/eltrabajo.cl\/portal\/wp-json\/wp\/v2\/posts\/79838\/revisions"}],"wp:featuredmedia":[{"embeddable":true,"href":"https:\/\/eltrabajo.cl\/portal\/wp-json\/wp\/v2\/media\/79839"}],"wp:attachment":[{"href":"https:\/\/eltrabajo.cl\/portal\/wp-json\/wp\/v2\/media?parent=79838"}],"wp:term":[{"taxonomy":"category","embeddable":true,"href":"https:\/\/eltrabajo.cl\/portal\/wp-json\/wp\/v2\/categories?post=79838"},{"taxonomy":"post_tag","embeddable":true,"href":"https:\/\/eltrabajo.cl\/portal\/wp-json\/wp\/v2\/tags?post=79838"}],"curies":[{"name":"wp","href":"https:\/\/api.w.org\/{rel}","templated":true}]}}