{"id":79841,"date":"2017-06-27T06:03:14","date_gmt":"2017-06-27T10:03:14","guid":{"rendered":"http:\/\/www.eltrabajo.cl\/2017\/?p=79841"},"modified":"2017-06-27T06:03:14","modified_gmt":"2017-06-27T10:03:14","slug":"marchan-por-justicia-para-marjorie-varas-y-ley-sobre-violencia-en-el-pololeo","status":"publish","type":"post","link":"https:\/\/eltrabajo.cl\/portal\/marchan-por-justicia-para-marjorie-varas-y-ley-sobre-violencia-en-el-pololeo\/","title":{"rendered":"Marchan por justicia para Marjorie Varas y ley sobre violencia en el pololeo"},"content":{"rendered":"<figure id=\"attachment_79843\" aria-describedby=\"caption-attachment-79843\" style=\"width: 580px\" class=\"wp-caption alignnone\"><img data-recalc-dims=\"1\" loading=\"lazy\" decoding=\"async\" class=\"size-full wp-image-79843\" src=\"https:\/\/i0.wp.com\/www.eltrabajo.cl\/2017\/wp-content\/uploads\/2017\/06\/Marcha2.jpg?resize=580%2C349\" alt=\"PROFUNDO DOLOR.- Familiares de Marjorie Varas, ultimada en mayo del presente a\u00f1o.\" width=\"580\" height=\"349\" srcset=\"https:\/\/i0.wp.com\/eltrabajo.cl\/portal\/wp-content\/uploads\/2017\/06\/Marcha2.jpg?w=580&amp;ssl=1 580w, https:\/\/i0.wp.com\/eltrabajo.cl\/portal\/wp-content\/uploads\/2017\/06\/Marcha2.jpg?resize=200%2C120&amp;ssl=1 200w, https:\/\/i0.wp.com\/eltrabajo.cl\/portal\/wp-content\/uploads\/2017\/06\/Marcha2.jpg?resize=300%2C181&amp;ssl=1 300w, https:\/\/i0.wp.com\/eltrabajo.cl\/portal\/wp-content\/uploads\/2017\/06\/Marcha2.jpg?resize=249%2C150&amp;ssl=1 249w, https:\/\/i0.wp.com\/eltrabajo.cl\/portal\/wp-content\/uploads\/2017\/06\/Marcha2.jpg?resize=400%2C241&amp;ssl=1 400w\" sizes=\"auto, (max-width: 580px) 100vw, 580px\" \/><figcaption id=\"caption-attachment-79843\" class=\"wp-caption-text\">PROFUNDO DOLOR.- Familiares de Marjorie Varas, ultimada en mayo del presente a\u00f1o.<\/figcaption><\/figure>\n<p>Unas 250 personas marcharon por las calles de Llay Llay, a pesar del clima adverso este d\u00eda s\u00e1bado. La marcha tuvo su paso decorado en su trayecto por el comercio y las casas en la ruta del recorrido. Se vivieron escenas de mucho dolor ante el recuerdo de la muerte de Marjorie Varas, quien fuera ultimada en mayo del presente a\u00f1o, al interior de su casa. Sin embargo, Llay Llay dice \u2018Ni una menos\u2019. Y lo hizo en un d\u00eda fr\u00edo y amenazador. Lo hizo con su gente en las calles y sus autoridades apoyando. Lo hizo con la memoria de Marjorie y lo hizo con su ausencia. Y seg\u00fan dijeron los asistentes y organizadores, lo seguir\u00e1n haciendo, marcha tras marcha hasta tener justicia y crear conciencia.<\/p>\n<p><span style=\"color: #ff0000;\"><strong>DIDECO PRESENTE<\/strong><\/span><br \/>\nPara Carolina Gallardo, directora de Desarrollo Comunitario de Llay Llay, cada vez que sucede un hecho de estos, la sociedad se siente que han fallado los mecanismos de prevenci\u00f3n, \u00abla verdad es que en Llay Llay llevamos tres muertes, una en diciembre del a\u00f1o pasado, otra en marzo y Marjorie. Y ninguna ha sido catalogado como Femicidio, esto es un llamado a nuestros vecinos y a nuestra sociedad, a que denuncien y se sientan acompa\u00f1adas por nosotros al denunciar\u00bb.<br \/>\nPor su parte, Etelvina Cataldo, madre de Marjorie Varas Cataldo, dijo que lo peor es el nunca m\u00e1s, \u00abterrible, porque se te va. A m\u00ed se me ha ido la mitad de mi vida, uno echa de menos lo cotidiano, el vernos todos los d\u00edas. Las festividades, las celebraciones siempre juntas. Eso no ser\u00e1 nunca m\u00e1s\u00bb.<\/p>\n<p><strong><span style=\"color: #ff0000;\">FAMILIARES SUFRIENDO<\/span><\/strong><br \/>\nCesar Varas, hermano de Marjorie, dijo que la familia quiere resultados luego, para ir cerrando etapas, ya que la espera es una tortura que se ha alargado por un mes y medio.<br \/>\nPor su parte el concejal de Llay LLay, Jos\u00e9 Alfredo fuentes, dijo estar contento con la participaci\u00f3n ciudadana y que lejos de esto ser marchas espor\u00e1dicas, se ha transformado en todo un movimiento para exigir justicia, fomentar el \u2018Ni una menos\u2019 y cambiar la legislaci\u00f3n para que el Femicidio sea considerado en el pololeo tambi\u00e9n. De esa forma endurecer las penas.<br \/>\n<strong>Roberto Mercado Aced<\/strong><\/p>\n<figure id=\"attachment_79842\" aria-describedby=\"caption-attachment-79842\" style=\"width: 580px\" class=\"wp-caption alignnone\"><img data-recalc-dims=\"1\" loading=\"lazy\" decoding=\"async\" class=\"size-full wp-image-79842\" src=\"https:\/\/i0.wp.com\/www.eltrabajo.cl\/2017\/wp-content\/uploads\/2017\/06\/Marcha1.jpg?resize=580%2C349\" alt=\"NI UNA MENOS.- Cientos de llaylla\u00ednos marcharon por las calles de su comuna, exigiendo el final contra la violencia de g\u00e9nero.\" width=\"580\" height=\"349\" srcset=\"https:\/\/i0.wp.com\/eltrabajo.cl\/portal\/wp-content\/uploads\/2017\/06\/Marcha1.jpg?w=580&amp;ssl=1 580w, https:\/\/i0.wp.com\/eltrabajo.cl\/portal\/wp-content\/uploads\/2017\/06\/Marcha1.jpg?resize=200%2C120&amp;ssl=1 200w, https:\/\/i0.wp.com\/eltrabajo.cl\/portal\/wp-content\/uploads\/2017\/06\/Marcha1.jpg?resize=300%2C181&amp;ssl=1 300w, https:\/\/i0.wp.com\/eltrabajo.cl\/portal\/wp-content\/uploads\/2017\/06\/Marcha1.jpg?resize=249%2C150&amp;ssl=1 249w, https:\/\/i0.wp.com\/eltrabajo.cl\/portal\/wp-content\/uploads\/2017\/06\/Marcha1.jpg?resize=400%2C241&amp;ssl=1 400w\" sizes=\"auto, (max-width: 580px) 100vw, 580px\" \/><figcaption id=\"caption-attachment-79842\" class=\"wp-caption-text\">NI UNA MENOS.- Cientos de llaylla\u00ednos marcharon por las calles de su comuna, exigiendo el final contra la violencia de g\u00e9nero.<\/figcaption><\/figure>\n","protected":false},"excerpt":{"rendered":"<p>Unas 250 personas marcharon por las calles de Llay Llay, a pesar del clima adverso este d\u00eda s\u00e1bado. La marcha tuvo su paso decorado en su trayecto por el comercio y las&#8230;<\/p>\n","protected":false},"author":1,"featured_media":79842,"comment_status":"open","ping_status":"open","sticky":false,"template":"","format":"standard","meta":{"advanced_seo_description":"","jetpack_seo_html_title":"","jetpack_seo_noindex":false,"_jetpack_memberships_contains_paid_content":false,"footnotes":""},"categories":[15],"tags":[],"class_list":["post-79841","post","type-post","status-publish","format-standard","has-post-thumbnail","hentry","category-comunidad"],"jetpack_featured_media_url":"https:\/\/i0.wp.com\/eltrabajo.cl\/portal\/wp-content\/uploads\/2017\/06\/Marcha1.jpg?fit=580%2C349&ssl=1","jetpack_sharing_enabled":true,"jetpack_likes_enabled":true,"jetpack-related-posts":[],"_links":{"self":[{"href":"https:\/\/eltrabajo.cl\/portal\/wp-json\/wp\/v2\/posts\/79841","targetHints":{"allow":["GET"]}}],"collection":[{"href":"https:\/\/eltrabajo.cl\/portal\/wp-json\/wp\/v2\/posts"}],"about":[{"href":"https:\/\/eltrabajo.cl\/portal\/wp-json\/wp\/v2\/types\/post"}],"author":[{"embeddable":true,"href":"https:\/\/eltrabajo.cl\/portal\/wp-json\/wp\/v2\/users\/1"}],"replies":[{"embeddable":true,"href":"https:\/\/eltrabajo.cl\/portal\/wp-json\/wp\/v2\/comments?post=79841"}],"version-history":[{"count":0,"href":"https:\/\/eltrabajo.cl\/portal\/wp-json\/wp\/v2\/posts\/79841\/revisions"}],"wp:featuredmedia":[{"embeddable":true,"href":"https:\/\/eltrabajo.cl\/portal\/wp-json\/wp\/v2\/media\/79842"}],"wp:attachment":[{"href":"https:\/\/eltrabajo.cl\/portal\/wp-json\/wp\/v2\/media?parent=79841"}],"wp:term":[{"taxonomy":"category","embeddable":true,"href":"https:\/\/eltrabajo.cl\/portal\/wp-json\/wp\/v2\/categories?post=79841"},{"taxonomy":"post_tag","embeddable":true,"href":"https:\/\/eltrabajo.cl\/portal\/wp-json\/wp\/v2\/tags?post=79841"}],"curies":[{"name":"wp","href":"https:\/\/api.w.org\/{rel}","templated":true}]}}