{"id":79845,"date":"2017-06-27T06:04:22","date_gmt":"2017-06-27T10:04:22","guid":{"rendered":"http:\/\/www.eltrabajo.cl\/2017\/?p=79845"},"modified":"2017-06-27T06:04:22","modified_gmt":"2017-06-27T10:04:22","slug":"independiente-de-lo-calvo-gano-premio-fair-play-miguel-ricardo-juri-2017","status":"publish","type":"post","link":"https:\/\/eltrabajo.cl\/portal\/independiente-de-lo-calvo-gano-premio-fair-play-miguel-ricardo-juri-2017\/","title":{"rendered":"Independiente de Lo Calvo gan\u00f3 \u2018Premio Fair Play Miguel Ricardo Juri 2017\u2019"},"content":{"rendered":"<figure id=\"attachment_79848\" aria-describedby=\"caption-attachment-79848\" style=\"width: 580px\" class=\"wp-caption alignnone\"><img data-recalc-dims=\"1\" loading=\"lazy\" decoding=\"async\" class=\"size-full wp-image-79848\" src=\"https:\/\/i0.wp.com\/www.eltrabajo.cl\/2017\/wp-content\/uploads\/2017\/06\/Premio1.jpg?resize=580%2C349\" alt=\"LOS CAMPEONES.- Momentos en que el gobernador Eduardo Le\u00f3n hizo entrega de la Copa de Campeones al ganador general del torneo, Club Sargento Aldea.\" width=\"580\" height=\"349\" srcset=\"https:\/\/i0.wp.com\/eltrabajo.cl\/portal\/wp-content\/uploads\/2017\/06\/Premio1.jpg?w=580&amp;ssl=1 580w, https:\/\/i0.wp.com\/eltrabajo.cl\/portal\/wp-content\/uploads\/2017\/06\/Premio1.jpg?resize=200%2C120&amp;ssl=1 200w, https:\/\/i0.wp.com\/eltrabajo.cl\/portal\/wp-content\/uploads\/2017\/06\/Premio1.jpg?resize=300%2C181&amp;ssl=1 300w, https:\/\/i0.wp.com\/eltrabajo.cl\/portal\/wp-content\/uploads\/2017\/06\/Premio1.jpg?resize=249%2C150&amp;ssl=1 249w, https:\/\/i0.wp.com\/eltrabajo.cl\/portal\/wp-content\/uploads\/2017\/06\/Premio1.jpg?resize=400%2C241&amp;ssl=1 400w\" sizes=\"auto, (max-width: 580px) 100vw, 580px\" \/><figcaption id=\"caption-attachment-79848\" class=\"wp-caption-text\">LOS CAMPEONES.- Momentos en que el gobernador Eduardo Le\u00f3n hizo entrega de la Copa de Campeones al ganador general del torneo, Club Sargento Aldea.<\/figcaption><\/figure>\n<ul>\n<li><strong><span style=\"color: #ff0000;\">Galard\u00f3n deportivo lo recibi\u00f3 en acto de clausura del Selim Amar Pozo:<\/span>\u00a0Club Deportivo Sargento Aldea se coron\u00f3 flamante Campe\u00f3n General del Campeonato Selim Amar Pozo 2017, mientras que El Asiento gana el Grupo B del ya cl\u00e1sico certamen del f\u00fatbol amateur sanfelipe\u00f1o.<\/strong><\/li>\n<\/ul>\n<p>M\u00e1s que una cena de gala para celebrar la premiaci\u00f3n y cierre oficial del Campeonato de f\u00fatbol Selim Amar Pozo Por amor a la camiseta 2017, lo que se desarroll\u00f3 en el centro social El Negro Bueno, en Rinconada de Silva, fue un ameno encuentro de amigos y reencuentro de clubes para reafirmar cada uno su compromiso de seguir practicando este deporte y seguir con la tradici\u00f3n en el Valle de Aconcagua.<br \/>\nLuego del gran banquete ofrecido por la directiva del torneo, lleg\u00f3 el momento de entregar sacos de pelotas para cada uno de los 28 clubes que participaron, as\u00ed como las respectivas copas a los primeros lugares, sin embargo este a\u00f1o fue incorporada la categor\u00eda de Premio Fair Play, galard\u00f3n que lleva el nombre del periodista y hombre del deporte aconcag\u00fcino, don Miguel Ricardo Juri Juri, premio que se institucionalizara tras su reciente muerte.<\/p>\n<p><span style=\"color: #ff0000;\"><strong>DIRIGENTE AGRADECE<\/strong><\/span><br \/>\nA la actividad llegaron cuatro integrantes de cada club participante; la directiva completa del torneo y algunos invitados especiales como el gobernador Eduardo Le\u00f3n y el periodista y director de Diario El Trabajo, Marco Antonio Juri.<br \/>\n\u00abEste campeonato inici\u00f3 el 29 de enero de este a\u00f1o con siete grupos de cuatro; fueron doce fechas en dos fases, finalmente los resultados son: Campe\u00f3n de Grupo A es Uni\u00f3n Sargento Aldea y el 2\u00ba lugar Club San Pedro de Rinconada de Los Andes, en el Grupo B el campe\u00f3n es El Asiento y en segundo lugar Club A\u00e9reo de San Rafael en representaci\u00f3n de Calle Larga, o sea, el campe\u00f3n general este a\u00f1o es el Uni\u00f3n Sargento Aldea\u00bb, inform\u00f3 a nuestro medio el presidente del torneo, Cristian Colarte Riquelme.<br \/>\nEste directivo puso \u00e9nfasis en agradecer la gesti\u00f3n de Jorge Vega (El Trabajo Deportes), del gobernador Eduardo Le\u00f3n y los alcaldes Claudio Zurita de Santa Mar\u00eda y Patricio Freire de San Felipe, quienes a su juicio ayudaron de gran manera para que este torneo creciera en proyecci\u00f3n e intensidad.<\/p>\n<p><strong><span style=\"color: #ff0000;\">PREMIO FAIR PLAY<\/span><\/strong><br \/>\n\u00abFue el Club Independiente de Lo Calvo, de San Esteban, el que este a\u00f1o gan\u00f3 el Premio Fair Play Miguel Ricardo Juri 2017, significando para este cuadro deportivo gran importancia, pues durante dos a\u00f1os a este club se le suspendi\u00f3 de todo torneo, cumpli\u00f3 la sanci\u00f3n y ahora llegaron demostrando que s\u00ed se puede mejorar, por otra parte tambi\u00e9n agradezco a la gran hinchada de estos clubes, a sus jugadores y dirigentes\u00bb, agreg\u00f3 Colarte.<br \/>\nPor su parte el director de Diario El Trabajo, Marco Antonio Juri, coment\u00f3 minutos despu\u00e9s de hacer entrega del premio que lleva el nombre de su padre: \u00abPara nosotros es una doble satisfacci\u00f3n entregar este premio, porque por un lado se nos permite ser parte de este torneo que r\u00e1pidamente se ha convertido en uno de los m\u00e1s importantes del f\u00fatbol amateur local, y por otro lado se distingue a un club que realmente se lo merece, en una votaci\u00f3n que entiendo fue un\u00e1nime para Independiente de Lo Calvo, club que estuvo complicado por una situaci\u00f3n negativa ocurrida hace un par de a\u00f1os, que les signific\u00f3 un severo castigo y que con su ejemplo hacen carne aquello de que todos podemos cambiar, que todos merecemos una segunda oportunidad. Me parece realmente extraordinario. Adem\u00e1s este premio al Fair Play representa en gran medida lo que fue nuestro padre, lo que nos ense\u00f1\u00f3 con su ejemplo, de hacer siempre lo correcto, no importa si eso te perjudica o no, pero hacer lo correcto, jugar limpio, aceptando las reglas del juego. Nuestro padre fue ante todo, eso, un hombre que hizo siempre lo correcto y eso queremos destacarlo y honrarlo con este premio\u00bb.<br \/>\nPablo Retamales, directivo del Club Independiente de Lo Calvo, tras recibir el Premio Fair Play Miguel Ricardo Juri 2017, coment\u00f3 a nuestro medio que \u00abno vemos la sanci\u00f3n que cumplimos como un castigo, se sufri\u00f3 mucho en estos dos a\u00f1os, pero regresamos para reafirmar nuestra calidad humana y de juego, so\u00f1amos llegar a las Ligas Mayores y por eso es que el recibir este premio al Fair Play nos fortalece para seguir jugando mejor cada d\u00eda\u00bb.<\/p>\n<p><span style=\"color: #ff0000;\"><strong>LOS CAMPEONES<\/strong><\/span><br \/>\nPor su parte el director del Campe\u00f3n General del Torneo, F\u00e9lix Maul\u00e9n Matamoros, del Club Sargento Aldea, coment\u00f3 a nuestro medio que \u00abestoy muy pero muy agradecido con mis jugadores, con la fiel hinchada y con todo el equipo organizador de este torneo, no me alcanzan las palabras para mencionarlos a todos, as\u00ed que un enorme Gracias para nuestra gran familia deportiva, es la primera vez que ganamos este torneo\u00bb.<br \/>\n<strong>Roberto Gonz\u00e1lez Short<\/strong><br \/>\n<strong>ENVIADO ESPECIAL<\/strong><\/p>\n<figure id=\"attachment_79846\" aria-describedby=\"caption-attachment-79846\" style=\"width: 580px\" class=\"wp-caption alignnone\"><img data-recalc-dims=\"1\" loading=\"lazy\" decoding=\"async\" class=\"size-full wp-image-79846\" src=\"https:\/\/i0.wp.com\/www.eltrabajo.cl\/2017\/wp-content\/uploads\/2017\/06\/Premio_Bernardo-Reyes.jpg?resize=580%2C770\" alt=\"Bernardo Reyes recibi\u00f3 premio 50 a\u00f1os como futbolista.\" width=\"580\" height=\"770\" srcset=\"https:\/\/i0.wp.com\/eltrabajo.cl\/portal\/wp-content\/uploads\/2017\/06\/Premio_Bernardo-Reyes.jpg?w=580&amp;ssl=1 580w, https:\/\/i0.wp.com\/eltrabajo.cl\/portal\/wp-content\/uploads\/2017\/06\/Premio_Bernardo-Reyes.jpg?resize=113%2C150&amp;ssl=1 113w, https:\/\/i0.wp.com\/eltrabajo.cl\/portal\/wp-content\/uploads\/2017\/06\/Premio_Bernardo-Reyes.jpg?resize=226%2C300&amp;ssl=1 226w, https:\/\/i0.wp.com\/eltrabajo.cl\/portal\/wp-content\/uploads\/2017\/06\/Premio_Bernardo-Reyes.jpg?resize=400%2C531&amp;ssl=1 400w\" sizes=\"auto, (max-width: 580px) 100vw, 580px\" \/><figcaption id=\"caption-attachment-79846\" class=\"wp-caption-text\">Bernardo Reyes recibi\u00f3 premio 50 a\u00f1os como futbolista.<\/figcaption><\/figure>\n<figure id=\"attachment_79847\" aria-describedby=\"caption-attachment-79847\" style=\"width: 580px\" class=\"wp-caption alignnone\"><img data-recalc-dims=\"1\" loading=\"lazy\" decoding=\"async\" class=\"size-full wp-image-79847\" src=\"https:\/\/i0.wp.com\/www.eltrabajo.cl\/2017\/wp-content\/uploads\/2017\/06\/Premio_Principal.jpg?resize=580%2C350\" alt=\"FAMILIA DEPORTIVA.- Aqu\u00ed tenemos a gran parte de los directivos que dieron vida al Torneo Selim Amar Pozo por amor a la camiseta 2017.\" width=\"580\" height=\"350\" srcset=\"https:\/\/i0.wp.com\/eltrabajo.cl\/portal\/wp-content\/uploads\/2017\/06\/Premio_Principal.jpg?w=580&amp;ssl=1 580w, https:\/\/i0.wp.com\/eltrabajo.cl\/portal\/wp-content\/uploads\/2017\/06\/Premio_Principal.jpg?resize=200%2C121&amp;ssl=1 200w, https:\/\/i0.wp.com\/eltrabajo.cl\/portal\/wp-content\/uploads\/2017\/06\/Premio_Principal.jpg?resize=300%2C181&amp;ssl=1 300w, https:\/\/i0.wp.com\/eltrabajo.cl\/portal\/wp-content\/uploads\/2017\/06\/Premio_Principal.jpg?resize=249%2C150&amp;ssl=1 249w, https:\/\/i0.wp.com\/eltrabajo.cl\/portal\/wp-content\/uploads\/2017\/06\/Premio_Principal.jpg?resize=400%2C241&amp;ssl=1 400w\" sizes=\"auto, (max-width: 580px) 100vw, 580px\" \/><figcaption id=\"caption-attachment-79847\" class=\"wp-caption-text\">FAMILIA DEPORTIVA.- Aqu\u00ed tenemos a gran parte de los directivos que dieron vida al Torneo Selim Amar Pozo por amor a la camiseta 2017.<\/figcaption><\/figure>\n<figure id=\"attachment_79849\" aria-describedby=\"caption-attachment-79849\" style=\"width: 580px\" class=\"wp-caption alignnone\"><img data-recalc-dims=\"1\" loading=\"lazy\" decoding=\"async\" class=\"size-full wp-image-79849\" src=\"https:\/\/i0.wp.com\/www.eltrabajo.cl\/2017\/wp-content\/uploads\/2017\/06\/Premio2.jpg?resize=580%2C349\" alt=\"PREMIO FAIR PLAY.- Don Pablo Retamales recibi\u00f3 con gran alegr\u00eda el Premio Fair Play Miguel Ricardo Juri 2017, tras ser los m\u00e1s aplicados en el Juego Limpio durante el torneo.\" width=\"580\" height=\"349\" srcset=\"https:\/\/i0.wp.com\/eltrabajo.cl\/portal\/wp-content\/uploads\/2017\/06\/Premio2.jpg?w=580&amp;ssl=1 580w, https:\/\/i0.wp.com\/eltrabajo.cl\/portal\/wp-content\/uploads\/2017\/06\/Premio2.jpg?resize=200%2C120&amp;ssl=1 200w, https:\/\/i0.wp.com\/eltrabajo.cl\/portal\/wp-content\/uploads\/2017\/06\/Premio2.jpg?resize=300%2C181&amp;ssl=1 300w, https:\/\/i0.wp.com\/eltrabajo.cl\/portal\/wp-content\/uploads\/2017\/06\/Premio2.jpg?resize=249%2C150&amp;ssl=1 249w, https:\/\/i0.wp.com\/eltrabajo.cl\/portal\/wp-content\/uploads\/2017\/06\/Premio2.jpg?resize=400%2C241&amp;ssl=1 400w\" sizes=\"auto, (max-width: 580px) 100vw, 580px\" \/><figcaption id=\"caption-attachment-79849\" class=\"wp-caption-text\">PREMIO FAIR PLAY.- Don Pablo Retamales recibi\u00f3 con gran alegr\u00eda el Premio Fair Play Miguel Ricardo Juri 2017, tras ser los m\u00e1s aplicados en el Juego Limpio durante el torneo.<\/figcaption><\/figure>\n<figure id=\"attachment_79850\" aria-describedby=\"caption-attachment-79850\" style=\"width: 580px\" class=\"wp-caption alignnone\"><img data-recalc-dims=\"1\" loading=\"lazy\" decoding=\"async\" class=\"size-full wp-image-79850\" src=\"https:\/\/i0.wp.com\/www.eltrabajo.cl\/2017\/wp-content\/uploads\/2017\/06\/Premio3.jpg?resize=580%2C349\" alt=\"LA DIRECTIVA.- Esta es la directiva del Campeonato de f\u00fatbol Selim Amar Pozo Por amor a la camiseta 2017.\" width=\"580\" height=\"349\" srcset=\"https:\/\/i0.wp.com\/eltrabajo.cl\/portal\/wp-content\/uploads\/2017\/06\/Premio3.jpg?w=580&amp;ssl=1 580w, https:\/\/i0.wp.com\/eltrabajo.cl\/portal\/wp-content\/uploads\/2017\/06\/Premio3.jpg?resize=200%2C120&amp;ssl=1 200w, https:\/\/i0.wp.com\/eltrabajo.cl\/portal\/wp-content\/uploads\/2017\/06\/Premio3.jpg?resize=300%2C181&amp;ssl=1 300w, https:\/\/i0.wp.com\/eltrabajo.cl\/portal\/wp-content\/uploads\/2017\/06\/Premio3.jpg?resize=249%2C150&amp;ssl=1 249w, https:\/\/i0.wp.com\/eltrabajo.cl\/portal\/wp-content\/uploads\/2017\/06\/Premio3.jpg?resize=400%2C241&amp;ssl=1 400w\" sizes=\"auto, (max-width: 580px) 100vw, 580px\" \/><figcaption id=\"caption-attachment-79850\" class=\"wp-caption-text\">LA DIRECTIVA.- Esta es la directiva del Campeonato de f\u00fatbol Selim Amar Pozo Por amor a la camiseta 2017.<\/figcaption><\/figure>\n<figure id=\"attachment_79851\" aria-describedby=\"caption-attachment-79851\" style=\"width: 580px\" class=\"wp-caption alignnone\"><img data-recalc-dims=\"1\" loading=\"lazy\" decoding=\"async\" class=\"size-full wp-image-79851\" src=\"https:\/\/i0.wp.com\/www.eltrabajo.cl\/2017\/wp-content\/uploads\/2017\/06\/Premio4.jpg?resize=580%2C688\" alt=\"AL MEJOR JUEGO LIMPIO.- Este es el Premio Fair Play Miguel Ricardo Juri 2017.\" width=\"580\" height=\"688\" srcset=\"https:\/\/i0.wp.com\/eltrabajo.cl\/portal\/wp-content\/uploads\/2017\/06\/Premio4.jpg?w=580&amp;ssl=1 580w, https:\/\/i0.wp.com\/eltrabajo.cl\/portal\/wp-content\/uploads\/2017\/06\/Premio4.jpg?resize=126%2C150&amp;ssl=1 126w, https:\/\/i0.wp.com\/eltrabajo.cl\/portal\/wp-content\/uploads\/2017\/06\/Premio4.jpg?resize=253%2C300&amp;ssl=1 253w, https:\/\/i0.wp.com\/eltrabajo.cl\/portal\/wp-content\/uploads\/2017\/06\/Premio4.jpg?resize=400%2C474&amp;ssl=1 400w\" sizes=\"auto, (max-width: 580px) 100vw, 580px\" \/><figcaption id=\"caption-attachment-79851\" class=\"wp-caption-text\">AL MEJOR JUEGO LIMPIO.- Este es el Premio Fair Play Miguel Ricardo Juri 2017.<\/figcaption><\/figure>\n<figure id=\"attachment_79852\" aria-describedby=\"caption-attachment-79852\" style=\"width: 580px\" class=\"wp-caption alignnone\"><img data-recalc-dims=\"1\" loading=\"lazy\" decoding=\"async\" class=\"size-full wp-image-79852\" src=\"https:\/\/i0.wp.com\/www.eltrabajo.cl\/2017\/wp-content\/uploads\/2017\/06\/Premio5.jpg?resize=580%2C719\" alt=\"TREMENDA COPA.- Orgullosos con esta copa, los directivos del equipo campe\u00f3n Club Sargento Aldea, posan para las c\u00e1maras de Diario El Trabajo.\" width=\"580\" height=\"719\" srcset=\"https:\/\/i0.wp.com\/eltrabajo.cl\/portal\/wp-content\/uploads\/2017\/06\/Premio5.jpg?w=580&amp;ssl=1 580w, https:\/\/i0.wp.com\/eltrabajo.cl\/portal\/wp-content\/uploads\/2017\/06\/Premio5.jpg?resize=121%2C150&amp;ssl=1 121w, https:\/\/i0.wp.com\/eltrabajo.cl\/portal\/wp-content\/uploads\/2017\/06\/Premio5.jpg?resize=242%2C300&amp;ssl=1 242w, https:\/\/i0.wp.com\/eltrabajo.cl\/portal\/wp-content\/uploads\/2017\/06\/Premio5.jpg?resize=400%2C496&amp;ssl=1 400w\" sizes=\"auto, (max-width: 580px) 100vw, 580px\" \/><figcaption id=\"caption-attachment-79852\" class=\"wp-caption-text\">TREMENDA COPA.- Orgullosos con esta copa, los directivos del equipo campe\u00f3n Club Sargento Aldea, posan para las c\u00e1maras de Diario El Trabajo.<\/figcaption><\/figure>\n<figure id=\"attachment_79853\" aria-describedby=\"caption-attachment-79853\" style=\"width: 580px\" class=\"wp-caption alignnone\"><img data-recalc-dims=\"1\" loading=\"lazy\" decoding=\"async\" class=\"size-full wp-image-79853\" src=\"https:\/\/i0.wp.com\/www.eltrabajo.cl\/2017\/wp-content\/uploads\/2017\/06\/Premio6.jpg?resize=580%2C349\" alt=\"CAMPEONES DEL GRUPO B.- Los campeones del Grupo B, Club Deportivo El Asiento, recibiendo su merecida copa.\" width=\"580\" height=\"349\" srcset=\"https:\/\/i0.wp.com\/eltrabajo.cl\/portal\/wp-content\/uploads\/2017\/06\/Premio6.jpg?w=580&amp;ssl=1 580w, https:\/\/i0.wp.com\/eltrabajo.cl\/portal\/wp-content\/uploads\/2017\/06\/Premio6.jpg?resize=200%2C120&amp;ssl=1 200w, https:\/\/i0.wp.com\/eltrabajo.cl\/portal\/wp-content\/uploads\/2017\/06\/Premio6.jpg?resize=300%2C181&amp;ssl=1 300w, https:\/\/i0.wp.com\/eltrabajo.cl\/portal\/wp-content\/uploads\/2017\/06\/Premio6.jpg?resize=249%2C150&amp;ssl=1 249w, https:\/\/i0.wp.com\/eltrabajo.cl\/portal\/wp-content\/uploads\/2017\/06\/Premio6.jpg?resize=400%2C241&amp;ssl=1 400w\" sizes=\"auto, (max-width: 580px) 100vw, 580px\" \/><figcaption id=\"caption-attachment-79853\" class=\"wp-caption-text\">CAMPEONES DEL GRUPO B.- Los campeones del Grupo B, Club Deportivo El Asiento, recibiendo su merecida copa.<\/figcaption><\/figure>\n<figure id=\"attachment_79854\" aria-describedby=\"caption-attachment-79854\" style=\"width: 580px\" class=\"wp-caption alignnone\"><img data-recalc-dims=\"1\" loading=\"lazy\" decoding=\"async\" class=\"size-full wp-image-79854\" src=\"https:\/\/i0.wp.com\/www.eltrabajo.cl\/2017\/wp-content\/uploads\/2017\/06\/Premios_Cristian-Colarte-Riquelme.jpg?resize=580%2C557\" alt=\"Presidente del torneo, Cristian Colarte Riquelme.\" width=\"580\" height=\"557\" srcset=\"https:\/\/i0.wp.com\/eltrabajo.cl\/portal\/wp-content\/uploads\/2017\/06\/Premios_Cristian-Colarte-Riquelme.jpg?w=580&amp;ssl=1 580w, https:\/\/i0.wp.com\/eltrabajo.cl\/portal\/wp-content\/uploads\/2017\/06\/Premios_Cristian-Colarte-Riquelme.jpg?resize=156%2C150&amp;ssl=1 156w, https:\/\/i0.wp.com\/eltrabajo.cl\/portal\/wp-content\/uploads\/2017\/06\/Premios_Cristian-Colarte-Riquelme.jpg?resize=300%2C288&amp;ssl=1 300w, https:\/\/i0.wp.com\/eltrabajo.cl\/portal\/wp-content\/uploads\/2017\/06\/Premios_Cristian-Colarte-Riquelme.jpg?resize=400%2C384&amp;ssl=1 400w\" sizes=\"auto, (max-width: 580px) 100vw, 580px\" \/><figcaption id=\"caption-attachment-79854\" class=\"wp-caption-text\">Presidente del torneo, Cristian Colarte Riquelme.<\/figcaption><\/figure>\n<figure id=\"attachment_79855\" aria-describedby=\"caption-attachment-79855\" style=\"width: 580px\" class=\"wp-caption alignnone\"><img data-recalc-dims=\"1\" loading=\"lazy\" decoding=\"async\" class=\"size-full wp-image-79855\" src=\"https:\/\/i0.wp.com\/www.eltrabajo.cl\/2017\/wp-content\/uploads\/2017\/06\/Premios_Felix-Maulen-Matamoros.jpg?resize=580%2C599\" alt=\"Director del Campe\u00f3n del Torneo, F\u00e9lix Maul\u00e9n Matamoros.\" width=\"580\" height=\"599\" srcset=\"https:\/\/i0.wp.com\/eltrabajo.cl\/portal\/wp-content\/uploads\/2017\/06\/Premios_Felix-Maulen-Matamoros.jpg?w=580&amp;ssl=1 580w, https:\/\/i0.wp.com\/eltrabajo.cl\/portal\/wp-content\/uploads\/2017\/06\/Premios_Felix-Maulen-Matamoros.jpg?resize=145%2C150&amp;ssl=1 145w, https:\/\/i0.wp.com\/eltrabajo.cl\/portal\/wp-content\/uploads\/2017\/06\/Premios_Felix-Maulen-Matamoros.jpg?resize=290%2C300&amp;ssl=1 290w, https:\/\/i0.wp.com\/eltrabajo.cl\/portal\/wp-content\/uploads\/2017\/06\/Premios_Felix-Maulen-Matamoros.jpg?resize=400%2C413&amp;ssl=1 400w\" sizes=\"auto, (max-width: 580px) 100vw, 580px\" \/><figcaption id=\"caption-attachment-79855\" class=\"wp-caption-text\">Director del Campe\u00f3n del Torneo, F\u00e9lix Maul\u00e9n Matamoros.<\/figcaption><\/figure>\n","protected":false},"excerpt":{"rendered":"<p>Galard\u00f3n deportivo lo recibi\u00f3 en acto de clausura del Selim Amar Pozo:\u00a0Club Deportivo Sargento Aldea se coron\u00f3 flamante Campe\u00f3n General del Campeonato Selim Amar Pozo 2017, mientras que El Asiento gana el&#8230;<\/p>\n","protected":false},"author":1,"featured_media":79849,"comment_status":"open","ping_status":"open","sticky":false,"template":"","format":"standard","meta":{"advanced_seo_description":"","jetpack_seo_html_title":"","jetpack_seo_noindex":false,"_jetpack_memberships_contains_paid_content":false,"footnotes":""},"categories":[15],"tags":[],"class_list":["post-79845","post","type-post","status-publish","format-standard","has-post-thumbnail","hentry","category-comunidad"],"jetpack_featured_media_url":"https:\/\/i0.wp.com\/eltrabajo.cl\/portal\/wp-content\/uploads\/2017\/06\/Premio2.jpg?fit=580%2C349&ssl=1","jetpack_sharing_enabled":true,"jetpack_likes_enabled":true,"jetpack-related-posts":[],"_links":{"self":[{"href":"https:\/\/eltrabajo.cl\/portal\/wp-json\/wp\/v2\/posts\/79845","targetHints":{"allow":["GET"]}}],"collection":[{"href":"https:\/\/eltrabajo.cl\/portal\/wp-json\/wp\/v2\/posts"}],"about":[{"href":"https:\/\/eltrabajo.cl\/portal\/wp-json\/wp\/v2\/types\/post"}],"author":[{"embeddable":true,"href":"https:\/\/eltrabajo.cl\/portal\/wp-json\/wp\/v2\/users\/1"}],"replies":[{"embeddable":true,"href":"https:\/\/eltrabajo.cl\/portal\/wp-json\/wp\/v2\/comments?post=79845"}],"version-history":[{"count":0,"href":"https:\/\/eltrabajo.cl\/portal\/wp-json\/wp\/v2\/posts\/79845\/revisions"}],"wp:featuredmedia":[{"embeddable":true,"href":"https:\/\/eltrabajo.cl\/portal\/wp-json\/wp\/v2\/media\/79849"}],"wp:attachment":[{"href":"https:\/\/eltrabajo.cl\/portal\/wp-json\/wp\/v2\/media?parent=79845"}],"wp:term":[{"taxonomy":"category","embeddable":true,"href":"https:\/\/eltrabajo.cl\/portal\/wp-json\/wp\/v2\/categories?post=79845"},{"taxonomy":"post_tag","embeddable":true,"href":"https:\/\/eltrabajo.cl\/portal\/wp-json\/wp\/v2\/tags?post=79845"}],"curies":[{"name":"wp","href":"https:\/\/api.w.org\/{rel}","templated":true}]}}