{"id":79860,"date":"2017-06-28T06:00:27","date_gmt":"2017-06-28T10:00:27","guid":{"rendered":"http:\/\/www.eltrabajo.cl\/2017\/?p=79860"},"modified":"2017-06-28T06:00:27","modified_gmt":"2017-06-28T10:00:27","slug":"ministra-de-salud-cumplira-hoy-nutrida-agenda-en-el-valle-de-aconcagua","status":"publish","type":"post","link":"https:\/\/eltrabajo.cl\/portal\/ministra-de-salud-cumplira-hoy-nutrida-agenda-en-el-valle-de-aconcagua\/","title":{"rendered":"Ministra de Salud cumplir\u00e1 hoy nutrida agenda en el Valle de Aconcagua"},"content":{"rendered":"<figure id=\"attachment_79862\" aria-describedby=\"caption-attachment-79862\" style=\"width: 580px\" class=\"wp-caption alignnone\"><img data-recalc-dims=\"1\" loading=\"lazy\" decoding=\"async\" class=\"size-full wp-image-79862\" src=\"https:\/\/i0.wp.com\/www.eltrabajo.cl\/2017\/wp-content\/uploads\/2017\/06\/vilma-olave.jpg?resize=580%2C349\" alt=\"Directora del Servicio de Saluda Aconcagua, SSA, Dra. Vilma Olave.\" width=\"580\" height=\"349\" srcset=\"https:\/\/i0.wp.com\/eltrabajo.cl\/portal\/wp-content\/uploads\/2017\/06\/vilma-olave.jpg?w=580&amp;ssl=1 580w, https:\/\/i0.wp.com\/eltrabajo.cl\/portal\/wp-content\/uploads\/2017\/06\/vilma-olave.jpg?resize=200%2C120&amp;ssl=1 200w, https:\/\/i0.wp.com\/eltrabajo.cl\/portal\/wp-content\/uploads\/2017\/06\/vilma-olave.jpg?resize=300%2C181&amp;ssl=1 300w, https:\/\/i0.wp.com\/eltrabajo.cl\/portal\/wp-content\/uploads\/2017\/06\/vilma-olave.jpg?resize=249%2C150&amp;ssl=1 249w, https:\/\/i0.wp.com\/eltrabajo.cl\/portal\/wp-content\/uploads\/2017\/06\/vilma-olave.jpg?resize=400%2C241&amp;ssl=1 400w\" sizes=\"auto, (max-width: 580px) 100vw, 580px\" \/><figcaption id=\"caption-attachment-79862\" class=\"wp-caption-text\">Directora del Servicio de Saluda Aconcagua, SSA, Dra. Vilma Olave.<\/figcaption><\/figure>\n<ul>\n<li><span style=\"color: #ff0000;\"><strong>Dra. Carmen Castillo inaugurar\u00e1 Cecosf Las Coimas:<\/strong><\/span><\/li>\n<\/ul>\n<p>La Ministra de Salud, Dra. Carmen Castillo, visitar\u00e1 hoy el Valle de Aconcagua y desarrollar\u00e1 una intensa agenda en distintas comunas de las provincias de Los Andes y San Felipe, donde podr\u00e1 constatar el cumplimiento de las distintas pol\u00edticas p\u00fablicas de salud, ejecutadas durante el actual Gobierno de la Presidenta Michelle Bachelet.<br \/>\nAs\u00ed lo dio a conocer la Directora del Servicio de Saluda Aconcagua, SSA, Dra. Vilma Olave, quien detall\u00f3 cu\u00e1les son las actividades programadas para la visita de la Ministra Castillo: \u201cLa agenda comienza temprano con una visita al Cesfam Cordillera Andina (Los Andes), para entregar el sello buen trato, que es un programa especial, en el cual ha sido destacado este centro. Posteriormente estaremos en la inauguraci\u00f3n del Cecosf (Centro Comunitario de Salud Familiar) Las Coimas en Putaendo; luego se va a firmar un convenio con los alcaldes de Calle Larga y San Felipe, este convenio es un proyecto de equidad que se va a realizar en este servicio y es un piloto nacional; y finalmente cerraremos el d\u00eda con el lanzamiento de un libro referido al doctor Hip\u00f3lito Vergara\u201d, expuso Olave.<br \/>\nSeg\u00fan la facultativa, la visita de la Ministra pone de manifiesto que \u201cel Gobierno de la Presidenta Bachelet est\u00e1 presente permanentemente en todas las pol\u00edticas de salud que se aplican en la zona\u201d, destac\u00f3, agregando que \u201cnuestro servicio (SSA) ha estado constantemente rindiendo cuenta de todo el cumplimiento del programa de Gobierno, tanto en temas de infraestructura, como en el fortalecimiento de la atenci\u00f3n primaria, el reforzamiento de la atenci\u00f3n odontol\u00f3gica, el aumento en la dotaci\u00f3n de m\u00e9dicos y profesionales y el incremento de la formaci\u00f3n de especialistas\u201d, sostuvo Olave.<br \/>\nRespecto de la importancia que tienen este tipo de visitas para la comunidad aconcag\u00fcina y, particularmente, para el SSA, su directora manifest\u00f3 que \u201csiempre es un orgullo darle la bienvenida a la Ministra en el que fue su Servicio de Salud\u201d, as\u00ed como tambi\u00e9n es relevante \u2013seg\u00fan dijo- mostrarle los avances y logros que est\u00e1 experimentando el SSA.<\/p>\n<figure id=\"attachment_79861\" aria-describedby=\"caption-attachment-79861\" style=\"width: 580px\" class=\"wp-caption alignnone\"><img data-recalc-dims=\"1\" loading=\"lazy\" decoding=\"async\" class=\"size-full wp-image-79861\" src=\"https:\/\/i0.wp.com\/www.eltrabajo.cl\/2017\/wp-content\/uploads\/2017\/06\/carmen-castillo.jpg?resize=580%2C349\" alt=\"La Ministra de Salud, Dra. Carmen Castillo, tambi\u00e9n fue directora del Servicio de Salud Aconcagua. \" width=\"580\" height=\"349\" srcset=\"https:\/\/i0.wp.com\/eltrabajo.cl\/portal\/wp-content\/uploads\/2017\/06\/carmen-castillo.jpg?w=580&amp;ssl=1 580w, https:\/\/i0.wp.com\/eltrabajo.cl\/portal\/wp-content\/uploads\/2017\/06\/carmen-castillo.jpg?resize=200%2C120&amp;ssl=1 200w, https:\/\/i0.wp.com\/eltrabajo.cl\/portal\/wp-content\/uploads\/2017\/06\/carmen-castillo.jpg?resize=300%2C181&amp;ssl=1 300w, https:\/\/i0.wp.com\/eltrabajo.cl\/portal\/wp-content\/uploads\/2017\/06\/carmen-castillo.jpg?resize=249%2C150&amp;ssl=1 249w, https:\/\/i0.wp.com\/eltrabajo.cl\/portal\/wp-content\/uploads\/2017\/06\/carmen-castillo.jpg?resize=400%2C241&amp;ssl=1 400w\" sizes=\"auto, (max-width: 580px) 100vw, 580px\" \/><figcaption id=\"caption-attachment-79861\" class=\"wp-caption-text\">La Ministra de Salud, Dra. Carmen Castillo, tambi\u00e9n fue directora del Servicio de Salud Aconcagua.<\/figcaption><\/figure>\n","protected":false},"excerpt":{"rendered":"<p>Dra. Carmen Castillo inaugurar\u00e1 Cecosf Las Coimas: La Ministra de Salud, Dra. Carmen Castillo, visitar\u00e1 hoy el Valle de Aconcagua y desarrollar\u00e1 una intensa agenda en distintas comunas de las provincias de&#8230;<\/p>\n","protected":false},"author":1,"featured_media":79861,"comment_status":"open","ping_status":"open","sticky":false,"template":"","format":"standard","meta":{"advanced_seo_description":"","jetpack_seo_html_title":"","jetpack_seo_noindex":false,"_jetpack_memberships_contains_paid_content":false,"footnotes":""},"categories":[1],"tags":[],"class_list":["post-79860","post","type-post","status-publish","format-standard","has-post-thumbnail","hentry","category-cronica"],"jetpack_featured_media_url":"https:\/\/i0.wp.com\/eltrabajo.cl\/portal\/wp-content\/uploads\/2017\/06\/carmen-castillo.jpg?fit=580%2C349&ssl=1","jetpack_sharing_enabled":true,"jetpack_likes_enabled":true,"jetpack-related-posts":[],"_links":{"self":[{"href":"https:\/\/eltrabajo.cl\/portal\/wp-json\/wp\/v2\/posts\/79860","targetHints":{"allow":["GET"]}}],"collection":[{"href":"https:\/\/eltrabajo.cl\/portal\/wp-json\/wp\/v2\/posts"}],"about":[{"href":"https:\/\/eltrabajo.cl\/portal\/wp-json\/wp\/v2\/types\/post"}],"author":[{"embeddable":true,"href":"https:\/\/eltrabajo.cl\/portal\/wp-json\/wp\/v2\/users\/1"}],"replies":[{"embeddable":true,"href":"https:\/\/eltrabajo.cl\/portal\/wp-json\/wp\/v2\/comments?post=79860"}],"version-history":[{"count":0,"href":"https:\/\/eltrabajo.cl\/portal\/wp-json\/wp\/v2\/posts\/79860\/revisions"}],"wp:featuredmedia":[{"embeddable":true,"href":"https:\/\/eltrabajo.cl\/portal\/wp-json\/wp\/v2\/media\/79861"}],"wp:attachment":[{"href":"https:\/\/eltrabajo.cl\/portal\/wp-json\/wp\/v2\/media?parent=79860"}],"wp:term":[{"taxonomy":"category","embeddable":true,"href":"https:\/\/eltrabajo.cl\/portal\/wp-json\/wp\/v2\/categories?post=79860"},{"taxonomy":"post_tag","embeddable":true,"href":"https:\/\/eltrabajo.cl\/portal\/wp-json\/wp\/v2\/tags?post=79860"}],"curies":[{"name":"wp","href":"https:\/\/api.w.org\/{rel}","templated":true}]}}