{"id":79864,"date":"2017-06-28T06:01:14","date_gmt":"2017-06-28T10:01:14","guid":{"rendered":"http:\/\/www.eltrabajo.cl\/2017\/?p=79864"},"modified":"2017-06-28T06:01:14","modified_gmt":"2017-06-28T10:01:14","slug":"el-prat-presentara-queja-por-actuacion-de-arbitros-en-duelo-con-sportiva","status":"publish","type":"post","link":"https:\/\/eltrabajo.cl\/portal\/el-prat-presentara-queja-por-actuacion-de-arbitros-en-duelo-con-sportiva\/","title":{"rendered":"El Prat presentar\u00e1 queja por actuaci\u00f3n de \u00e1rbitros en duelo con Sportiva"},"content":{"rendered":"<figure id=\"attachment_79865\" aria-describedby=\"caption-attachment-79865\" style=\"width: 580px\" class=\"wp-caption alignnone\"><img data-recalc-dims=\"1\" loading=\"lazy\" decoding=\"async\" class=\"size-full wp-image-79865\" src=\"https:\/\/i0.wp.com\/www.eltrabajo.cl\/2017\/wp-content\/uploads\/2017\/06\/exequiel-carvallo.jpg?resize=580%2C349\" alt=\"El presidente de la rama cestera del Prat, Exequiel Carvallo, lament\u00f3 el nivel del referato en la Libcentro A.\" width=\"580\" height=\"349\" srcset=\"https:\/\/i0.wp.com\/eltrabajo.cl\/portal\/wp-content\/uploads\/2017\/06\/exequiel-carvallo.jpg?w=580&amp;ssl=1 580w, https:\/\/i0.wp.com\/eltrabajo.cl\/portal\/wp-content\/uploads\/2017\/06\/exequiel-carvallo.jpg?resize=200%2C120&amp;ssl=1 200w, https:\/\/i0.wp.com\/eltrabajo.cl\/portal\/wp-content\/uploads\/2017\/06\/exequiel-carvallo.jpg?resize=300%2C181&amp;ssl=1 300w, https:\/\/i0.wp.com\/eltrabajo.cl\/portal\/wp-content\/uploads\/2017\/06\/exequiel-carvallo.jpg?resize=249%2C150&amp;ssl=1 249w, https:\/\/i0.wp.com\/eltrabajo.cl\/portal\/wp-content\/uploads\/2017\/06\/exequiel-carvallo.jpg?resize=400%2C241&amp;ssl=1 400w\" sizes=\"auto, (max-width: 580px) 100vw, 580px\" \/><figcaption id=\"caption-attachment-79865\" class=\"wp-caption-text\">El presidente de la rama cestera del Prat, Exequiel Carvallo, lament\u00f3 el nivel del referato en la Libcentro A.<\/figcaption><\/figure>\n<p>Exequiel Carvallo, timonel de la rama cestera del club Arturo Prat, confirm\u00f3 a nuestro medio que presentar\u00e1n una queja formal por lo que ellos consideran una irregular y dudosa actuaci\u00f3n de los jueces en el duelo del s\u00e1bado \u00faltimo ante Sportiva Italiana en Valpara\u00edso. \u201cEl partido era completamente normal hasta el minuto 37, pero hubo un cobro que nos perjudic\u00f3 abiertamente, adem\u00e1s de sacar a nuestros jugadores del partido. Tenemos el video, as\u00ed que pondremos a esa evidencia como testigo\u201d, inform\u00f3 a\u00fan molesto el directivo, ya que de haber ganado, el Prat habr\u00eda trepado al primer lugar de la tabla.<br \/>\nEn la actual Libcentro A, el tema referil se est\u00e1 tomando la agenda, situaci\u00f3n que Carvallo lamenta porque siente que su equipo est\u00e1 siendo afectado tanto como cuando juega en casa o fuera de ella. \u201cLamentablemente cuando jugamos en San Felipe los \u00e1rbitros tratan de dar muestras que no son localistas y suelen ser duros con nosotros, y cuando vamos de visitantes nos encontramos con jueces muy localistas que siempre nos perjudican. Sportiva no ten\u00eda por d\u00f3nde ganarnos, pero un yerro del \u00e1rbitro les permiti\u00f3 equilibrar y despu\u00e9s ganarnos\u201d, enfatiz\u00f3 Carvallo.<\/p>\n","protected":false},"excerpt":{"rendered":"<p>Exequiel Carvallo, timonel de la rama cestera del club Arturo Prat, confirm\u00f3 a nuestro medio que presentar\u00e1n una queja formal por lo que ellos consideran una irregular y dudosa actuaci\u00f3n de los&#8230;<\/p>\n","protected":false},"author":1,"featured_media":79865,"comment_status":"open","ping_status":"open","sticky":false,"template":"","format":"standard","meta":{"advanced_seo_description":"","jetpack_seo_html_title":"","jetpack_seo_noindex":false,"_jetpack_memberships_contains_paid_content":false,"footnotes":""},"categories":[19],"tags":[],"class_list":["post-79864","post","type-post","status-publish","format-standard","has-post-thumbnail","hentry","category-deportes"],"jetpack_featured_media_url":"https:\/\/i0.wp.com\/eltrabajo.cl\/portal\/wp-content\/uploads\/2017\/06\/exequiel-carvallo.jpg?fit=580%2C349&ssl=1","jetpack_sharing_enabled":true,"jetpack_likes_enabled":true,"jetpack-related-posts":[],"_links":{"self":[{"href":"https:\/\/eltrabajo.cl\/portal\/wp-json\/wp\/v2\/posts\/79864","targetHints":{"allow":["GET"]}}],"collection":[{"href":"https:\/\/eltrabajo.cl\/portal\/wp-json\/wp\/v2\/posts"}],"about":[{"href":"https:\/\/eltrabajo.cl\/portal\/wp-json\/wp\/v2\/types\/post"}],"author":[{"embeddable":true,"href":"https:\/\/eltrabajo.cl\/portal\/wp-json\/wp\/v2\/users\/1"}],"replies":[{"embeddable":true,"href":"https:\/\/eltrabajo.cl\/portal\/wp-json\/wp\/v2\/comments?post=79864"}],"version-history":[{"count":0,"href":"https:\/\/eltrabajo.cl\/portal\/wp-json\/wp\/v2\/posts\/79864\/revisions"}],"wp:featuredmedia":[{"embeddable":true,"href":"https:\/\/eltrabajo.cl\/portal\/wp-json\/wp\/v2\/media\/79865"}],"wp:attachment":[{"href":"https:\/\/eltrabajo.cl\/portal\/wp-json\/wp\/v2\/media?parent=79864"}],"wp:term":[{"taxonomy":"category","embeddable":true,"href":"https:\/\/eltrabajo.cl\/portal\/wp-json\/wp\/v2\/categories?post=79864"},{"taxonomy":"post_tag","embeddable":true,"href":"https:\/\/eltrabajo.cl\/portal\/wp-json\/wp\/v2\/tags?post=79864"}],"curies":[{"name":"wp","href":"https:\/\/api.w.org\/{rel}","templated":true}]}}