{"id":79867,"date":"2017-06-28T06:02:01","date_gmt":"2017-06-28T10:02:01","guid":{"rendered":"http:\/\/www.eltrabajo.cl\/2017\/?p=79867"},"modified":"2017-06-28T06:02:01","modified_gmt":"2017-06-28T10:02:01","slug":"todo-un-exito-feria-gastronomica-sabores-de-mi-tierra-en-santa-maria","status":"publish","type":"post","link":"https:\/\/eltrabajo.cl\/portal\/todo-un-exito-feria-gastronomica-sabores-de-mi-tierra-en-santa-maria\/","title":{"rendered":"Todo un \u00e9xito feria gastron\u00f3mica \u2018Sabores de mi Tierra\u2019 en Santa Mar\u00eda"},"content":{"rendered":"<figure id=\"attachment_79869\" aria-describedby=\"caption-attachment-79869\" style=\"width: 580px\" class=\"wp-caption alignnone\"><img data-recalc-dims=\"1\" loading=\"lazy\" decoding=\"async\" class=\"size-full wp-image-79869\" src=\"https:\/\/i0.wp.com\/www.eltrabajo.cl\/2017\/wp-content\/uploads\/2017\/06\/feria-gastronomica-2.jpg?resize=580%2C349\" alt=\"Pescados, mariscos, verduras, todo perfectamente cocido para la elaboraci\u00f3n de casi siete mil porciones.\" width=\"580\" height=\"349\" srcset=\"https:\/\/i0.wp.com\/eltrabajo.cl\/portal\/wp-content\/uploads\/2017\/06\/feria-gastronomica-2.jpg?w=580&amp;ssl=1 580w, https:\/\/i0.wp.com\/eltrabajo.cl\/portal\/wp-content\/uploads\/2017\/06\/feria-gastronomica-2.jpg?resize=200%2C120&amp;ssl=1 200w, https:\/\/i0.wp.com\/eltrabajo.cl\/portal\/wp-content\/uploads\/2017\/06\/feria-gastronomica-2.jpg?resize=300%2C181&amp;ssl=1 300w, https:\/\/i0.wp.com\/eltrabajo.cl\/portal\/wp-content\/uploads\/2017\/06\/feria-gastronomica-2.jpg?resize=249%2C150&amp;ssl=1 249w, https:\/\/i0.wp.com\/eltrabajo.cl\/portal\/wp-content\/uploads\/2017\/06\/feria-gastronomica-2.jpg?resize=400%2C241&amp;ssl=1 400w\" sizes=\"auto, (max-width: 580px) 100vw, 580px\" \/><figcaption id=\"caption-attachment-79869\" class=\"wp-caption-text\">Pescados, mariscos, verduras, todo perfectamente cocido para la elaboraci\u00f3n de casi siete mil porciones.<\/figcaption><\/figure>\n<p><strong>SANTA MAR\u00cdA.-<\/strong> Todo un \u00e9xito result\u00f3 la primera feria gastron\u00f3mica efectuada este lunes 26 de junio en el gimnasio municipal de la comuna de Santa Mar\u00eda.<br \/>\nLa actividad fue organizada en forma conjunta por el municipio local, Agrupaci\u00f3n de feriantes de la comuna de Puente Alto y destacados chefs nacionales encabezados por Rodrigo Zamorano.<br \/>\nDurante el evento, denominado \u2018Sabores de Nuestra Tierra\u2019, se distribuyeron alrededor de siete mil porciones de pescados, mariscos y otros platos t\u00edpicos al numeroso p\u00fablico, tanto de la comuna de Santa Mar\u00eda como de otras ciudades del Valle de Aconcagua, que se dieron cita pese a la lluvia que ca\u00eda sobre la zona. La actividad tambi\u00e9n incluy\u00f3 talleres de cocina y pasteler\u00eda, junto a chefs internacionales y preparaciones en vivo.<br \/>\n\u201cEl clima adverso no fue impedimento para que los vecinos asistieran masivamente, repletando el gimnasio municipal para degustar exquisitas preparaciones en base a pescado y mariscos, adem\u00e1s de talleres interactivos de cocina tradicional chilena, por lo que estamos muy contentos por la relevancia y la excelente acogida del p\u00fablico asistente\u201d, indic\u00f3 el Chef Rodrigo Zamorano.<br \/>\nEn tanto que el Alcalde de Santa Mar\u00eda, Claudio Zurita, destac\u00f3 la organizaci\u00f3n y el rotundo \u00e9xito de la actividad; \u201cpor lo que agradecemos a los expositores, cocineros, a la agrupaci\u00f3n de feriantes de Puente Alto y en especial a los vecinos de Santa Mar\u00eda, como de otras comunas que participaron de esta feria gastron\u00f3mica\u201d.<br \/>\nDe esta forma la comuna de Santa Mar\u00eda marc\u00f3 otro hito relevante en la producci\u00f3n de este evento gastron\u00f3mico, quedando expectantes para lo que ser\u00e1 la segunda versi\u00f3n del \u2018Chupe de Guatitas\u2019 a realizarse en el mes de agosto, indic\u00f3 el edil santamariano.<\/p>\n<figure id=\"attachment_79868\" aria-describedby=\"caption-attachment-79868\" style=\"width: 580px\" class=\"wp-caption alignnone\"><img data-recalc-dims=\"1\" loading=\"lazy\" decoding=\"async\" class=\"size-full wp-image-79868\" src=\"https:\/\/i0.wp.com\/www.eltrabajo.cl\/2017\/wp-content\/uploads\/2017\/06\/feria-gastronomica-1.jpg?resize=580%2C350\" alt=\"El Alcalde de Santa Mar\u00eda, Claudio Zurita, tambi\u00e9n particip\u00f3 activamente en la preparaci\u00f3n de los productos del mar.\" width=\"580\" height=\"350\" srcset=\"https:\/\/i0.wp.com\/eltrabajo.cl\/portal\/wp-content\/uploads\/2017\/06\/feria-gastronomica-1.jpg?w=580&amp;ssl=1 580w, https:\/\/i0.wp.com\/eltrabajo.cl\/portal\/wp-content\/uploads\/2017\/06\/feria-gastronomica-1.jpg?resize=200%2C121&amp;ssl=1 200w, https:\/\/i0.wp.com\/eltrabajo.cl\/portal\/wp-content\/uploads\/2017\/06\/feria-gastronomica-1.jpg?resize=300%2C181&amp;ssl=1 300w, https:\/\/i0.wp.com\/eltrabajo.cl\/portal\/wp-content\/uploads\/2017\/06\/feria-gastronomica-1.jpg?resize=249%2C150&amp;ssl=1 249w, https:\/\/i0.wp.com\/eltrabajo.cl\/portal\/wp-content\/uploads\/2017\/06\/feria-gastronomica-1.jpg?resize=400%2C241&amp;ssl=1 400w\" sizes=\"auto, (max-width: 580px) 100vw, 580px\" \/><figcaption id=\"caption-attachment-79868\" class=\"wp-caption-text\">El Alcalde de Santa Mar\u00eda, Claudio Zurita, tambi\u00e9n particip\u00f3 activamente en la preparaci\u00f3n de los productos del mar.<\/figcaption><\/figure>\n<figure id=\"attachment_79870\" aria-describedby=\"caption-attachment-79870\" style=\"width: 580px\" class=\"wp-caption alignnone\"><img data-recalc-dims=\"1\" loading=\"lazy\" decoding=\"async\" class=\"size-full wp-image-79870\" src=\"https:\/\/i0.wp.com\/www.eltrabajo.cl\/2017\/wp-content\/uploads\/2017\/06\/feria-gastronomica-5.jpg?resize=580%2C350\" alt=\"Pese a la lluvia, el gimnasio de Santa Mar\u00eda se replet\u00f3 este lunes con miles de vecinos de Santa Mar\u00eda y otras comunas que llegaron a la feria gastron\u00f3mica.\" width=\"580\" height=\"350\" srcset=\"https:\/\/i0.wp.com\/eltrabajo.cl\/portal\/wp-content\/uploads\/2017\/06\/feria-gastronomica-5.jpg?w=580&amp;ssl=1 580w, https:\/\/i0.wp.com\/eltrabajo.cl\/portal\/wp-content\/uploads\/2017\/06\/feria-gastronomica-5.jpg?resize=200%2C121&amp;ssl=1 200w, https:\/\/i0.wp.com\/eltrabajo.cl\/portal\/wp-content\/uploads\/2017\/06\/feria-gastronomica-5.jpg?resize=300%2C181&amp;ssl=1 300w, https:\/\/i0.wp.com\/eltrabajo.cl\/portal\/wp-content\/uploads\/2017\/06\/feria-gastronomica-5.jpg?resize=249%2C150&amp;ssl=1 249w, https:\/\/i0.wp.com\/eltrabajo.cl\/portal\/wp-content\/uploads\/2017\/06\/feria-gastronomica-5.jpg?resize=400%2C241&amp;ssl=1 400w\" sizes=\"auto, (max-width: 580px) 100vw, 580px\" \/><figcaption id=\"caption-attachment-79870\" class=\"wp-caption-text\">Pese a la lluvia, el gimnasio de Santa Mar\u00eda se replet\u00f3 este lunes con miles de vecinos de Santa Mar\u00eda y otras comunas que llegaron a la feria gastron\u00f3mica.<\/figcaption><\/figure>\n","protected":false},"excerpt":{"rendered":"<p>SANTA MAR\u00cdA.- Todo un \u00e9xito result\u00f3 la primera feria gastron\u00f3mica efectuada este lunes 26 de junio en el gimnasio municipal de la comuna de Santa Mar\u00eda. La actividad fue organizada en forma&#8230;<\/p>\n","protected":false},"author":1,"featured_media":79868,"comment_status":"open","ping_status":"open","sticky":false,"template":"","format":"standard","meta":{"advanced_seo_description":"","jetpack_seo_html_title":"","jetpack_seo_noindex":false,"_jetpack_memberships_contains_paid_content":false,"footnotes":""},"categories":[1],"tags":[],"class_list":["post-79867","post","type-post","status-publish","format-standard","has-post-thumbnail","hentry","category-cronica"],"jetpack_featured_media_url":"https:\/\/i0.wp.com\/eltrabajo.cl\/portal\/wp-content\/uploads\/2017\/06\/feria-gastronomica-1.jpg?fit=580%2C350&ssl=1","jetpack_sharing_enabled":true,"jetpack_likes_enabled":true,"jetpack-related-posts":[],"_links":{"self":[{"href":"https:\/\/eltrabajo.cl\/portal\/wp-json\/wp\/v2\/posts\/79867","targetHints":{"allow":["GET"]}}],"collection":[{"href":"https:\/\/eltrabajo.cl\/portal\/wp-json\/wp\/v2\/posts"}],"about":[{"href":"https:\/\/eltrabajo.cl\/portal\/wp-json\/wp\/v2\/types\/post"}],"author":[{"embeddable":true,"href":"https:\/\/eltrabajo.cl\/portal\/wp-json\/wp\/v2\/users\/1"}],"replies":[{"embeddable":true,"href":"https:\/\/eltrabajo.cl\/portal\/wp-json\/wp\/v2\/comments?post=79867"}],"version-history":[{"count":0,"href":"https:\/\/eltrabajo.cl\/portal\/wp-json\/wp\/v2\/posts\/79867\/revisions"}],"wp:featuredmedia":[{"embeddable":true,"href":"https:\/\/eltrabajo.cl\/portal\/wp-json\/wp\/v2\/media\/79868"}],"wp:attachment":[{"href":"https:\/\/eltrabajo.cl\/portal\/wp-json\/wp\/v2\/media?parent=79867"}],"wp:term":[{"taxonomy":"category","embeddable":true,"href":"https:\/\/eltrabajo.cl\/portal\/wp-json\/wp\/v2\/categories?post=79867"},{"taxonomy":"post_tag","embeddable":true,"href":"https:\/\/eltrabajo.cl\/portal\/wp-json\/wp\/v2\/tags?post=79867"}],"curies":[{"name":"wp","href":"https:\/\/api.w.org\/{rel}","templated":true}]}}