{"id":79879,"date":"2017-06-28T06:05:38","date_gmt":"2017-06-28T10:05:38","guid":{"rendered":"http:\/\/www.eltrabajo.cl\/2017\/?p=79879"},"modified":"2017-06-28T06:05:38","modified_gmt":"2017-06-28T10:05:38","slug":"mato-a-mi-unico-hijo-este-tipo-se-ensano-con-el-lo-apunalo-ocho-veces","status":"publish","type":"post","link":"https:\/\/eltrabajo.cl\/portal\/mato-a-mi-unico-hijo-este-tipo-se-ensano-con-el-lo-apunalo-ocho-veces\/","title":{"rendered":"\u201cMat\u00f3 a mi \u00fanico hijo, este tipo se ensa\u00f1\u00f3 con \u00e9l, lo apu\u00f1al\u00f3 ocho veces\u201d"},"content":{"rendered":"<figure id=\"attachment_79880\" aria-describedby=\"caption-attachment-79880\" style=\"width: 580px\" class=\"wp-caption alignnone\"><img data-recalc-dims=\"1\" loading=\"lazy\" decoding=\"async\" class=\"size-full wp-image-79880\" src=\"https:\/\/i0.wp.com\/www.eltrabajo.cl\/2017\/wp-content\/uploads\/2017\/06\/MARIO-MENA-ASESINADO.jpg?resize=580%2C494\" alt=\"Mario Mena Sandoval fue asesinado de ocho pu\u00f1aladas en la comuna de Llay Llay.\" width=\"580\" height=\"494\" srcset=\"https:\/\/i0.wp.com\/eltrabajo.cl\/portal\/wp-content\/uploads\/2017\/06\/MARIO-MENA-ASESINADO.jpg?w=580&amp;ssl=1 580w, https:\/\/i0.wp.com\/eltrabajo.cl\/portal\/wp-content\/uploads\/2017\/06\/MARIO-MENA-ASESINADO.jpg?resize=176%2C150&amp;ssl=1 176w, https:\/\/i0.wp.com\/eltrabajo.cl\/portal\/wp-content\/uploads\/2017\/06\/MARIO-MENA-ASESINADO.jpg?resize=300%2C256&amp;ssl=1 300w, https:\/\/i0.wp.com\/eltrabajo.cl\/portal\/wp-content\/uploads\/2017\/06\/MARIO-MENA-ASESINADO.jpg?resize=400%2C341&amp;ssl=1 400w\" sizes=\"auto, (max-width: 580px) 100vw, 580px\" \/><figcaption id=\"caption-attachment-79880\" class=\"wp-caption-text\">Mario Mena Sandoval fue asesinado de ocho pu\u00f1aladas en la comuna de Llay Llay.<\/figcaption><\/figure>\n<ul>\n<li><strong><span style=\"color: #ff0000;\">Desgarrador testimonio de la madre de joven asesinado:\u00a0<\/span>Pamela Sandoval en entrevista exclusiva con Diario El Trabajo tras conocerse la condena que sentencia al asesino a cumplir una pena de 12 a\u00f1os en la c\u00e1rcel.<\/strong><\/li>\n<\/ul>\n<p>El pr\u00f3ximo 7 de agosto se conmemorar\u00e1 un a\u00f1o del terrible asesinato de Mario Mena Sandoval, quien falleci\u00f3 v\u00edctima de ocho pu\u00f1aladas en su cuerpo en medio de un ajuste de cuentas ocurrido en la comuna de Llay Llay.<br \/>\nTras el juicio oral que conden\u00f3 al asesino de Mario, quien deber\u00e1 cumplir 12 a\u00f1os de c\u00e1rcel, Pamela Sandoval -madre de la v\u00edctima- repasa el duro proceso que ha debido vivir durante estos 10 meses tras la p\u00e9rdida de su \u00fanico hijo, a quien dedic\u00f3 mucho esfuerzo para sacarlo adelante con las expectativas de brindarle un futuro profesional.<br \/>\nSin embargo, Mario, con 20 a\u00f1os reci\u00e9n cumplidos, muri\u00f3 horriblemente asesinado, dejando a su madre en la m\u00e1s absoluta tristeza y soledad en el hogar que ambos compart\u00edan. Por medio de esta entrevista concedida en exclusiva a Diario El Trabajo, Pamela expres\u00f3 adem\u00e1s su descontento con la condena que impuso el Tribunal Oral en Lo Penal de San Felipe.<br \/>\nLa progenitora indic\u00f3 que tras la irreparable p\u00e9rdida de su hijo, comprob\u00f3 la gran cantidad de amistades que cultiv\u00f3 su hijo, quienes hasta el d\u00eda de hoy le rinden un sentido homenaje en la calle Circunvalaci\u00f3n San Ignacio de Llay Llay, donde se desplom\u00f3. Un lugar que se transform\u00f3 en un verdadero lugar de culto en su memoria, con gigantograf\u00edas y murales con la imagen del \u2018Papita\u2019 como le dec\u00edan sus amigos.<br \/>\n<strong>&#8211; \u00bfCu\u00e1l es su opini\u00f3n sobre la condena del asesino de su hijo?<\/strong><br \/>\n&#8211; Con los a\u00f1os que le den no me van a devolver a mi hijo, pero espero que sean los doce a\u00f1os y los cumpla sin ning\u00fan beneficio, porque la justicia otorga beneficios, entonces la condena no me va a devolver a mi hijo.<br \/>\n<strong>&#8211; \u00bfPor qu\u00e9 cree usted que mataron a su hijo?<\/strong><br \/>\n&#8211; Esto lo ten\u00edan planificado desde antes, porque tres meses atr\u00e1s \u00e9l hab\u00eda tenido problemas con otro tipo, no con ese tal \u2018Gato\u2019 (el homicida), pero era un c\u00edrculo cercano. Mat\u00f3 a mi \u00fanico hijo, este tipo se ensa\u00f1\u00f3 con \u00e9l, lo apu\u00f1al\u00f3 ocho veces, esta persona ya hab\u00eda agredido a otros d\u00edas antes, no entiendo por qu\u00e9 Carabineros no fue antes y lo detuvieron.<br \/>\n<strong>&#8211; Usted perdi\u00f3 a su \u00fanica familia.<\/strong><br \/>\n&#8211; S\u00ed, es un dolor muy grande, mi hijo era mi todo, yo por \u00e9l viv\u00eda, imag\u00ednese de la noche a la ma\u00f1ana no lo tengo m\u00e1s. Mario estaba sacando su cuarto medio porque quer\u00eda seguir estudiando, su pasi\u00f3n era el f\u00fatbol, mi hijo no era una mala persona, prefer\u00eda quedar sin nada y regalar todo lo que ten\u00eda y por eso es tan querido hasta el d\u00eda de hoy, tiene muchos amigos, van a verlo al cementerio.<br \/>\n<strong>&#8211; \u00bfQu\u00e9 proyectos ten\u00eda \u00e9l en mente?<\/strong><br \/>\n&#8211; \u00c9l quer\u00eda estudiar psicolog\u00eda, su pasi\u00f3n era el f\u00fatbol, hincha del Colo Colo y le gustaba mucho viajar. Le arrebataron todos esos sue\u00f1os, era una persona que estaba reci\u00e9n viviendo la vida y ahora ir a verlo al cementerio a mi \u00fanico hijo es terrible.<br \/>\n<strong>&#8211; \u00bfQueda m\u00e1s tranquila tras la realizaci\u00f3n de este juicio?<\/strong><br \/>\n&#8211; A ver, para m\u00ed ha sido dif\u00edcil todo este proceso, han pasado 10 meses y he tenido que volver a revivir todo de nuevo por este juicio, estoy nerviosa, no he dormido en las noches, volver a revivir todo de nuevo.<br \/>\n<strong>&#8211; \u00bfEncuentra justo una condena de 12 a\u00f1os?<\/strong><br \/>\n&#8211; Yo hubiera preferido m\u00e1s porque vuelvo a reiterar, a mi hijo no me lo van a devolver, aunque le hubieran dado mil a\u00f1os, mi hijo nunca va a volver, pero yo pens\u00e9 que le dar\u00edan m\u00e1s porque fue con ensa\u00f1amiento, fueron ocho pu\u00f1aladas (\u2026) por lo menos se hizo justicia entre comillas, porque usted sabe que la justicia da beneficios y se los dan, entonces los jueces dejan libres a personas que no deber\u00edan estar libres. Como familia no estamos conforme con la sentencia que le dieron a ese asesino, ya que nada nos lo devolver\u00e1.<br \/>\n<strong>Pablo Salinas Sald\u00edas<\/strong><\/p>\n<figure id=\"attachment_79881\" aria-describedby=\"caption-attachment-79881\" style=\"width: 580px\" class=\"wp-caption alignnone\"><img data-recalc-dims=\"1\" loading=\"lazy\" decoding=\"async\" class=\"size-full wp-image-79881\" src=\"https:\/\/i0.wp.com\/www.eltrabajo.cl\/2017\/wp-content\/uploads\/2017\/06\/mario-mena-velaton.jpg?resize=580%2C349\" alt=\"Este domingo la familia de Mario Mena y sus amigos organizaron una velat\u00f3n en su memoria, donde se le rinde culto en la circunvalaci\u00f3n San Ignacio de Llay Llay.\" width=\"580\" height=\"349\" srcset=\"https:\/\/i0.wp.com\/eltrabajo.cl\/portal\/wp-content\/uploads\/2017\/06\/mario-mena-velaton.jpg?w=580&amp;ssl=1 580w, https:\/\/i0.wp.com\/eltrabajo.cl\/portal\/wp-content\/uploads\/2017\/06\/mario-mena-velaton.jpg?resize=200%2C120&amp;ssl=1 200w, https:\/\/i0.wp.com\/eltrabajo.cl\/portal\/wp-content\/uploads\/2017\/06\/mario-mena-velaton.jpg?resize=300%2C181&amp;ssl=1 300w, https:\/\/i0.wp.com\/eltrabajo.cl\/portal\/wp-content\/uploads\/2017\/06\/mario-mena-velaton.jpg?resize=249%2C150&amp;ssl=1 249w, https:\/\/i0.wp.com\/eltrabajo.cl\/portal\/wp-content\/uploads\/2017\/06\/mario-mena-velaton.jpg?resize=400%2C241&amp;ssl=1 400w\" sizes=\"auto, (max-width: 580px) 100vw, 580px\" \/><figcaption id=\"caption-attachment-79881\" class=\"wp-caption-text\">Este domingo la familia de Mario Mena y sus amigos organizaron una velat\u00f3n en su memoria, donde se le rinde culto en la circunvalaci\u00f3n San Ignacio de Llay Llay.<\/figcaption><\/figure>\n","protected":false},"excerpt":{"rendered":"<p>Desgarrador testimonio de la madre de joven asesinado:\u00a0Pamela Sandoval en entrevista exclusiva con Diario El Trabajo tras conocerse la condena que sentencia al asesino a cumplir una pena de 12 a\u00f1os en&#8230;<\/p>\n","protected":false},"author":1,"featured_media":79881,"comment_status":"open","ping_status":"open","sticky":false,"template":"","format":"standard","meta":{"advanced_seo_description":"","jetpack_seo_html_title":"","jetpack_seo_noindex":false,"_jetpack_memberships_contains_paid_content":false,"footnotes":""},"categories":[15],"tags":[],"class_list":["post-79879","post","type-post","status-publish","format-standard","has-post-thumbnail","hentry","category-comunidad"],"jetpack_featured_media_url":"https:\/\/i0.wp.com\/eltrabajo.cl\/portal\/wp-content\/uploads\/2017\/06\/mario-mena-velaton.jpg?fit=580%2C349&ssl=1","jetpack_sharing_enabled":true,"jetpack_likes_enabled":true,"jetpack-related-posts":[],"_links":{"self":[{"href":"https:\/\/eltrabajo.cl\/portal\/wp-json\/wp\/v2\/posts\/79879","targetHints":{"allow":["GET"]}}],"collection":[{"href":"https:\/\/eltrabajo.cl\/portal\/wp-json\/wp\/v2\/posts"}],"about":[{"href":"https:\/\/eltrabajo.cl\/portal\/wp-json\/wp\/v2\/types\/post"}],"author":[{"embeddable":true,"href":"https:\/\/eltrabajo.cl\/portal\/wp-json\/wp\/v2\/users\/1"}],"replies":[{"embeddable":true,"href":"https:\/\/eltrabajo.cl\/portal\/wp-json\/wp\/v2\/comments?post=79879"}],"version-history":[{"count":0,"href":"https:\/\/eltrabajo.cl\/portal\/wp-json\/wp\/v2\/posts\/79879\/revisions"}],"wp:featuredmedia":[{"embeddable":true,"href":"https:\/\/eltrabajo.cl\/portal\/wp-json\/wp\/v2\/media\/79881"}],"wp:attachment":[{"href":"https:\/\/eltrabajo.cl\/portal\/wp-json\/wp\/v2\/media?parent=79879"}],"wp:term":[{"taxonomy":"category","embeddable":true,"href":"https:\/\/eltrabajo.cl\/portal\/wp-json\/wp\/v2\/categories?post=79879"},{"taxonomy":"post_tag","embeddable":true,"href":"https:\/\/eltrabajo.cl\/portal\/wp-json\/wp\/v2\/tags?post=79879"}],"curies":[{"name":"wp","href":"https:\/\/api.w.org\/{rel}","templated":true}]}}