{"id":79883,"date":"2017-06-28T06:06:55","date_gmt":"2017-06-28T10:06:55","guid":{"rendered":"http:\/\/www.eltrabajo.cl\/2017\/?p=79883"},"modified":"2017-06-28T06:06:55","modified_gmt":"2017-06-28T10:06:55","slug":"hombre-de-52-anos-muere-de-paro-cardiorrespiratorio-en-servicio-urgencia","status":"publish","type":"post","link":"https:\/\/eltrabajo.cl\/portal\/hombre-de-52-anos-muere-de-paro-cardiorrespiratorio-en-servicio-urgencia\/","title":{"rendered":"Hombre de 52 a\u00f1os muere de paro cardiorrespiratorio en servicio urgencia"},"content":{"rendered":"<figure id=\"attachment_79884\" aria-describedby=\"caption-attachment-79884\" style=\"width: 580px\" class=\"wp-caption alignnone\"><img data-recalc-dims=\"1\" loading=\"lazy\" decoding=\"async\" class=\"size-full wp-image-79884\" src=\"https:\/\/i0.wp.com\/www.eltrabajo.cl\/2017\/wp-content\/uploads\/2017\/06\/urgencia2-27.06.2017.jpg?resize=580%2C349\" alt=\"El paciente acababa de llegar y se desplom\u00f3 mientras daba sus datos, tras lo cual las personas comenzaron a grabar y a insultar al personal que sali\u00f3 a atenderlo, pese a las peticiones de la hija del afectado para que los dejaran trabajar.\" width=\"580\" height=\"349\" srcset=\"https:\/\/i0.wp.com\/eltrabajo.cl\/portal\/wp-content\/uploads\/2017\/06\/urgencia2-27.06.2017.jpg?w=580&amp;ssl=1 580w, https:\/\/i0.wp.com\/eltrabajo.cl\/portal\/wp-content\/uploads\/2017\/06\/urgencia2-27.06.2017.jpg?resize=200%2C120&amp;ssl=1 200w, https:\/\/i0.wp.com\/eltrabajo.cl\/portal\/wp-content\/uploads\/2017\/06\/urgencia2-27.06.2017.jpg?resize=300%2C181&amp;ssl=1 300w, https:\/\/i0.wp.com\/eltrabajo.cl\/portal\/wp-content\/uploads\/2017\/06\/urgencia2-27.06.2017.jpg?resize=249%2C150&amp;ssl=1 249w, https:\/\/i0.wp.com\/eltrabajo.cl\/portal\/wp-content\/uploads\/2017\/06\/urgencia2-27.06.2017.jpg?resize=400%2C241&amp;ssl=1 400w\" sizes=\"auto, (max-width: 580px) 100vw, 580px\" \/><figcaption id=\"caption-attachment-79884\" class=\"wp-caption-text\">El paciente acababa de llegar y se desplom\u00f3 mientras daba sus datos, tras lo cual las personas comenzaron a grabar y a insultar al personal que sali\u00f3 a atenderlo, pese a las peticiones de la hija del afectado para que los dejaran trabajar.<\/figcaption><\/figure>\n<ul>\n<li><span style=\"color: #ff0000;\"><strong>Usuarios habr\u00edan obstaculizado al personal mientras lo reanimaban:<\/strong> <\/span><\/li>\n<\/ul>\n<p>Una grave denuncia y a la vez un llamado a la cordura de los usuarios que concurren al Servicio de Urgencias del Hospital San Camilo, se encuentra realizando la Direcci\u00f3n del establecimiento, luego que este martes el personal cl\u00ednico que se encontraba atendiendo su turno, fuera agredido y obstaculizado para realizar sus funciones tras un incidente en donde un usuario que acababa de llegar, se desplom\u00f3 mientras entregaba sus datos en admisi\u00f3n.<br \/>\nEl incidente ocurri\u00f3 a las 16:07 horas de ayer, cuando un hombre de 52 a\u00f1os lleg\u00f3 al servicio caminando, acompa\u00f1ado de su hija, y quien tras entregar sus datos y el motivo de la consulta, se desplom\u00f3 sorpresivamente, siendo atendido por los funcionarios que determinaron que no era un desmayo sino que un paro cardiorrespiratorio y por lo tanto comenzaron de inmediato las maniobras de reanimaci\u00f3n.<br \/>\nLo inusual y lamentable es que durante estas maniobras, las personas que estaban en la sala, en vez de ayudar y permitir que el personal hiciera su trabajo, en todo momento estuvieron encima de la escena, obstaculizando las maniobras y grabando todo en sus celulares, a pesar de las objeciones de la hija del afectado, a quien sencillamente no le hicieron caso.<br \/>\n\u00abLa gente, junto con grabar, comenz\u00f3 a insultar al personal pese a que todo ocurri\u00f3 en menos de tres minutos desde que la persona ingresa, se desploma, es atendido e ingresado a la sala de reanimaci\u00f3n, lo que nos parece grav\u00edsimo debido a que s\u00f3lo se obstaculiz\u00f3 el trabajo de los profesionales, quienes quedaron muy consternados por lo vivido\u00bb, asegur\u00f3 Susan Porras, Directora del establecimiento.<br \/>\nLa profesional asegur\u00f3 que el personal de urgencias, en especial en periodos de invierno, trabaja bajo mucha presi\u00f3n y pese a estar preparados para actuar en casos como \u00e9ste, tambi\u00e9n requieren del apoyo y comprensi\u00f3n de los usuarios para poder realizar bien su trabajo.<br \/>\n\u00abNosotros entendemos que todos desean ser atendidos pronto, pero debemos usar los dispositivos correctamente y permitir que las urgencias puedan atender los casos de riesgo vital como \u00e9ste, dando un mejor uso posible de los Cesfam, SUR e incluso el Salud Responde\u00bb, agreg\u00f3.<br \/>\nCabe destacar que lamentablemente el paciente falleci\u00f3 pese a que el personal realiz\u00f3 m\u00e1s de media hora de maniobras de reanimaci\u00f3n, por lo que el establecimiento entrega sus condolencias a la familia ante tan lamentable incidente.<\/p>\n<div class=\"fb-video\" data-allowfullscreen=\"true\" data-href=\"https:\/\/www.facebook.com\/ElTrabajoDiario\/videos\/1732318286793317\/\" style=\"background-color: #fff; display: inline-block;\"><\/div>\n","protected":false},"excerpt":{"rendered":"<p>Usuarios habr\u00edan obstaculizado al personal mientras lo reanimaban: Una grave denuncia y a la vez un llamado a la cordura de los usuarios que concurren al Servicio de Urgencias del Hospital San&#8230;<\/p>\n","protected":false},"author":1,"featured_media":79884,"comment_status":"open","ping_status":"open","sticky":false,"template":"","format":"standard","meta":{"advanced_seo_description":"","jetpack_seo_html_title":"","jetpack_seo_noindex":false,"_jetpack_memberships_contains_paid_content":false,"footnotes":""},"categories":[1],"tags":[],"class_list":["post-79883","post","type-post","status-publish","format-standard","has-post-thumbnail","hentry","category-cronica"],"jetpack_featured_media_url":"https:\/\/i0.wp.com\/eltrabajo.cl\/portal\/wp-content\/uploads\/2017\/06\/urgencia2-27.06.2017.jpg?fit=580%2C349&ssl=1","jetpack_sharing_enabled":true,"jetpack_likes_enabled":true,"jetpack-related-posts":[],"_links":{"self":[{"href":"https:\/\/eltrabajo.cl\/portal\/wp-json\/wp\/v2\/posts\/79883","targetHints":{"allow":["GET"]}}],"collection":[{"href":"https:\/\/eltrabajo.cl\/portal\/wp-json\/wp\/v2\/posts"}],"about":[{"href":"https:\/\/eltrabajo.cl\/portal\/wp-json\/wp\/v2\/types\/post"}],"author":[{"embeddable":true,"href":"https:\/\/eltrabajo.cl\/portal\/wp-json\/wp\/v2\/users\/1"}],"replies":[{"embeddable":true,"href":"https:\/\/eltrabajo.cl\/portal\/wp-json\/wp\/v2\/comments?post=79883"}],"version-history":[{"count":0,"href":"https:\/\/eltrabajo.cl\/portal\/wp-json\/wp\/v2\/posts\/79883\/revisions"}],"wp:featuredmedia":[{"embeddable":true,"href":"https:\/\/eltrabajo.cl\/portal\/wp-json\/wp\/v2\/media\/79884"}],"wp:attachment":[{"href":"https:\/\/eltrabajo.cl\/portal\/wp-json\/wp\/v2\/media?parent=79883"}],"wp:term":[{"taxonomy":"category","embeddable":true,"href":"https:\/\/eltrabajo.cl\/portal\/wp-json\/wp\/v2\/categories?post=79883"},{"taxonomy":"post_tag","embeddable":true,"href":"https:\/\/eltrabajo.cl\/portal\/wp-json\/wp\/v2\/tags?post=79883"}],"curies":[{"name":"wp","href":"https:\/\/api.w.org\/{rel}","templated":true}]}}