{"id":79886,"date":"2017-06-29T06:00:45","date_gmt":"2017-06-29T10:00:45","guid":{"rendered":"http:\/\/www.eltrabajo.cl\/2017\/?p=79886"},"modified":"2017-06-29T06:00:45","modified_gmt":"2017-06-29T10:00:45","slug":"no-esta-eduardo","status":"publish","type":"post","link":"https:\/\/eltrabajo.cl\/portal\/no-esta-eduardo\/","title":{"rendered":"No est\u00e1 Eduardo"},"content":{"rendered":"<figure id=\"attachment_79887\" aria-describedby=\"caption-attachment-79887\" style=\"width: 580px\" class=\"wp-caption alignnone\"><img data-recalc-dims=\"1\" loading=\"lazy\" decoding=\"async\" class=\"size-full wp-image-79887\" src=\"https:\/\/i0.wp.com\/www.eltrabajo.cl\/2017\/wp-content\/uploads\/2017\/06\/DocEduardoValenzuela3-1.jpg?resize=580%2C349\" alt=\"Dr. Eduardo Valenzuela, querido y recordado m\u00e9dico sanfelipe\u00f1o, Hijo Ilustre de San Felipe.\" width=\"580\" height=\"349\" srcset=\"https:\/\/i0.wp.com\/eltrabajo.cl\/portal\/wp-content\/uploads\/2017\/06\/DocEduardoValenzuela3-1.jpg?w=580&amp;ssl=1 580w, https:\/\/i0.wp.com\/eltrabajo.cl\/portal\/wp-content\/uploads\/2017\/06\/DocEduardoValenzuela3-1.jpg?resize=200%2C120&amp;ssl=1 200w, https:\/\/i0.wp.com\/eltrabajo.cl\/portal\/wp-content\/uploads\/2017\/06\/DocEduardoValenzuela3-1.jpg?resize=300%2C181&amp;ssl=1 300w, https:\/\/i0.wp.com\/eltrabajo.cl\/portal\/wp-content\/uploads\/2017\/06\/DocEduardoValenzuela3-1.jpg?resize=249%2C150&amp;ssl=1 249w, https:\/\/i0.wp.com\/eltrabajo.cl\/portal\/wp-content\/uploads\/2017\/06\/DocEduardoValenzuela3-1.jpg?resize=400%2C241&amp;ssl=1 400w\" sizes=\"auto, (max-width: 580px) 100vw, 580px\" \/><figcaption id=\"caption-attachment-79887\" class=\"wp-caption-text\">Dr. Eduardo Valenzuela, querido y recordado m\u00e9dico sanfelipe\u00f1o, Hijo Ilustre de San Felipe.<\/figcaption><\/figure>\n<p>No est\u00e1 Eduardo\u2026 se nos fue\u2026 \u00bfSaben ustedes, el pueblo de San Felipe, lo que es eso? Vienen los d\u00edas y los d\u00edas, uno tras otro y el vac\u00edo crece y la desesperanza nos deshace. Ya no lo encontraremos en la calle, en la consulta, en su casa, ya nunca, nunca\u2026 y las pedradas llegan al coraz\u00f3n, estrujan el alma hasta dejarla convertida en un harapo. Todo lo que Eduardo fue durante tantos a\u00f1os para cada uno de nosotros, para el pueblo todo: seguridad, transparencia, sabidur\u00eda y verdad, pero sobre todo: bondad, la humilde bondad del que te acoge y siente contigo y est\u00e1 contigo y se da por entero a ti sin apremios ni distancias, sin discriminaci\u00f3n de ninguna especie. Todos, cualquiera de nosotros, del primero al \u00faltimo, pod\u00edamos acudir a \u00e9l en cualquier momento, en cualquier situaci\u00f3n. Y all\u00ed estaba y estuvo\u2026 presente siempre, hasta la \u00faltima hora. Ahora que no est\u00e1, que no estar\u00e1, sabemos exactamente lo que es la p\u00e9rdida de esa mirada irremplazable, ante la cual eras t\u00fa , \u00fanico, realmente la persona humana. Que Dios, no le falta a nadie, es verdad. Y que se hace presente de mil maneras, lo intuimos en el misterio mismo de la vida , en las formas que lo expresa o en cada gesto que por peque\u00f1o o amplio que sea, refleja su Ser entre nosotros. Donde quiera que estuviera, o fuera, Eduardo caminaba con esa luz&#8230; llegaba como la paz al coraz\u00f3n. Su presencia era un alivio, y su constancia para no abandonarnos en la aflicci\u00f3n, uno de sus m\u00e1s maravillosos dones. Suman a\u00f1os y a\u00f1os los recuerdos de tantos sanfelipe\u00f1os, de cada vez que nos tendi\u00f3 la mano en el dolor, en la angustia o en sombra ilimitada de la muerte. Vivi\u00f3 en plenitud la verdad de las bienaventuranzas y trascendi\u00f3 -o mejor trasgredi\u00f3- el precepto b\u00edblico del amor: porque al pr\u00f3jimo, lo am\u00f3 m\u00e1s que a s\u00ed mismo. Testimonio de ello de ese no pensar en \u00e9l, fue su firme valor de estar en su consulta para atendernos hasta la \u00faltima hora. As\u00ed era Eduardo\u2026. El Dr. Valenzuela\u2026 el que dej\u00f3 honores y reconocimientos como uno de los mejores cirujanos de Chile. Renunci\u00f3 a importantes cargos por estar con nosotros\u2026 en un pueblo que seguramente no escoger\u00edan para vivir los hombres de fama o de fortuna. Esos rasgos de su humildad y ejemplar caridad ser\u00edan tema para un libro, para una biograf\u00eda de los bosques que lo habitaban\u2026 y tambi\u00e9n para hablar de sus manos, de sus prodigiosas manos que pon\u00edan en obra el poder de Dios entre nosotros. Porque esa sabidur\u00eda y seguridad que pose\u00edan no viene del hombre ni de la ciencia. Sus manos fueron capaces de tantos milagros, de tantas curaciones y cicatrizaciones. Ten\u00eda que morir como la semilla para transformarse en imperecedero y viviente ejemplo, en ense\u00f1anza viva, al igual que la del Maestro de Galilea, otro Se\u00f1or de prodigiosas manos, que tambi\u00e9n estuvo entre nosotros para darnos su vida y del que Eduardo hered\u00f3 ese santo poder de la compasi\u00f3n.<br \/>\nHoy a una ya eternidad de su muerte, mientras camino por los recuerdos y contemplo lo que de \u00e9l queda en el aire, el tiempo, el cielo o la tierra, siento que son unas pocas palabras verdaderas.<br \/>\n\u2026Ahora que palpamos nuestra invalidez y desamparo, ahora que no est\u00e1, y es un nombre lo que de \u00e9l queda, un recuerdo junto a una l\u00e1pida, un \u00e1rbol o la silla de su casa donde acostumbraba a sentarse, un nombre al que nos acercamos con el recogimiento que provoca la verdad, la fe de vida y la esperanza, recurrimos en el nombre del pueblo de San Felipe, al Alcalde, Patricio Freire Canto, para pedir que los lugares que fueron suyos, por los que \u00e9l m\u00e1s transit\u00f3 y eran como la sede de su vocaci\u00f3n de amor, el Hospital San Camilo en la avenida Miraflores y su hogar muy cercano a ella, lleve su nombre. Ser\u00eda como un m\u00ednimo reconocimiento, un \u00faltimo homenaje de memoria viva e imperecedera y de gratitud que la ciudad rinde a quien fuera uno de sus m\u00e1s preclaros hijos, y que tan generosamente dio su vida por todos nosotros.<\/p>\n<p><strong>por\u00a0Olga Lolas Nazrala<\/strong><\/p>\n","protected":false},"excerpt":{"rendered":"<p>No est\u00e1 Eduardo\u2026 se nos fue\u2026 \u00bfSaben ustedes, el pueblo de San Felipe, lo que es eso? Vienen los d\u00edas y los d\u00edas, uno tras otro y el vac\u00edo crece y la&#8230;<\/p>\n","protected":false},"author":1,"featured_media":79887,"comment_status":"open","ping_status":"open","sticky":false,"template":"","format":"standard","meta":{"advanced_seo_description":"","jetpack_seo_html_title":"","jetpack_seo_noindex":false,"_jetpack_memberships_contains_paid_content":false,"footnotes":""},"categories":[37],"tags":[],"class_list":["post-79886","post","type-post","status-publish","format-standard","has-post-thumbnail","hentry","category-sin-categoria"],"jetpack_featured_media_url":"https:\/\/i0.wp.com\/eltrabajo.cl\/portal\/wp-content\/uploads\/2017\/06\/DocEduardoValenzuela3-1.jpg?fit=580%2C349&ssl=1","jetpack_sharing_enabled":true,"jetpack_likes_enabled":true,"jetpack-related-posts":[],"_links":{"self":[{"href":"https:\/\/eltrabajo.cl\/portal\/wp-json\/wp\/v2\/posts\/79886","targetHints":{"allow":["GET"]}}],"collection":[{"href":"https:\/\/eltrabajo.cl\/portal\/wp-json\/wp\/v2\/posts"}],"about":[{"href":"https:\/\/eltrabajo.cl\/portal\/wp-json\/wp\/v2\/types\/post"}],"author":[{"embeddable":true,"href":"https:\/\/eltrabajo.cl\/portal\/wp-json\/wp\/v2\/users\/1"}],"replies":[{"embeddable":true,"href":"https:\/\/eltrabajo.cl\/portal\/wp-json\/wp\/v2\/comments?post=79886"}],"version-history":[{"count":0,"href":"https:\/\/eltrabajo.cl\/portal\/wp-json\/wp\/v2\/posts\/79886\/revisions"}],"wp:featuredmedia":[{"embeddable":true,"href":"https:\/\/eltrabajo.cl\/portal\/wp-json\/wp\/v2\/media\/79887"}],"wp:attachment":[{"href":"https:\/\/eltrabajo.cl\/portal\/wp-json\/wp\/v2\/media?parent=79886"}],"wp:term":[{"taxonomy":"category","embeddable":true,"href":"https:\/\/eltrabajo.cl\/portal\/wp-json\/wp\/v2\/categories?post=79886"},{"taxonomy":"post_tag","embeddable":true,"href":"https:\/\/eltrabajo.cl\/portal\/wp-json\/wp\/v2\/tags?post=79886"}],"curies":[{"name":"wp","href":"https:\/\/api.w.org\/{rel}","templated":true}]}}